{"id":32096,"date":"2022-07-15T13:09:08","date_gmt":"2022-07-15T13:09:08","guid":{"rendered":"http:\/\/historiografija.hr\/?p=32096"},"modified":"2022-07-15T13:09:08","modified_gmt":"2022-07-15T13:09:08","slug":"vjesnik-dalmatinskih-arhiva-izvori-i-prilozi-za-povijest-dalmacije","status":"publish","type":"post","link":"https:\/\/historiografija.hr\/?p=32096","title":{"rendered":"\u201cVjesnik dalmatinskih arhiva \u2013 Izvori i prilozi za povijest Dalmacije\u201d"},"content":{"rendered":"\n<p><em>\u201cVjesnik dalmatinskih arhiva \u2013 izvori i prilozi za povijest Dalmacije<\/em>\u00a0periodi\u010dka je publikacija koju su 2020. godine pokrenuli Dr\u017eavni arhivi u Dubrovniku, Splitu, \u0160ibeniku i Zadru. Namijenjena je objavljivanju priloga s podru\u010dja arhivske teorije i prakse, historiografije i pomo\u0107nih povijesnih znanosti, te priloga nastalih u okviru suvremenih informacijskih znanosti, koji se odnose na podru\u010dje povijesne i dana\u0161nje Dalmacije. Na ure\u0111ivanju pojedinog broja arhivi se cikli\u010dki izmjenjuju.\u201d<\/p>\n\n\n\n<hr class=\"wp-block-separator\"\/>\n\n\n\n<p>Dosad su objavljeni svezak 1( 2020) i svezak 2 (2021)<\/p>\n\n\n\n<hr class=\"wp-block-separator\"\/>\n\n\n\n<p>Op\u0161irnije:<\/p>\n\n\n\n<p><a href=\"https:\/\/vda.hr\/\">https:\/\/vda.hr\/<\/a><\/p>\n\n\n\n<hr class=\"wp-block-separator\"\/>\n","protected":false},"excerpt":{"rendered":"","protected":false},"author":2,"featured_media":32097,"comment_status":"open","ping_status":"open","sticky":false,"template":"","format":"standard","meta":{"_acf_changed":false,"jetpack_post_was_ever_published":false,"_jetpack_newsletter_access":"","_jetpack_dont_email_post_to_subs":false,"_jetpack_newsletter_tier_id":0,"_jetpack_memberships_contains_paywalled_content":false,"_jetpack_memberships_contains_paid_content":false,"footnotes":"","jetpack_publicize_message":"","jetpack_publicize_feature_enabled":true,"jetpack_social_post_already_shared":true,"jetpack_social_options":{"image_generator_settings":{"template":"highway","default_image_id":0,"font":"","enabled":false},"version":2}},"categories":[21,3],"tags":[],"class_list":["post-32096","post","type-post","status-publish","format-standard","has-post-thumbnail","hentry","category-casopisi","category-novosti"],"acf":{"facebook_opis":""},"jetpack_publicize_connections":[],"jetpack_featured_media_url":"https:\/\/i0.wp.com\/historiografija.hr\/wp-content\/uploads\/2022\/07\/Vjesnik-2020.jpg?fit=1012%2C1407&ssl=1","jetpack_sharing_enabled":true,"jetpack-related-posts":[],"_links":{"self":[{"href":"https:\/\/historiografija.hr\/index.php?rest_route=\/wp\/v2\/posts\/32096","targetHints":{"allow":["GET"]}}],"collection":[{"href":"https:\/\/historiografija.hr\/index.php?rest_route=\/wp\/v2\/posts"}],"about":[{"href":"https:\/\/historiografija.hr\/index.php?rest_route=\/wp\/v2\/types\/post"}],"author":[{"embeddable":true,"href":"https:\/\/historiografija.hr\/index.php?rest_route=\/wp\/v2\/users\/2"}],"replies":[{"embeddable":true,"href":"https:\/\/historiografija.hr\/index.php?rest_route=%2Fwp%2Fv2%2Fcomments&post=32096"}],"version-history":[{"count":1,"href":"https:\/\/historiografija.hr\/index.php?rest_route=\/wp\/v2\/posts\/32096\/revisions"}],"predecessor-version":[{"id":32098,"href":"https:\/\/historiografija.hr\/index.php?rest_route=\/wp\/v2\/posts\/32096\/revisions\/32098"}],"wp:featuredmedia":[{"embeddable":true,"href":"https:\/\/historiografija.hr\/index.php?rest_route=\/wp\/v2\/media\/32097"}],"wp:attachment":[{"href":"https:\/\/historiografija.hr\/index.php?rest_route=%2Fwp%2Fv2%2Fmedia&parent=32096"}],"wp:term":[{"taxonomy":"category","embeddable":true,"href":"https:\/\/historiografija.hr\/index.php?rest_route=%2Fwp%2Fv2%2Fcategories&post=32096"},{"taxonomy":"post_tag","embeddable":true,"href":"https:\/\/historiografija.hr\/index.php?rest_route=%2Fwp%2Fv2%2Ftags&post=32096"}],"curies":[{"name":"wp","href":"https:\/\/api.w.org\/{rel}","templated":true}]}}