{"id":32083,"date":"2022-07-14T08:14:52","date_gmt":"2022-07-14T08:14:52","guid":{"rendered":"http:\/\/historiografija.hr\/?p=32083"},"modified":"2022-07-14T08:14:52","modified_gmt":"2022-07-14T08:14:52","slug":"srecko-matko-dzaja-trn-s-kupreske-visoravni-fragmenti-sjecanja","status":"publish","type":"post","link":"https:\/\/historiografija.hr\/?p=32083","title":{"rendered":"Sre\u0107ko Matko D\u017eaja, \u201cTrn s Kupre\u0161ke visoravni. Fragmenti sje\u0107anja\u201d"},"content":{"rendered":"\n<p>Ugledni hrvatski povjesni\u010dar s inozemnom karijerom Sre\u0107ko M. D\u017eaja (1935) u svojim je autobiografskim zapisima <em>Trn s Kupre\u0161ke visoravni<\/em> opisao svoj \u017eivot, \u0161kolovanje, sazrijevanje i znanstveni uspon \u2013 postaje \u017eivotnoga puta koje su ga vodile od rodnog Kupresa do bavarske prijestolnice, u kojoj je do\u017eivio punu znanstvenu afirmaciju. D\u017eajini otvoreni i pronicavi \u201efragmenti sje\u0107anja\u201c dojmljiv su portret prostora i vremena, a napose franjeva\u010dke sredine u Bosni i Hercegovini u drugoj polovici 20. stolje\u0107a.<\/p>\n\n\n\n<p>\u201eVe\u0107 sam u ranom djetinjstvu bio suo\u010den s gubitkom doma, oca i zavi\u010daja, pa sam se u \u017eivotnim da\u0107ama i neda\u0107ama sve vi\u0161e po\u010deo pona\u0161ati poput kupre\u0161koga trna \u2013 bodljikama sam \u0161titio svoju individualnost, druge dr\u017eao na distanci i kretao se po rubovima institucija; pazio da me ne &#8216;popasu&#8217; i na koncu se na\u0161ao u polo\u017eaju institucionalnog autsajdera.<\/p>\n\n\n\n<p>Razmi\u0161ljaju\u0107i o svojemu \u017eivotu, po\u010deo sam praviti zabilje\u0161ke kojima sam najprije namjeravao dati naslov <em>Autsajderski zapisi<\/em>. Tijekom daljnjih razmi\u0161ljanja postajalo mi je sve jasnije da je na\u0161e pam\u0107enje manje-vi\u0161e isprekidano, fragmentarno, pa me zaintrigirao naslov <em>Fragmenti sje\u0107anja<\/em>.<\/p>\n\n\n\n<p>U brojnim i ponekad dugim razgovorima moja supruga i ja pri\u010dali smo o zgodama i nezgodama iz vlastitih \u017eivota, a prepri\u010davali smo i zajedni\u010dke do\u017eivljaje. U tim prepri\u010davanjima trn s Kupre\u0161ke visoravni sve je \u010de\u0161\u0107e spominjan, dok jednom supruga Gertraud nije do\u0161la na pomisao da upravo tu metaforu stavim kao naslov svojim zapisima.\u201c (iz Predgovora)<\/p>\n\n\n\n<hr class=\"wp-block-separator\"\/>\n\n\n\n<p>Biblioteka Notes, glavni urednik Luka \u0160eput, izvr\u0161na urednica Vesna Zednik, likovni urednik \u017deljko Podore\u0161ki, grafi\u010dki urednik Pavao Damjanovi\u0107, tisak Sveu\u010dili\u0161na tiskara d.o.o.<\/p>\n\n\n\n<hr class=\"wp-block-separator\"\/>\n\n\n\n<p><strong>Sre\u0107ko Matko D\u017eaja<\/strong><\/p>\n\n\n\n<p>Hrvatski povjesni\u010dar (Gornji Malovan kraj Kupresa, BiH, 29. X. 1935). Bogosloviju studirao 1956\u201360. u Sarajevu i 1962\u201364. u Zagrebu, gdje je na Katoli\u010dkome bogoslovnom fakultetu 1971. doktorirao. U franjeva\u010dki red stupio 1953., za sve\u0107enika zare\u0111en 1962. Studirao povijest, slavensku filologiju i filozofiju na Sveu\u010dili\u0161tu u M\u00fcnchenu, te 1983. doktorirao filozofiju 1983. Od 1990. radi kao znanstveni suradnik pri Katedri za povijest isto\u010dne i jugoisto\u010dne Europe te na S\u00fcdost-Institutu u M\u00fcnchenu. U ve\u0107ini svojih radova bavi se istra\u017eivanjem povijesnih zbivanja na prostoru Bosne i Hercegovine. Glavna djela: <em>Katolici u Bosni i zapadnoj Hercegovini na prijelazu iz 18. u 19. stolje\u0107e<\/em> (1971), <em>Konfesionalnost i nacionalnost Bosne i Hercegovine<\/em> (<em>Konfessionalit\u00e4t und Nationalit\u00e4t Bosniens und der Herzegowina<\/em>, 1984; hrvatski prijevod 1992), <em>Bosna i Hercegovina u austro-ugarskom razdoblju<\/em> (1878\u20131918) (<em>Bosnien-Herzegowina in der oesterreichisch-ungarischen Epoche<\/em> (1878\u20131919), 1994, 2002) i <em>Politi\u010dka realnost jugoslavenstva: (1918-1991): s posebnim osvrtom na Bosnu i Hercegovinu<\/em> (2004).<\/p>\n\n\n\n<hr class=\"wp-block-separator\"\/>\n\n\n\n<ul class=\"wp-block-list\"><li>biblioteka: NOTES<\/li><li>cijena: 120,00 kn<\/li><li>broj stranica: 175<\/li><li>uvez: uvez bro\u0161iran i pro\u0161iven<\/li><li>dimenzije: 14 x 21 cm<\/li><li>godina izdanja: 2022.<\/li><li>izdava\u010d: Matica hrvatska<\/li><li>mjesto: Zagreb<\/li><li>ISBN: 978-953-341-229-0<\/li><li>podru\u010dje: autobiografije i biografije, esejistika<\/li><\/ul>\n\n\n\n<hr class=\"wp-block-separator\"\/>\n\n\n\n<p><strong>PDF-ovi:<\/strong><\/p>\n\n\n\n<p>&nbsp;&nbsp;&nbsp; Sadr\u017eaj (43,6 KB)<\/p>\n\n\n\n<p>\u00a0\u00a0\u00a0 Kupre\u0161ka visoravan: Mala Mongolija (1,5 MB)<\/p>\n\n\n\n<hr class=\"wp-block-separator\"\/>\n\n\n\n<p>Izvor:<\/p>\n\n\n\n<p><a href=\"https:\/\/www.matica.hr\/knjige\/1396\/\">https:\/\/www.matica.hr\/knjige\/1396\/<\/a><\/p>\n\n\n\n<hr class=\"wp-block-separator\"\/>\n","protected":false},"excerpt":{"rendered":"","protected":false},"author":2,"featured_media":32084,"comment_status":"open","ping_status":"open","sticky":false,"template":"","format":"standard","meta":{"_acf_changed":false,"jetpack_post_was_ever_published":false,"_jetpack_newsletter_access":"","_jetpack_dont_email_post_to_subs":false,"_jetpack_newsletter_tier_id":0,"_jetpack_memberships_contains_paywalled_content":false,"_jetpack_memberships_contains_paid_content":false,"footnotes":"","jetpack_publicize_message":"","jetpack_publicize_feature_enabled":true,"jetpack_social_post_already_shared":true,"jetpack_social_options":{"image_generator_settings":{"template":"highway","default_image_id":0,"font":"","enabled":false},"version":2}},"categories":[8,3],"tags":[],"class_list":["post-32083","post","type-post","status-publish","format-standard","has-post-thumbnail","hentry","category-knjige","category-novosti"],"acf":{"facebook_opis":""},"jetpack_publicize_connections":[],"jetpack_featured_media_url":"https:\/\/i0.wp.com\/historiografija.hr\/wp-content\/uploads\/2022\/07\/trn-s-kupreske-visoravni.jpeg?fit=300%2C450&ssl=1","jetpack_sharing_enabled":true,"jetpack-related-posts":[],"_links":{"self":[{"href":"https:\/\/historiografija.hr\/index.php?rest_route=\/wp\/v2\/posts\/32083","targetHints":{"allow":["GET"]}}],"collection":[{"href":"https:\/\/historiografija.hr\/index.php?rest_route=\/wp\/v2\/posts"}],"about":[{"href":"https:\/\/historiografija.hr\/index.php?rest_route=\/wp\/v2\/types\/post"}],"author":[{"embeddable":true,"href":"https:\/\/historiografija.hr\/index.php?rest_route=\/wp\/v2\/users\/2"}],"replies":[{"embeddable":true,"href":"https:\/\/historiografija.hr\/index.php?rest_route=%2Fwp%2Fv2%2Fcomments&post=32083"}],"version-history":[{"count":1,"href":"https:\/\/historiografija.hr\/index.php?rest_route=\/wp\/v2\/posts\/32083\/revisions"}],"predecessor-version":[{"id":32085,"href":"https:\/\/historiografija.hr\/index.php?rest_route=\/wp\/v2\/posts\/32083\/revisions\/32085"}],"wp:featuredmedia":[{"embeddable":true,"href":"https:\/\/historiografija.hr\/index.php?rest_route=\/wp\/v2\/media\/32084"}],"wp:attachment":[{"href":"https:\/\/historiografija.hr\/index.php?rest_route=%2Fwp%2Fv2%2Fmedia&parent=32083"}],"wp:term":[{"taxonomy":"category","embeddable":true,"href":"https:\/\/historiografija.hr\/index.php?rest_route=%2Fwp%2Fv2%2Fcategories&post=32083"},{"taxonomy":"post_tag","embeddable":true,"href":"https:\/\/historiografija.hr\/index.php?rest_route=%2Fwp%2Fv2%2Ftags&post=32083"}],"curies":[{"name":"wp","href":"https:\/\/api.w.org\/{rel}","templated":true}]}}