{"id":32069,"date":"2022-07-13T16:35:00","date_gmt":"2022-07-13T16:35:00","guid":{"rendered":"http:\/\/historiografija.hr\/?p=32069"},"modified":"2022-07-13T16:36:20","modified_gmt":"2022-07-13T16:36:20","slug":"izlozba-zavod-za-hrvatsku-povijest-1971-2021-na-filozofskom-fakultetu-u-zagrebu","status":"publish","type":"post","link":"https:\/\/historiografija.hr\/?p=32069","title":{"rendered":"Izlo\u017eba \u201cZavod za hrvatsku povijest 1971.-2021.\u201d na Filozofskom fakultetu u Zagrebu"},"content":{"rendered":"\n<p>U svibnju 2022. godine u Nacionalnoj i sveu\u010dili\u0161noj knji\u017enici u Zagrebu, u sklopu Festivala povijesti Kliofest, otvorena je izlo\u017eba o Zavodu za hrvatsku povijest povodom pedesete obljetnice njegova osnivanja. Izlo\u017ebu su otvorile Branka Boban, Silvija Pisk i Zvjezdana Sikiri\u0107-Assouline. Iako je sama obljetnica bila 2021. godine, zbog pandemijskih uvjeta obilje\u017eavanje je odgo\u0111eno za bolja vremena.<\/p>\n\n\n\n<p>Izlo\u017eba je nastala na inicijativu Odsjeka za povijest Filozofskog fakulteta u Zagrebu koji je i danas patron Zavoda. \u017delja je bila prezentirati bogatu ostav\u0161tinu i povijest Zavoda, kao jednog od tada temeljnih stupova razvoja suvremene hrvatske historiografije. Dodatan razlog je svakako i to \u0161to je velik broj aktivnih profesora na Odsjeku svoj historiografski put zapo\u010deo upravo u Zavodu za hrvatsku povijest. &nbsp;<\/p>\n\n\n\n<p>U deset izlo\u017ebenih plakata prikazana je djelatnost Zavoda, zaslu\u017eni pojedinci i zanimljive anegdote koje su obilje\u017eile njegovu povijest. Tako su se mnogi prisjetili nekad najproduktivnijeg znanstvenog instituta u Hrvatskoj, a novije generacije povjesni\u010dara su upoznale poznata lica s naslovnica njihove ispitne literature.<\/p>\n\n\n\n<p>Nakon otvaranja izlo\u017ebe u NSK, te zavr\u0161etka Kliofesta, izlo\u017eba je preba\u010dena na Filozofski fakultet u Zagrebu gdje u stalnom postavu izme\u0111u dvorane A-201 i dvorane Mirjane Gross (A-202) svakodnevno podsje\u0107a sve nas zbog \u010dega se bavimo zanatom povjesni\u010dara. Izlo\u017eba je ujedno podsjetnik i na to kako su izgledali po\u010detni radovi na tada jo\u0161 uvijek nedovoljno razvijenom polju historijske znanosti. Na istom polju na kojem su svojim znanjem i historiografskim alatima vremenom etablirali nove metodolo\u0161ke postavke i istra\u017eiva\u010dke doprinose te ih zatim prenosili budu\u0107im generacijama.<\/p>\n\n\n\n<p>Ljubo Boban, Mirjana Gross, Mate Sui\u0107, Ivan Kampu\u0161, Igor Karaman, Ljubo Doklesti\u0107 i ostali zaslu\u017eni osniva\u010di Zavoda su tako ponovno s nama pro\u0161etali fakultetskim hodnicima koji \u017eivot zna\u010de, te nas gledaju svakog dana. Pogledima smiruju studente pred stresne ispite, a njihove rije\u010di daju im nadu da \u0107e i sami jednog dana pisati o povijesti.<\/p>\n\n\n\n<p><strong>Ante Lepur<\/strong><\/p>\n\n\n\n<p>student povijesti<\/p>\n\n\n\n<p>Filozofski fakultet u Zagrebu<\/p>\n\n\n\n<hr class=\"wp-block-separator\"\/>\n\n\n\n<p>Fotografije:<\/p>\n\n\n\n<p><strong>Zbirka za povijest &#8211; FFZG<\/strong><\/p>\n\n\n\n<p><a href=\"https:\/\/www.facebook.com\/drugi.kat.sna\/\">https:\/\/www.facebook.com\/drugi.kat.sna\/<\/a><\/p>\n\n\n\n<hr class=\"wp-block-separator\"\/>\n\n\n\n<p><strong>Izlo\u017eba na Kliofestu:<\/strong><\/p>\n\n\n\n<figure class=\"wp-block-embed-wordpress wp-block-embed is-type-wp-embed is-provider-historiografija-hr\"><div class=\"wp-block-embed__wrapper\">\n<blockquote class=\"wp-embedded-content\" data-secret=\"9ASZkaD6hw\"><a href=\"https:\/\/historiografija.hr\/?p=31270\">Festival povijesti &#8211; Kliofest 2022: Izlo\u017eba \u201cZavod za hrvatsku povijest 1971.-2021.\u201d<\/a><\/blockquote><iframe loading=\"lazy\" class=\"wp-embedded-content\" sandbox=\"allow-scripts\" security=\"restricted\" style=\"position: absolute; clip: rect(1px, 1px, 1px, 1px);\" title=\"&#8220;Festival povijesti &#8211; Kliofest 2022: Izlo\u017eba \u201cZavod za hrvatsku povijest 1971.-2021.\u201d&#8221; &#8212; Historiografija.hr\" src=\"https:\/\/historiografija.hr\/?p=31270&#038;embed=true#?secret=9ASZkaD6hw\" data-secret=\"9ASZkaD6hw\" width=\"600\" height=\"338\" frameborder=\"0\" marginwidth=\"0\" marginheight=\"0\" scrolling=\"no\"><\/iframe>\n<\/div><\/figure>\n\n\n\n<hr class=\"wp-block-separator\"\/>\n","protected":false},"excerpt":{"rendered":"","protected":false},"author":2,"featured_media":32070,"comment_status":"open","ping_status":"open","sticky":false,"template":"","format":"standard","meta":{"_acf_changed":false,"jetpack_post_was_ever_published":false,"_jetpack_newsletter_access":"","_jetpack_dont_email_post_to_subs":false,"_jetpack_newsletter_tier_id":0,"_jetpack_memberships_contains_paywalled_content":false,"_jetpack_memberships_contains_paid_content":false,"footnotes":"","jetpack_publicize_message":"","jetpack_publicize_feature_enabled":true,"jetpack_social_post_already_shared":true,"jetpack_social_options":{"image_generator_settings":{"template":"highway","default_image_id":0,"font":"","enabled":false},"version":2}},"categories":[10,3],"tags":[],"class_list":["post-32069","post","type-post","status-publish","format-standard","has-post-thumbnail","hentry","category-izlozbe","category-novosti"],"acf":{"facebook_opis":""},"jetpack_publicize_connections":[],"jetpack_featured_media_url":"https:\/\/i0.wp.com\/historiografija.hr\/wp-content\/uploads\/2022\/07\/Izlozba-Zavod.jpg?fit=960%2C540&ssl=1","jetpack_sharing_enabled":true,"jetpack-related-posts":[],"_links":{"self":[{"href":"https:\/\/historiografija.hr\/index.php?rest_route=\/wp\/v2\/posts\/32069","targetHints":{"allow":["GET"]}}],"collection":[{"href":"https:\/\/historiografija.hr\/index.php?rest_route=\/wp\/v2\/posts"}],"about":[{"href":"https:\/\/historiografija.hr\/index.php?rest_route=\/wp\/v2\/types\/post"}],"author":[{"embeddable":true,"href":"https:\/\/historiografija.hr\/index.php?rest_route=\/wp\/v2\/users\/2"}],"replies":[{"embeddable":true,"href":"https:\/\/historiografija.hr\/index.php?rest_route=%2Fwp%2Fv2%2Fcomments&post=32069"}],"version-history":[{"count":3,"href":"https:\/\/historiografija.hr\/index.php?rest_route=\/wp\/v2\/posts\/32069\/revisions"}],"predecessor-version":[{"id":32073,"href":"https:\/\/historiografija.hr\/index.php?rest_route=\/wp\/v2\/posts\/32069\/revisions\/32073"}],"wp:featuredmedia":[{"embeddable":true,"href":"https:\/\/historiografija.hr\/index.php?rest_route=\/wp\/v2\/media\/32070"}],"wp:attachment":[{"href":"https:\/\/historiografija.hr\/index.php?rest_route=%2Fwp%2Fv2%2Fmedia&parent=32069"}],"wp:term":[{"taxonomy":"category","embeddable":true,"href":"https:\/\/historiografija.hr\/index.php?rest_route=%2Fwp%2Fv2%2Fcategories&post=32069"},{"taxonomy":"post_tag","embeddable":true,"href":"https:\/\/historiografija.hr\/index.php?rest_route=%2Fwp%2Fv2%2Ftags&post=32069"}],"curies":[{"name":"wp","href":"https:\/\/api.w.org\/{rel}","templated":true}]}}