{"id":32061,"date":"2022-07-12T12:54:43","date_gmt":"2022-07-12T12:54:43","guid":{"rendered":"http:\/\/historiografija.hr\/?p=32061"},"modified":"2022-07-12T12:54:43","modified_gmt":"2022-07-12T12:54:43","slug":"project-presentation-microstructures-of-yugoslav-socialism-croatia-1970-1990-microsocialism","status":"publish","type":"post","link":"https:\/\/historiografija.hr\/?p=32061","title":{"rendered":"Project Presentation &#8220;Microstructures of Yugoslav Socialism: Croatia 1970\u20141990 (Microsocialism)&#8221;"},"content":{"rendered":"\n<p>IOS Regensburg &#8211; 13.07.2022 10:00 Uhr Hybrid: IOS (Raum 017) und Online Vortr\u00e4ge<\/p>\n\n\n\n<p>Project presentation on case studies of Microsocialism in Croatia from 1970\u20141990.<\/p>\n\n\n\n<p>Microsocialism is a four-year research project financed by the Croatian Science Foundation (HRZZ) and hosted by the Centre for Cultural and Historical Research of Socialism (CKPIS), Juraj Dobrila University of Pula. The research team is focusing on eight different themes placed in various local contexts. The case studies unravel the functioning of late Yugoslav self-managed socialism through an examination of social relations and structures as seen through the lens of social, cultural, economic and political history. The attention is particularly set on citizens in the local communities, protection of self-management, security system, local media, organisations of associated labour, cultural creativity and participation, women&#8217;s activism, and war veterans.<\/p>\n\n\n\n<p><br><strong>Program:<\/strong><\/p>\n\n\n\n<ul class=\"wp-block-list\"><li>Igor Duda: Introduction<\/li><li>Sa\u0161a Vejzagi\u0107: \u201cManaging a large industrial system and formation of local markets in the 1970s Yugoslavia\u201d<\/li><li>Anita Buhin: \u201c\u2019Culture as the substance and the way of life and work\u2019: the example of two factories\u201d<\/li><li>Chiara Bonfiglioli (online): \u201cState socialist women&#8217;s organisations and their activism on health and contraception\u201d<\/li><li>Tina Filipovi\u0107: \u201cSocial welfare policy and benefits for partisan veterans in late socialist municipalities\u201d<\/li><li>Magda Najbar-Agi\u010di\u0107 (online): \u201cLocal media in socialism: politics and community\u201d<\/li><li>Igor Duda: \u201cWishes, needs or deeds? Financing of local communities in Yugoslavia from the 1960s to the 1980s\u201d<\/li><\/ul>\n\n\n\n<p>The presentation takes place hybrid via\u00a0Zoom (Meeting-ID: 691 9047 7871, Passcode: 375569)<\/p>\n\n\n\n<hr class=\"wp-block-separator\"\/>\n\n\n\n<p><a href=\"https:\/\/leibniz-ios.de\/fileadmin\/mediamanager\/009_veranstaltungen\/02_dokumente\/2022\/Mikrosocialism_presentation_13.7.2022.pdf\">Presentation Program (PDF 202 kB)<\/a><\/p>\n\n\n\n<p><a href=\"https:\/\/ios-regensburg-de.zoom.us\/j\/69190477871?pwd=Y2tnNkFWRVRvWUN4WVRtQVNuYXU1dz09#success\">ZOOM-Link<\/a><\/p>\n\n\n\n<hr class=\"wp-block-separator\"\/>\n\n\n\n<p><a href=\"https:\/\/leibniz-ios.de\/veranstaltungen\/detail\/microstructures-of-yugoslav-socialism-croatia-1970-1990-microsocialism\">https:\/\/leibniz-ios.de\/veranstaltungen\/detail\/microstructures-of-yugoslav-socialism-croatia-1970-1990-microsocialism<\/a><\/p>\n\n\n\n<hr class=\"wp-block-separator\"\/>\n","protected":false},"excerpt":{"rendered":"","protected":false},"author":2,"featured_media":32062,"comment_status":"open","ping_status":"open","sticky":false,"template":"","format":"standard","meta":{"_acf_changed":false,"_jetpack_newsletter_access":"","_jetpack_dont_email_post_to_subs":false,"_jetpack_newsletter_tier_id":0,"_jetpack_memberships_contains_paywalled_content":false,"_jetpack_memberships_contains_paid_content":false,"footnotes":"","jetpack_publicize_message":"","jetpack_publicize_feature_enabled":true,"jetpack_social_post_already_shared":true,"jetpack_social_options":{"image_generator_settings":{"template":"highway","default_image_id":0,"font":"","enabled":false},"version":2},"jetpack_post_was_ever_published":false},"categories":[3],"tags":[],"class_list":["post-32061","post","type-post","status-publish","format-standard","has-post-thumbnail","hentry","category-novosti"],"acf":{"facebook_opis":""},"jetpack_publicize_connections":[],"jetpack_featured_media_url":"https:\/\/i0.wp.com\/historiografija.hr\/wp-content\/uploads\/2022\/07\/IOS_2022.jpg?fit=526%2C680&ssl=1","jetpack_sharing_enabled":true,"jetpack-related-posts":[{"id":54962,"url":"https:\/\/historiografija.hr\/?p=54962","url_meta":{"origin":32061,"position":0},"title":"Branka Bogdan, &#8220;The New Yugoslav Woman: Reproductive Regulation in Socialist Yugoslavia&#8221;","author":"Branimir Jankovi\u0107","date":"13. kolovoza 2026.","format":false,"excerpt":"From 1945 to 1989, the Yugoslav state connected its claims of progressive politics and gender equality to its support of free healthcare, sex education and contraception, and laws that supported reproductive choice. Yugoslav men and women internalized these messages, proclaiming their homeland's superior care for its citizens in comparison to\u2026","rel":"","context":"U &quot;Knjige&quot;","block_context":{"text":"Knjige","link":"https:\/\/historiografija.hr\/?cat=8"},"img":{"alt_text":"","src":"https:\/\/i0.wp.com\/historiografija.hr\/wp-content\/uploads\/2026\/08\/Bogdan.jpg?fit=596%2C477&ssl=1&resize=350%2C200","width":350,"height":200,"srcset":"https:\/\/i0.wp.com\/historiografija.hr\/wp-content\/uploads\/2026\/08\/Bogdan.jpg?fit=596%2C477&ssl=1&resize=350%2C200 1x, https:\/\/i0.wp.com\/historiografija.hr\/wp-content\/uploads\/2026\/08\/Bogdan.jpg?fit=596%2C477&ssl=1&resize=525%2C300 1.5x"},"classes":[]},{"id":52516,"url":"https:\/\/historiografija.hr\/?p=52516","url_meta":{"origin":32061,"position":1},"title":"Marko Grde\u0161i\u0107, Mislav \u017ditko, \u201eSocialist Economics in Yugoslavia: A Critical History\u201c","author":"Branimir Jankovi\u0107","date":"17. travnja 2026.","format":false,"excerpt":"This book presents a critical history of Yugoslav socialist economics, from its inception in the late 1940s to its dissolution in the late 1980s. After the dramatic break with the Soviet Union in 1948, Yugoslavia found itself in urgent need of a third way: A socialist trajectory which would not\u2026","rel":"","context":"U &quot;Knjige&quot;","block_context":{"text":"Knjige","link":"https:\/\/historiografija.hr\/?cat=8"},"img":{"alt_text":"","src":"https:\/\/i0.wp.com\/historiografija.hr\/wp-content\/uploads\/2026\/04\/Zitko_Grdesic.jpg?fit=350%2C535&ssl=1&resize=350%2C200","width":350,"height":200},"classes":[]},{"id":54487,"url":"https:\/\/historiografija.hr\/?p=54487","url_meta":{"origin":32061,"position":2},"title":"Workshop &#8220;Experts in Transition: Political Epistemologies of 1980s\u20132000s East Central Europe&#8221;","author":"Branimir Jankovi\u0107","date":"7. srpnja 2026.","format":false,"excerpt":"On July 9\u201310, 2026, the Institute of Contemporary History in Ljubljana will host the international workshop: Experts in Transition: Political Epistemologies of 1980s\u20132000s East Central Europe The workshop is open to the public and to interested scholars. If you are planning to participate, please write to Adela H\u00eencu \u2013 adela.hincu@inz.si\u2026","rel":"","context":"U &quot;Novosti&quot;","block_context":{"text":"Novosti","link":"https:\/\/historiografija.hr\/?cat=3"},"img":{"alt_text":"","src":"https:\/\/i0.wp.com\/historiografija.hr\/wp-content\/uploads\/2026\/07\/01-INZ-logo-21-RGB-SLO_RGB.png?fit=685%2C291&ssl=1&resize=350%2C200","width":350,"height":200,"srcset":"https:\/\/i0.wp.com\/historiografija.hr\/wp-content\/uploads\/2026\/07\/01-INZ-logo-21-RGB-SLO_RGB.png?fit=685%2C291&ssl=1&resize=350%2C200 1x, https:\/\/i0.wp.com\/historiografija.hr\/wp-content\/uploads\/2026\/07\/01-INZ-logo-21-RGB-SLO_RGB.png?fit=685%2C291&ssl=1&resize=525%2C300 1.5x"},"classes":[]},{"id":52580,"url":"https:\/\/historiografija.hr\/?p=52580","url_meta":{"origin":32061,"position":3},"title":"Conference &#8220;Living in the aftermaths: Trauma, politics and survival in Yugoslavia and successor states, 1945 \u2013 present&#8221;","author":"Branimir Jankovi\u0107","date":"21. travnja 2026.","format":false,"excerpt":"The conference aims to explore how war-related psychological distress was experienced, narrated, debated and reframed in Yugoslavia in the second half of the twentieth century. It asks how the theme of wounded psyche and wartime suffering was addressed and acknowledged in political, psychiatric and broader cultural discourses of socialist Yugoslavia,\u2026","rel":"","context":"U &quot;Novosti&quot;","block_context":{"text":"Novosti","link":"https:\/\/historiografija.hr\/?cat=3"},"img":{"alt_text":"","src":"https:\/\/i0.wp.com\/historiografija.hr\/wp-content\/uploads\/2026\/04\/Battle_of_Neretva_Picasso_poster-Conference-Living-in-the-aftermaths.webp?fit=564%2C954&ssl=1&resize=350%2C200","width":350,"height":200,"srcset":"https:\/\/i0.wp.com\/historiografija.hr\/wp-content\/uploads\/2026\/04\/Battle_of_Neretva_Picasso_poster-Conference-Living-in-the-aftermaths.webp?fit=564%2C954&ssl=1&resize=350%2C200 1x, https:\/\/i0.wp.com\/historiografija.hr\/wp-content\/uploads\/2026\/04\/Battle_of_Neretva_Picasso_poster-Conference-Living-in-the-aftermaths.webp?fit=564%2C954&ssl=1&resize=525%2C300 1.5x"},"classes":[]},{"id":53749,"url":"https:\/\/historiografija.hr\/?p=53749","url_meta":{"origin":32061,"position":4},"title":"HISTORY ON THE EDGE: THE MAKING OF WORKERS\u2019 SELF-MANAGEMENT: HOUSING DISTRIBUTION IN LATE SOCIALIST YUGOSLAVIA (MID-1970S-1980S) \u00a0","author":"Branimir Jankovi\u0107","date":"26. svibnja 2026.","format":false,"excerpt":"You are kindly invited to a new lecture in the History on the Edge series, which will take place on Wednesday, May 27, 2026, at the INZ premises or via the ZOOM link: https:\/\/us06web.zoom.us\/j\/85093074535?pwd=chFdSCgScVg8fw1djh3bVz8h9gqWtm.1 . In the new season, lectures will take place at 3 p.m. and if you will\u2026","rel":"","context":"U &quot;Novosti&quot;","block_context":{"text":"Novosti","link":"https:\/\/historiografija.hr\/?cat=3"},"img":{"alt_text":"","src":"https:\/\/i0.wp.com\/historiografija.hr\/wp-content\/uploads\/2026\/05\/ZNS_predavanja_5_27.jpg?fit=1200%2C730&ssl=1&resize=350%2C200","width":350,"height":200,"srcset":"https:\/\/i0.wp.com\/historiografija.hr\/wp-content\/uploads\/2026\/05\/ZNS_predavanja_5_27.jpg?fit=1200%2C730&ssl=1&resize=350%2C200 1x, https:\/\/i0.wp.com\/historiografija.hr\/wp-content\/uploads\/2026\/05\/ZNS_predavanja_5_27.jpg?fit=1200%2C730&ssl=1&resize=525%2C300 1.5x, https:\/\/i0.wp.com\/historiografija.hr\/wp-content\/uploads\/2026\/05\/ZNS_predavanja_5_27.jpg?fit=1200%2C730&ssl=1&resize=700%2C400 2x, https:\/\/i0.wp.com\/historiografija.hr\/wp-content\/uploads\/2026\/05\/ZNS_predavanja_5_27.jpg?fit=1200%2C730&ssl=1&resize=1050%2C600 3x"},"classes":[]},{"id":54337,"url":"https:\/\/historiografija.hr\/?p=54337","url_meta":{"origin":32061,"position":5},"title":"Online-Lecture by Sophie Momzikoff: The Yugoslav Crisis and the Russian Place in the New European Architecture","author":"Branimir Jankovi\u0107","date":"26. lipnja 2026.","format":false,"excerpt":"01.07.2026 16:00 Uhr The aim of this presentation is to show how the Yugoslav crisis served as a test for Russia\u2019s place in the post-Cold War European order. Indeed, the wars in the former Yugoslavia began just as the Russian Federation was establishing strong ties with the West. When Yugoslavia\u2026","rel":"","context":"U &quot;Novosti&quot;","block_context":{"text":"Novosti","link":"https:\/\/historiografija.hr\/?cat=3"},"img":{"alt_text":"","src":"https:\/\/i0.wp.com\/historiografija.hr\/wp-content\/uploads\/2026\/06\/photo_sophie_momzikoff.jpeg?fit=300%2C300&ssl=1&resize=350%2C200","width":350,"height":200},"classes":[]}],"_links":{"self":[{"href":"https:\/\/historiografija.hr\/index.php?rest_route=\/wp\/v2\/posts\/32061","targetHints":{"allow":["GET"]}}],"collection":[{"href":"https:\/\/historiografija.hr\/index.php?rest_route=\/wp\/v2\/posts"}],"about":[{"href":"https:\/\/historiografija.hr\/index.php?rest_route=\/wp\/v2\/types\/post"}],"author":[{"embeddable":true,"href":"https:\/\/historiografija.hr\/index.php?rest_route=\/wp\/v2\/users\/2"}],"replies":[{"embeddable":true,"href":"https:\/\/historiografija.hr\/index.php?rest_route=%2Fwp%2Fv2%2Fcomments&post=32061"}],"version-history":[{"count":1,"href":"https:\/\/historiografija.hr\/index.php?rest_route=\/wp\/v2\/posts\/32061\/revisions"}],"predecessor-version":[{"id":32063,"href":"https:\/\/historiografija.hr\/index.php?rest_route=\/wp\/v2\/posts\/32061\/revisions\/32063"}],"wp:featuredmedia":[{"embeddable":true,"href":"https:\/\/historiografija.hr\/index.php?rest_route=\/wp\/v2\/media\/32062"}],"wp:attachment":[{"href":"https:\/\/historiografija.hr\/index.php?rest_route=%2Fwp%2Fv2%2Fmedia&parent=32061"}],"wp:term":[{"taxonomy":"category","embeddable":true,"href":"https:\/\/historiografija.hr\/index.php?rest_route=%2Fwp%2Fv2%2Fcategories&post=32061"},{"taxonomy":"post_tag","embeddable":true,"href":"https:\/\/historiografija.hr\/index.php?rest_route=%2Fwp%2Fv2%2Ftags&post=32061"}],"curies":[{"name":"wp","href":"https:\/\/api.w.org\/{rel}","templated":true}]}}