{"id":32050,"date":"2022-07-11T09:30:57","date_gmt":"2022-07-11T09:30:57","guid":{"rendered":"http:\/\/historiografija.hr\/?p=32050"},"modified":"2022-07-11T09:30:57","modified_gmt":"2022-07-11T09:30:57","slug":"bertolt-brecht-kalendarske-price","status":"publish","type":"post","link":"https:\/\/historiografija.hr\/?p=32050","title":{"rendered":"Bertolt Brecht, \u201cKalendarske pri\u010de\u201d"},"content":{"rendered":"\n<p><em>Priredio i pogovorom popratio Jan Knopf<\/em><\/p>\n\n\n\n<p><em>S njema\u010dkoga preveo Damjan Lalovi\u0107<\/em><\/p>\n\n\n\n<hr class=\"wp-block-separator\"\/>\n\n\n\n<p><em>Kalendarske pri\u010d<\/em>e, objavljene 1949, bile su prva knjiga kojom se <strong>Bertolt Brecht<\/strong> nakon nacizma i rata predstavio njema\u010dkom \u010ditateljstvu. Pod naslovom koji u sje\u0107anje priziva kalendare omiljene me\u0111u \u0161irokim narodnim masama, uz koje su se objavljivali pou\u010dni tekstovi, u ovoj knjizi \u2013 kombinaciji proznih i pjesni\u010dkih radova \u2013 susre\u0107emo se s brojnim \u201cvelikima\u201d, ali u trenutku kad (iznova) pripadaju \u201cmalima\u201d, a ipak pokazuju \u201cveli\u010dinu\u201d: tako je Cezar li\u0161en mo\u0107i, nitko ne mari za njega i nitko ga ne prepoznaje; Sokrat je postolar i mora u mrsku ratnu slu\u017ebu, i usto se doslovce s mukom mora prisjetiti svojih prednosti kao filozofa, no \u0161to bi mu te\u0161ko uspjelo bez Ksantipine pomo\u0107i; Bacon je prognan, Lao-tzu na putu u progonstvo; Giordana Bruna u tamnici inkvizicije mu\u010di \u0161to nije platio kroja\u010du, a Buda svojom prispodobom naposljetku proturje\u010di dogmi svojeg nauka, nirvani, \u201cumije\u0107u\u201d trpljenja\u2026 Kalendarske pri\u010de odi\u0161u razumijevanjem, u\u017eivljeno\u0161\u0107u i velikim suosje\u0107anjem: od pri\u010de o \u201cla\u017enoj\u201d majci Anni koja se po\u017ertvovno i dirljivo posve\u0107uje svojem djetetu i na kraju ga, kao \u010dudom, dobiva, do \u201cnedostojne\u201d starice u kojoj unuk pripovjeda\u010d nalazi uzor na osnovi toga \u0161to je odbacila konvencionalni odnos izme\u0111u spolova. Formalno gledano, i ovdje \u010ditamo Brechta koji eksperimentira kako u pogledu jezika tako i u pogledu forme. Njegovo je autorsko ja u isto vrijeme traga\u010d, polemi\u010dar, kriti\u010dar dru\u0161tvenih prilika i neumoljiv satiri\u010dar vrhunskog stila.<\/p>\n\n\n\n<hr class=\"wp-block-separator\"\/>\n\n\n\n<p><strong>Izdava\u010d:<\/strong> Disput<\/p>\n\n\n\n<p><strong>Godina izdanja:<\/strong> 2022<\/p>\n\n\n\n<p><strong>Broj stranica:<\/strong> 158<\/p>\n\n\n\n<p>Pro\u010ditaj po\u010detak knjige:<\/p>\n\n\n\n<figure class=\"wp-block-embed-wordpress wp-block-embed is-type-wp-embed is-provider-disput\"><div class=\"wp-block-embed__wrapper\">\n<blockquote class=\"wp-embedded-content\" data-secret=\"mH1hM17LM4\"><a href=\"https:\/\/disput.hr\/shop\/kalendarske-price\/\">KALENDARSKE PRI\u010cE<\/a><\/blockquote><iframe loading=\"lazy\" class=\"wp-embedded-content\" sandbox=\"allow-scripts\" security=\"restricted\" style=\"position: absolute; clip: rect(1px, 1px, 1px, 1px);\" title=\"&#8220;KALENDARSKE PRI\u010cE&#8221; &#8212; Disput\" src=\"https:\/\/disput.hr\/shop\/kalendarske-price\/embed\/#?secret=r9WHR1zT5V#?secret=mH1hM17LM4\" data-secret=\"mH1hM17LM4\" width=\"600\" height=\"338\" frameborder=\"0\" marginwidth=\"0\" marginheight=\"0\" scrolling=\"no\"><\/iframe>\n<\/div><\/figure>\n\n\n\n<hr class=\"wp-block-separator\"\/>\n","protected":false},"excerpt":{"rendered":"","protected":false},"author":2,"featured_media":32051,"comment_status":"open","ping_status":"open","sticky":false,"template":"","format":"standard","meta":{"_acf_changed":false,"jetpack_post_was_ever_published":false,"_jetpack_newsletter_access":"","_jetpack_dont_email_post_to_subs":false,"_jetpack_newsletter_tier_id":0,"_jetpack_memberships_contains_paywalled_content":false,"_jetpack_memberships_contains_paid_content":false,"footnotes":"","jetpack_publicize_message":"","jetpack_publicize_feature_enabled":true,"jetpack_social_post_already_shared":true,"jetpack_social_options":{"image_generator_settings":{"template":"highway","default_image_id":0,"font":"","enabled":false},"version":2}},"categories":[3,12],"tags":[],"class_list":["post-32050","post","type-post","status-publish","format-standard","has-post-thumbnail","hentry","category-novosti","category-knjizevnost"],"acf":{"facebook_opis":""},"jetpack_publicize_connections":[],"jetpack_featured_media_url":"https:\/\/i0.wp.com\/historiografija.hr\/wp-content\/uploads\/2022\/07\/Kalendarske-price_naslovnica.jpg?fit=800%2C1288&ssl=1","jetpack_sharing_enabled":true,"jetpack-related-posts":[],"_links":{"self":[{"href":"https:\/\/historiografija.hr\/index.php?rest_route=\/wp\/v2\/posts\/32050","targetHints":{"allow":["GET"]}}],"collection":[{"href":"https:\/\/historiografija.hr\/index.php?rest_route=\/wp\/v2\/posts"}],"about":[{"href":"https:\/\/historiografija.hr\/index.php?rest_route=\/wp\/v2\/types\/post"}],"author":[{"embeddable":true,"href":"https:\/\/historiografija.hr\/index.php?rest_route=\/wp\/v2\/users\/2"}],"replies":[{"embeddable":true,"href":"https:\/\/historiografija.hr\/index.php?rest_route=%2Fwp%2Fv2%2Fcomments&post=32050"}],"version-history":[{"count":1,"href":"https:\/\/historiografija.hr\/index.php?rest_route=\/wp\/v2\/posts\/32050\/revisions"}],"predecessor-version":[{"id":32052,"href":"https:\/\/historiografija.hr\/index.php?rest_route=\/wp\/v2\/posts\/32050\/revisions\/32052"}],"wp:featuredmedia":[{"embeddable":true,"href":"https:\/\/historiografija.hr\/index.php?rest_route=\/wp\/v2\/media\/32051"}],"wp:attachment":[{"href":"https:\/\/historiografija.hr\/index.php?rest_route=%2Fwp%2Fv2%2Fmedia&parent=32050"}],"wp:term":[{"taxonomy":"category","embeddable":true,"href":"https:\/\/historiografija.hr\/index.php?rest_route=%2Fwp%2Fv2%2Fcategories&post=32050"},{"taxonomy":"post_tag","embeddable":true,"href":"https:\/\/historiografija.hr\/index.php?rest_route=%2Fwp%2Fv2%2Ftags&post=32050"}],"curies":[{"name":"wp","href":"https:\/\/api.w.org\/{rel}","templated":true}]}}