{"id":32037,"date":"2022-07-08T11:45:38","date_gmt":"2022-07-08T11:45:38","guid":{"rendered":"http:\/\/historiografija.hr\/?p=32037"},"modified":"2022-07-08T11:45:38","modified_gmt":"2022-07-08T11:45:38","slug":"historians-and-the-war-discussion-with-prof-larry-wolff","status":"publish","type":"post","link":"https:\/\/historiografija.hr\/?p=32037","title":{"rendered":"Historians and the War: Discussion with Prof. Larry Wolff"},"content":{"rendered":"\n<p>The online seminar of the series \u201cHistorians and the War: Rethinking the Future\u201d will take place on July 14, Thursday, at 18:00 CET. The aim of the series is to discuss if and to what extent the war in Ukraine is changing our perception of the past and which new questions for historians it raises.<\/p>\n\n\n\n<p><strong>Programm<\/strong><\/p>\n\n\n\n<p>The invited speaker for the fifth seminar is Larry Wolff, Silver Professor of History at New York University, author of numerous publications on the history of Central and Eastern Europe, including Woodrow Wilson and the Reimagining of Eastern Europe (Stanford University Press, 2020).<\/p>\n\n\n\n<p>The seminar will be chaired by Frank Sysyn, University of Alberta (Canada).<\/p>\n\n\n\n<p>In the second part of the event, there will be a Q&amp;A section with questions from the audience. The seminar is held in Ukrainian and English with simultaneous translation.<\/p>\n\n\n\n<p>To participate, please register: <a href=\"https:\/\/lmu-munich.zoom.us\/webinar\/register\/WN_rQZEk_m6Su6WOcqaCzqPxA\" target=\"_blank\" rel=\"noreferrer noopener\">https:\/\/lmu-munich.zoom.us\/webinar\/register\/WN_rQZEk_m6Su6WOcqaCzqPxA<\/a><\/p>\n\n\n\n<p>A recording of the seminar will be published on the Youtube channel of the German-Ukrainian Historians\u2019 Commission: <a href=\"https:\/\/www.youtube.com\/channel\/UCk2Bag_lfzHdH8jm_3n3skw\" target=\"_blank\" rel=\"noreferrer noopener\">https:\/\/www.youtube.com\/channel\/UCk2Bag_lfzHdH8jm_3n3skw<\/a><\/p>\n\n\n\n<p><strong>Kontakt<\/strong><\/p>\n\n\n\n<p>Tel.: +49 89 2180-3056<br>E-Mail: Lena.Lopatschow@lmu.de<\/p>\n\n\n\n<hr class=\"wp-block-separator\"\/>\n\n\n\n<p><a href=\"http:\/\/www.duhk.org\/\">http:\/\/www.duhk.org\/<\/a><\/p>\n\n\n\n<hr class=\"wp-block-separator\"\/>\n\n\n\n<p>Historians and the War: Discussion with Prof. Larry Wolff. In: H-Soz-Kult, 01.07.2022, <\/p>\n\n\n\n<p><a href=\"http:\/\/www.hsozkult.de\/event\/id\/event-128328\">&lt;www.hsozkult.de\/event\/id\/event-128328><\/a>.<\/p>\n\n\n\n<hr class=\"wp-block-separator\"\/>\n","protected":false},"excerpt":{"rendered":"","protected":false},"author":2,"featured_media":6331,"comment_status":"open","ping_status":"open","sticky":false,"template":"","format":"standard","meta":{"_acf_changed":false,"_jetpack_newsletter_access":"","_jetpack_dont_email_post_to_subs":false,"_jetpack_newsletter_tier_id":0,"_jetpack_memberships_contains_paywalled_content":false,"_jetpack_memberships_contains_paid_content":false,"footnotes":"","jetpack_publicize_message":"","jetpack_publicize_feature_enabled":true,"jetpack_social_post_already_shared":true,"jetpack_social_options":{"image_generator_settings":{"template":"highway","default_image_id":0,"font":"","enabled":false},"version":2},"jetpack_post_was_ever_published":false},"categories":[3],"tags":[],"class_list":["post-32037","post","type-post","status-publish","format-standard","has-post-thumbnail","hentry","category-novosti"],"acf":{"facebook_opis":""},"jetpack_publicize_connections":[],"jetpack_featured_media_url":"https:\/\/i0.wp.com\/historiografija.hr\/wp-content\/uploads\/2017\/10\/hsozkult.png?fit=1006%2C241&ssl=1","jetpack_sharing_enabled":true,"jetpack-related-posts":[{"id":53394,"url":"https:\/\/historiografija.hr\/?p=53394","url_meta":{"origin":32037,"position":0},"title":"Enzo Traverso, &#8220;Singular Pasts: The &#8220;I&#8221; in Historiography&#8221;","author":"Branimir Jankovi\u0107","date":"15. svibnja 2026.","format":false,"excerpt":"Translated by Adam Schoene Columbia University Press Pub Date: November 2022 Today, history is increasingly written in the first person. A growing number of historical works include an autobiographical dimension, as if writing about the past required exploring the inner life of the author. Neither traditional history nor autobiography, this\u2026","rel":"","context":"U &quot;Knjige&quot;","block_context":{"text":"Knjige","link":"https:\/\/historiografija.hr\/?cat=8"},"img":{"alt_text":"","src":"https:\/\/historiografija.hr\/wp-content\/uploads\/2026\/05\/Traverso.avif","width":350,"height":200},"classes":[]},{"id":55062,"url":"https:\/\/historiografija.hr\/?p=55062","url_meta":{"origin":32037,"position":1},"title":"CfP: The Making of Solidarity: A\u00a0Conference on Eastern and Central European Dissidents, 1945-1991","author":"Branimir Jankovi\u0107","date":"24. kolovoza 2026.","format":false,"excerpt":"This open call invites proposals for an interdisciplinary conference on Eastern and Central European dissidence, solidarity, and anti-imperial thought. The Making of Solidarity: A\u00a0Conference on Eastern and Central European Dissidents, 1945-1991 16.-17. November 2026 A close reading of Ivan Dziuba\u2019s classic\u00a01965 essay Internationalism or Russification? offers a\u00a0useful lens through which\u2026","rel":"","context":"U &quot;Novosti&quot;","block_context":{"text":"Novosti","link":"https:\/\/historiografija.hr\/?cat=3"},"img":{"alt_text":"","src":"https:\/\/i0.wp.com\/historiografija.hr\/wp-content\/uploads\/2026\/08\/The-Making-of-Solidarity.png?fit=883%2C662&ssl=1&resize=350%2C200","width":350,"height":200,"srcset":"https:\/\/i0.wp.com\/historiografija.hr\/wp-content\/uploads\/2026\/08\/The-Making-of-Solidarity.png?fit=883%2C662&ssl=1&resize=350%2C200 1x, https:\/\/i0.wp.com\/historiografija.hr\/wp-content\/uploads\/2026\/08\/The-Making-of-Solidarity.png?fit=883%2C662&ssl=1&resize=525%2C300 1.5x, https:\/\/i0.wp.com\/historiografija.hr\/wp-content\/uploads\/2026\/08\/The-Making-of-Solidarity.png?fit=883%2C662&ssl=1&resize=700%2C400 2x"},"classes":[]},{"id":52837,"url":"https:\/\/historiografija.hr\/?p=52837","url_meta":{"origin":32037,"position":2},"title":"&#8220;European Culture(s) of Remembrance: Greece in Focus&#8221;, Thessaloniki (Solun), 3\u20139 October 2026","author":"Filip \u0160imunjak","date":"8. svibnja 2026.","format":false,"excerpt":"The call for participants for the fourth seminar of the \"European Culture(s) of Remembrance\" project is now open. The seminar will be held in Thessaloniki from 3 to 9 October 2026. The seminar will bring together 20 European multipliers in history teaching or historical civic education to explore Greek culture(s)\u2026","rel":"","context":"U &quot;Novosti&quot;","block_context":{"text":"Novosti","link":"https:\/\/historiografija.hr\/?cat=3"},"img":{"alt_text":"","src":"https:\/\/i0.wp.com\/historiografija.hr\/wp-content\/uploads\/2026\/05\/European-cultures-of-remembrance.jpg?fit=1200%2C848&ssl=1&resize=350%2C200","width":350,"height":200,"srcset":"https:\/\/i0.wp.com\/historiografija.hr\/wp-content\/uploads\/2026\/05\/European-cultures-of-remembrance.jpg?fit=1200%2C848&ssl=1&resize=350%2C200 1x, https:\/\/i0.wp.com\/historiografija.hr\/wp-content\/uploads\/2026\/05\/European-cultures-of-remembrance.jpg?fit=1200%2C848&ssl=1&resize=525%2C300 1.5x, https:\/\/i0.wp.com\/historiografija.hr\/wp-content\/uploads\/2026\/05\/European-cultures-of-remembrance.jpg?fit=1200%2C848&ssl=1&resize=700%2C400 2x, https:\/\/i0.wp.com\/historiografija.hr\/wp-content\/uploads\/2026\/05\/European-cultures-of-remembrance.jpg?fit=1200%2C848&ssl=1&resize=1050%2C600 3x"},"classes":[]},{"id":55104,"url":"https:\/\/historiografija.hr\/?p=55104","url_meta":{"origin":32037,"position":3},"title":"Anthony Kaldellis, \u201eThe Case for East Roman Studies\u201c","author":"Filip \u0160imunjak","date":"28. kolovoza 2026.","format":false,"excerpt":"Byzantine Studies has reached a tipping point: a growing number of historians have realized that the terms \u201cByzantium\u201d and \u201cthe Byzantines\u201d distort the reality and identity of the society that we study, and encode a series of prejudices that were embedded in western perceptions. The aim of these terms was\u2026","rel":"","context":"U &quot;Knjige&quot;","block_context":{"text":"Knjige","link":"https:\/\/historiografija.hr\/?cat=8"},"img":{"alt_text":"","src":"https:\/\/i0.wp.com\/historiografija.hr\/wp-content\/uploads\/2026\/08\/The-Case-for-East-Roman-Studies-Kaldellis.webp?fit=596%2C927&ssl=1&resize=350%2C200","width":350,"height":200,"srcset":"https:\/\/i0.wp.com\/historiografija.hr\/wp-content\/uploads\/2026\/08\/The-Case-for-East-Roman-Studies-Kaldellis.webp?fit=596%2C927&ssl=1&resize=350%2C200 1x, https:\/\/i0.wp.com\/historiografija.hr\/wp-content\/uploads\/2026\/08\/The-Case-for-East-Roman-Studies-Kaldellis.webp?fit=596%2C927&ssl=1&resize=525%2C300 1.5x"},"classes":[]},{"id":55007,"url":"https:\/\/historiografija.hr\/?p=55007","url_meta":{"origin":32037,"position":4},"title":"The Routledge Handbook of Environmental History","author":"Branimir Jankovi\u0107","date":"18. kolovoza 2026.","format":false,"excerpt":"Edited by Emily O'Gorman, William San Mart\u00edn, Mark Carey and Sandra Swart The Routledge Handbook of Environmental History presents a cutting-edge overview of the dynamic and ever-expanding field of environmental history. It addresses recent transformations in the field and responses to shifting scholarly, political, and environmental landscapes. The handbook fully\u2026","rel":"","context":"U &quot;Knjige&quot;","block_context":{"text":"Knjige","link":"https:\/\/historiografija.hr\/?cat=8"},"img":{"alt_text":"","src":"https:\/\/i0.wp.com\/historiografija.hr\/wp-content\/uploads\/2026\/08\/Environmental-History.jpg?fit=350%2C498&ssl=1&resize=350%2C200","width":350,"height":200},"classes":[]},{"id":54066,"url":"https:\/\/historiografija.hr\/?p=54066","url_meta":{"origin":32037,"position":5},"title":"CALL FOR CHAPTERS: YUGOSLAV WOMEN HISTORIANS: GENDER, KNOWLEDGE, AND PROFESSION IN THE TWENTIETH CENTURY","author":"Branimir Jankovi\u0107","date":"12. lipnja 2026.","format":false,"excerpt":"Type: Edited Volume Language: English Publisher: Institute for Recent History of Serbia Editors: Dr. Nata\u0161a Mili\u0107evi\u0107, Senior Research Associate, Institute for Recent History of Serbia\u00a0\u00a0\u00a0\u00a0\u00a0\u00a0\u00a0\u00a0\u00a0\u00a0\u00a0\u00a0\u00a0\u00a0 Prof. Dr. Michael Antolovi\u0107, Faculty of Education in Sombor, University of Novi Sad Contact: jugoslovenske.istoricarke@yahoo.com Timeline: October 15, 2026: Abstract submission deadline June 30, 2027:\u2026","rel":"","context":"U &quot;Novosti&quot;","block_context":{"text":"Novosti","link":"https:\/\/historiografija.hr\/?cat=3"},"img":{"alt_text":"","src":"https:\/\/i0.wp.com\/historiografija.hr\/wp-content\/uploads\/2026\/06\/CPF-Gender.png?fit=1200%2C460&ssl=1&resize=350%2C200","width":350,"height":200,"srcset":"https:\/\/i0.wp.com\/historiografija.hr\/wp-content\/uploads\/2026\/06\/CPF-Gender.png?fit=1200%2C460&ssl=1&resize=350%2C200 1x, https:\/\/i0.wp.com\/historiografija.hr\/wp-content\/uploads\/2026\/06\/CPF-Gender.png?fit=1200%2C460&ssl=1&resize=525%2C300 1.5x, https:\/\/i0.wp.com\/historiografija.hr\/wp-content\/uploads\/2026\/06\/CPF-Gender.png?fit=1200%2C460&ssl=1&resize=700%2C400 2x, https:\/\/i0.wp.com\/historiografija.hr\/wp-content\/uploads\/2026\/06\/CPF-Gender.png?fit=1200%2C460&ssl=1&resize=1050%2C600 3x"},"classes":[]}],"_links":{"self":[{"href":"https:\/\/historiografija.hr\/index.php?rest_route=\/wp\/v2\/posts\/32037","targetHints":{"allow":["GET"]}}],"collection":[{"href":"https:\/\/historiografija.hr\/index.php?rest_route=\/wp\/v2\/posts"}],"about":[{"href":"https:\/\/historiografija.hr\/index.php?rest_route=\/wp\/v2\/types\/post"}],"author":[{"embeddable":true,"href":"https:\/\/historiografija.hr\/index.php?rest_route=\/wp\/v2\/users\/2"}],"replies":[{"embeddable":true,"href":"https:\/\/historiografija.hr\/index.php?rest_route=%2Fwp%2Fv2%2Fcomments&post=32037"}],"version-history":[{"count":1,"href":"https:\/\/historiografija.hr\/index.php?rest_route=\/wp\/v2\/posts\/32037\/revisions"}],"predecessor-version":[{"id":32038,"href":"https:\/\/historiografija.hr\/index.php?rest_route=\/wp\/v2\/posts\/32037\/revisions\/32038"}],"wp:featuredmedia":[{"embeddable":true,"href":"https:\/\/historiografija.hr\/index.php?rest_route=\/wp\/v2\/media\/6331"}],"wp:attachment":[{"href":"https:\/\/historiografija.hr\/index.php?rest_route=%2Fwp%2Fv2%2Fmedia&parent=32037"}],"wp:term":[{"taxonomy":"category","embeddable":true,"href":"https:\/\/historiografija.hr\/index.php?rest_route=%2Fwp%2Fv2%2Fcategories&post=32037"},{"taxonomy":"post_tag","embeddable":true,"href":"https:\/\/historiografija.hr\/index.php?rest_route=%2Fwp%2Fv2%2Ftags&post=32037"}],"curies":[{"name":"wp","href":"https:\/\/api.w.org\/{rel}","templated":true}]}}