{"id":32035,"date":"2022-07-08T11:35:38","date_gmt":"2022-07-08T11:35:38","guid":{"rendered":"http:\/\/historiografija.hr\/?p=32035"},"modified":"2022-07-08T11:35:38","modified_gmt":"2022-07-08T11:35:38","slug":"hrt-prikazuje-quo-vadis-aida","status":"publish","type":"post","link":"https:\/\/historiografija.hr\/?p=32035","title":{"rendered":"HRT prikazuje: &#8220;Quo Vadis, Aida?&#8221;"},"content":{"rendered":"\n<p><strong>U ponedjeljak, 11. srpnja na Drugom programu u 21 sat prikazujemo film Quo Vadis, Aida? (2020.)<\/strong><\/p>\n\n\n\n<p>Europske filmske nagrade, 2021.: nagrada za najbolji europski film (Jasmila \u017dbani\u0107, Damir Ibrahimovi\u0107), najboljeg europskog redatelja (Jasmila \u017dbani\u0107) i najbolju europsku glumicu (Jasna \u0110uri\u010di\u0107); nominiran je za Oscara, BAFTA-u i Zlatnog lava za najbolji strani film itd.<\/p>\n\n\n\n<p>Bosna, srpanj 1995. godine. Aida radi kao prevoditeljica za UN u bosanskom gradi\u0107u Srebrenici. Kad srpska vojska zauzme grad, njezina se obitelj na\u0111e me\u0111u tisu\u0107ama ljudi koji tra\u017ee skloni\u0161te u UN-ovom kampu. Dok prevodi na pregovorima, Aida saznaje klju\u010dne informacije. Kakva sudbina \u010deka njezinu obitelj i druge ljude &#8211; ho\u0107e li biti spa\u0161eni ili ubijeni? \u0160to ona treba u\u010diniti?<\/p>\n\n\n\n<p>U naslovnim su ulogama\u00a0<strong>Jasna \u0110uri\u010di\u0107, Izudin Bajrovi\u0107, Boris Ler, Dino Bajrovi\u0107, Boris Isakovi\u0107.<\/strong><br><br>Scenarij i re\u017eija <strong>Jasmila \u017dbani\u0107.<\/strong><\/p>\n\n\n\n<hr class=\"wp-block-separator\"\/>\n\n\n\n<p>Izvor:<\/p>\n\n\n\n<p><a href=\"https:\/\/hrtprikazuje.hrt.hr\/filmovi\/quo-vadis-aida-8248303\">https:\/\/hrtprikazuje.hrt.hr\/filmovi\/quo-vadis-aida-8248303<\/a><\/p>\n\n\n\n<p><a href=\"https:\/\/raspored.hrt.hr\/\">https:\/\/raspored.hrt.hr\/<\/a><\/p>\n\n\n\n<hr class=\"wp-block-separator\"\/>\n","protected":false},"excerpt":{"rendered":"","protected":false},"author":2,"featured_media":23090,"comment_status":"open","ping_status":"open","sticky":false,"template":"","format":"standard","meta":{"_acf_changed":false,"jetpack_post_was_ever_published":false,"_jetpack_newsletter_access":"","_jetpack_dont_email_post_to_subs":false,"_jetpack_newsletter_tier_id":0,"_jetpack_memberships_contains_paywalled_content":false,"_jetpack_memberships_contains_paid_content":false,"footnotes":"","jetpack_publicize_message":"","jetpack_publicize_feature_enabled":true,"jetpack_social_post_already_shared":true,"jetpack_social_options":{"image_generator_settings":{"template":"highway","default_image_id":0,"font":"","enabled":false},"version":2}},"categories":[13,3],"tags":[],"class_list":["post-32035","post","type-post","status-publish","format-standard","has-post-thumbnail","hentry","category-filmovi-i-serije","category-novosti"],"acf":{"facebook_opis":""},"jetpack_publicize_connections":[],"jetpack_featured_media_url":"https:\/\/i0.wp.com\/historiografija.hr\/wp-content\/uploads\/2020\/10\/quo-vadis-aida.jpg?fit=500%2C714&ssl=1","jetpack_sharing_enabled":true,"jetpack-related-posts":[],"_links":{"self":[{"href":"https:\/\/historiografija.hr\/index.php?rest_route=\/wp\/v2\/posts\/32035","targetHints":{"allow":["GET"]}}],"collection":[{"href":"https:\/\/historiografija.hr\/index.php?rest_route=\/wp\/v2\/posts"}],"about":[{"href":"https:\/\/historiografija.hr\/index.php?rest_route=\/wp\/v2\/types\/post"}],"author":[{"embeddable":true,"href":"https:\/\/historiografija.hr\/index.php?rest_route=\/wp\/v2\/users\/2"}],"replies":[{"embeddable":true,"href":"https:\/\/historiografija.hr\/index.php?rest_route=%2Fwp%2Fv2%2Fcomments&post=32035"}],"version-history":[{"count":1,"href":"https:\/\/historiografija.hr\/index.php?rest_route=\/wp\/v2\/posts\/32035\/revisions"}],"predecessor-version":[{"id":32036,"href":"https:\/\/historiografija.hr\/index.php?rest_route=\/wp\/v2\/posts\/32035\/revisions\/32036"}],"wp:featuredmedia":[{"embeddable":true,"href":"https:\/\/historiografija.hr\/index.php?rest_route=\/wp\/v2\/media\/23090"}],"wp:attachment":[{"href":"https:\/\/historiografija.hr\/index.php?rest_route=%2Fwp%2Fv2%2Fmedia&parent=32035"}],"wp:term":[{"taxonomy":"category","embeddable":true,"href":"https:\/\/historiografija.hr\/index.php?rest_route=%2Fwp%2Fv2%2Fcategories&post=32035"},{"taxonomy":"post_tag","embeddable":true,"href":"https:\/\/historiografija.hr\/index.php?rest_route=%2Fwp%2Fv2%2Ftags&post=32035"}],"curies":[{"name":"wp","href":"https:\/\/api.w.org\/{rel}","templated":true}]}}