{"id":32027,"date":"2022-07-08T10:55:00","date_gmt":"2022-07-08T10:55:00","guid":{"rendered":"http:\/\/historiografija.hr\/?p=32027"},"modified":"2022-07-08T10:55:28","modified_gmt":"2022-07-08T10:55:28","slug":"valentina-sostaric-javno-ocitovanje-povodom-objave-osvrta-ivana-majnarica","status":"publish","type":"post","link":"https:\/\/historiografija.hr\/?p=32027","title":{"rendered":"Valentina \u0160o\u0161tari\u0107 &#8211; Javno o\u010ditovanje povodom objave osvrta Ivana Majnari\u0107a"},"content":{"rendered":"\n<p><strong>Javno o\u010ditovanje povodom objave osvrta izv. prof. dr. sc. Ivana Majnari\u0107a<\/strong><\/p>\n\n\n\n<p>Povodom objave teksta izv. prof. dr. sc. Ivana Majnari\u0107a dana 4. srpnja 2022. godine na web-portalu historiografija.hr, posve\u0107enog prikazu moga priop\u0107enja na simpoziju <em>Kralj Zvonimir <\/em>12. lipnja 2022. godine u Kninu, upu\u0107ujem ispriku izv. prof. dr. sc. Ivanu Majnari\u0107u jer sam parafraziraju\u0107i i referiraju\u0107i se na njega kao autora javno iznijela dijelove njegovog izvornog znanstvenog \u010dlanka koji tada nije bio objavljen. U njega sam imala povla\u0161ten uvid kao recenzentica zbornika radova <em>Zadarski mir \u2013 prekretnica an\u017euvinskog doba<\/em>, za kojega sam dr\u017eala da je u trenutku odr\u017eavanja simpozija u Kninu ve\u0107 tiskan, i time nesvjesno i nenamjerno otkrila dijelove sadr\u017eaja neobjavljenog \u010dlanka zbog \u010dega \u017ealim.<\/p>\n\n\n\n<p>Me\u0111utim, dr\u017eim neprimjerenim dijelove osvrta kojima je izv. prof. dr. sc. Ivan Majnari\u0107 naru\u0161io moj znanstveni ugled i obezvrijedio dosada\u0161nji rad, posebice imaju\u0107i u vidu \u010dinjenicu da je potpisao moje napredovanje i izbor u zvanje izvanrednog profesora 2021. godine.<\/p>\n\n\n\n<p>Izv. prof. dr. sc. Valentina \u0160o\u0161tari\u0107<\/p>\n\n\n\n<hr class=\"wp-block-separator\"\/>\n","protected":false},"excerpt":{"rendered":"","protected":false},"author":2,"featured_media":0,"comment_status":"open","ping_status":"open","sticky":false,"template":"","format":"standard","meta":{"_acf_changed":false,"jetpack_post_was_ever_published":false,"_jetpack_newsletter_access":"","_jetpack_dont_email_post_to_subs":false,"_jetpack_newsletter_tier_id":0,"_jetpack_memberships_contains_paywalled_content":false,"_jetpack_memberships_contains_paid_content":false,"footnotes":"","jetpack_publicize_message":"","jetpack_publicize_feature_enabled":true,"jetpack_social_post_already_shared":true,"jetpack_social_options":{"image_generator_settings":{"template":"highway","default_image_id":0,"font":"","enabled":false},"version":2}},"categories":[4,17],"tags":[],"class_list":["post-32027","post","type-post","status-publish","format-standard","hentry","category-osvrti","category-rasprave"],"acf":{"facebook_opis":""},"jetpack_publicize_connections":[],"jetpack_featured_media_url":"","jetpack_sharing_enabled":true,"jetpack-related-posts":[],"_links":{"self":[{"href":"https:\/\/historiografija.hr\/index.php?rest_route=\/wp\/v2\/posts\/32027","targetHints":{"allow":["GET"]}}],"collection":[{"href":"https:\/\/historiografija.hr\/index.php?rest_route=\/wp\/v2\/posts"}],"about":[{"href":"https:\/\/historiografija.hr\/index.php?rest_route=\/wp\/v2\/types\/post"}],"author":[{"embeddable":true,"href":"https:\/\/historiografija.hr\/index.php?rest_route=\/wp\/v2\/users\/2"}],"replies":[{"embeddable":true,"href":"https:\/\/historiografija.hr\/index.php?rest_route=%2Fwp%2Fv2%2Fcomments&post=32027"}],"version-history":[{"count":2,"href":"https:\/\/historiografija.hr\/index.php?rest_route=\/wp\/v2\/posts\/32027\/revisions"}],"predecessor-version":[{"id":32029,"href":"https:\/\/historiografija.hr\/index.php?rest_route=\/wp\/v2\/posts\/32027\/revisions\/32029"}],"wp:attachment":[{"href":"https:\/\/historiografija.hr\/index.php?rest_route=%2Fwp%2Fv2%2Fmedia&parent=32027"}],"wp:term":[{"taxonomy":"category","embeddable":true,"href":"https:\/\/historiografija.hr\/index.php?rest_route=%2Fwp%2Fv2%2Fcategories&post=32027"},{"taxonomy":"post_tag","embeddable":true,"href":"https:\/\/historiografija.hr\/index.php?rest_route=%2Fwp%2Fv2%2Ftags&post=32027"}],"curies":[{"name":"wp","href":"https:\/\/api.w.org\/{rel}","templated":true}]}}