{"id":32004,"date":"2022-07-07T08:24:06","date_gmt":"2022-07-07T08:24:06","guid":{"rendered":"http:\/\/historiografija.hr\/?p=32004"},"modified":"2022-07-07T08:32:49","modified_gmt":"2022-07-07T08:32:49","slug":"spomen-okupljanje-povodom-80-godisnjice-akcije-spasavanja-diane-budisavljevic","status":"publish","type":"post","link":"https:\/\/historiografija.hr\/?p=32004","title":{"rendered":"Spomen-okupljanje povodom 80. godi\u0161njice akcije spa\u0161avanja Diane Budisavljevi\u0107"},"content":{"rendered":"\n<p>Pozivamo Vas na spomen-okupljanje povodom 80. godi\u0161njice akcije spa\u0161avanja Diane Budisavljevi\u0107, koja je od listopada\/oktobra 1941. bila anga\u017eirana na organiziranju pomo\u0107i srpskim \u017eenama s djecom zato\u010denim u logorima usta\u0161ke Nezavisne Dr\u017eave Hrvatske. 10. srpnja\/jula 1942. sa svojim suradnicima prvi je put stigla u logor Stara Gradi\u0161ka.<\/p>\n\n\n\n<p>Okupljanje \u0107e se odr\u017eati u nedjelju 10. srpnja \/jula 2022. u Staroj Gradi\u0161ci, u parku ispred nekada\u0161nje Kule, u kojoj su bile zato\u010dene Srpkinje s djecom, Romkinje, \u017didovke i Hrvatice.<\/p>\n\n\n\n<hr class=\"wp-block-separator\"\/>\n\n\n\n<p><strong>Op\u0161irnije na sljede\u0107oj poveznici: <\/strong><\/p>\n\n\n\n<p><a href=\"https:\/\/www.facebook.com\/events\/788311522334746\/\">https:\/\/www.facebook.com\/events\/788311522334746\/<\/a><\/p>\n\n\n\n<hr class=\"wp-block-separator\"\/>\n\n\n\n<p><\/p>\n","protected":false},"excerpt":{"rendered":"","protected":false},"author":2,"featured_media":32005,"comment_status":"open","ping_status":"open","sticky":false,"template":"","format":"standard","meta":{"_acf_changed":false,"_jetpack_newsletter_access":"","_jetpack_dont_email_post_to_subs":false,"_jetpack_newsletter_tier_id":0,"_jetpack_memberships_contains_paywalled_content":false,"_jetpack_memberships_contains_paid_content":false,"footnotes":"","jetpack_publicize_message":"","jetpack_publicize_feature_enabled":true,"jetpack_social_post_already_shared":true,"jetpack_social_options":{"image_generator_settings":{"template":"highway","default_image_id":0,"font":"","enabled":false},"version":2},"jetpack_post_was_ever_published":false},"categories":[3],"tags":[],"class_list":["post-32004","post","type-post","status-publish","format-standard","has-post-thumbnail","hentry","category-novosti"],"acf":{"facebook_opis":""},"jetpack_publicize_connections":[],"jetpack_featured_media_url":"https:\/\/i0.wp.com\/historiografija.hr\/wp-content\/uploads\/2022\/07\/Milena_Zarkovic_Petra_Jeric.jpg?fit=960%2C540&ssl=1","jetpack_sharing_enabled":true,"jetpack-related-posts":[{"id":54809,"url":"https:\/\/historiografija.hr\/?p=54809","url_meta":{"origin":32004,"position":0},"title":"Tribina o doga\u0111anjima prije, tokom i nakon ustanka u Srbu","author":"Branimir Jankovi\u0107","date":"27. srpnja 2026.","format":false,"excerpt":"U ponedjeljak, 27. srpnja 2026. u 19.15 sati u Srbu \u0107e - povodom obilje\u017eavanja Dana ustanka naroda Hrvatske - biti odr\u017eana tribina o doga\u0111anjima prije, tokom i nakon ustanka u Srbu. Sudjeluju: Milan Radanovi\u0107 (moderator) te Igor Mrkalj i Ivo Goldstein. Tribina \u0107e biti u\u017eivo preno\u0161ena putem Facebook profila SNV-a.\u2026","rel":"","context":"U &quot;Novosti&quot;","block_context":{"text":"Novosti","link":"https:\/\/historiografija.hr\/?cat=3"},"img":{"alt_text":"","src":"https:\/\/i0.wp.com\/historiografija.hr\/wp-content\/uploads\/2026\/07\/SNV_Srb_2026.jpg?fit=1200%2C720&ssl=1&resize=350%2C200","width":350,"height":200,"srcset":"https:\/\/i0.wp.com\/historiografija.hr\/wp-content\/uploads\/2026\/07\/SNV_Srb_2026.jpg?fit=1200%2C720&ssl=1&resize=350%2C200 1x, https:\/\/i0.wp.com\/historiografija.hr\/wp-content\/uploads\/2026\/07\/SNV_Srb_2026.jpg?fit=1200%2C720&ssl=1&resize=525%2C300 1.5x, https:\/\/i0.wp.com\/historiografija.hr\/wp-content\/uploads\/2026\/07\/SNV_Srb_2026.jpg?fit=1200%2C720&ssl=1&resize=700%2C400 2x, https:\/\/i0.wp.com\/historiografija.hr\/wp-content\/uploads\/2026\/07\/SNV_Srb_2026.jpg?fit=1200%2C720&ssl=1&resize=1050%2C600 3x"},"classes":[]},{"id":52920,"url":"https:\/\/historiografija.hr\/?p=52920","url_meta":{"origin":32004,"position":1},"title":"Memorijalna intervencija Marka Tadi\u0107a u Rakovom Potoku","author":"Branimir Jankovi\u0107","date":"6. svibnja 2026.","format":false,"excerpt":"Privremena memorijalna umjetni\u010dka intervencija u \u010dast \u017ertava fa\u0161izma Vidi, vrata su otvorena\u00a0autora Marka Tadi\u0107a otvara se 8. svibnja, povodom Dana oslobo\u0111enja Grada Zagreba u Drugom svjetskom ratu, u spomen-parku Rakov Potok. Rakov Potok drugo je najve\u0107e mjesto masovnog stradanja tijekom Drugog svjetskog rata u Zagrebu. Mjesto gdje se danas nalazi\u2026","rel":"","context":"U &quot;Novosti&quot;","block_context":{"text":"Novosti","link":"https:\/\/historiografija.hr\/?cat=3"},"img":{"alt_text":"","src":"https:\/\/i0.wp.com\/historiografija.hr\/wp-content\/uploads\/2026\/05\/marko-tadic.jpeg?fit=600%2C600&ssl=1&resize=350%2C200","width":350,"height":200,"srcset":"https:\/\/i0.wp.com\/historiografija.hr\/wp-content\/uploads\/2026\/05\/marko-tadic.jpeg?fit=600%2C600&ssl=1&resize=350%2C200 1x, https:\/\/i0.wp.com\/historiografija.hr\/wp-content\/uploads\/2026\/05\/marko-tadic.jpeg?fit=600%2C600&ssl=1&resize=525%2C300 1.5x"},"classes":[]},{"id":53176,"url":"https:\/\/historiografija.hr\/?p=53176","url_meta":{"origin":32004,"position":2},"title":"Spomen-\u0161etnja \u201cZagreb u otporu 1941.-1945.\u201d &#8211; poziv za prijavu","author":"Branimir Jankovi\u0107","date":"12. svibnja 2026.","format":false,"excerpt":"Spomen-\u0161etnja Donjim gradom kojom se komemorira otpor zagreba\u010dkih ilegalaca, odr\u017eat \u0107e se u subotu, 16. svibnja 2026. Kre\u0107e se u 17 sati od Botani\u010dkog vrta u Runjaninovoj. Cilj \u0161etnje je prikazati neke od hrabrih akcija koje su \u010dinili partizani u Zagrebu tijekom drugog svjetskog rata kroz vo\u0111enu turu, audio materijale\u2026","rel":"","context":"U &quot;Novosti&quot;","block_context":{"text":"Novosti","link":"https:\/\/historiografija.hr\/?cat=3"},"img":{"alt_text":"","src":"https:\/\/i0.wp.com\/historiografija.hr\/wp-content\/uploads\/2026\/05\/Zagreb-u-otporu.png?fit=449%2C483&ssl=1&resize=350%2C200","width":350,"height":200},"classes":[]},{"id":54649,"url":"https:\/\/historiografija.hr\/?p=54649","url_meta":{"origin":32004,"position":3},"title":"Objavljen je 24. broj \u010dasopisa &#8220;Historijska traganja&#8221; (2025)","author":"Branimir Jankovi\u0107","date":"17. srpnja 2026.","format":false,"excerpt":"Institut za \u00a0historiju Univerziteta u Sarajevu objavio je 24. broj \u010dasopisa Historijska traganja. U ovom broju je objavljeno ukupno deset \u010dlanaka (od toga sedam u tematskom bloku Znanje pod nadzorom: ideologije, dru\u0161tvo i mo\u0107). Tu je i rubrika Gra\u0111a u kojoj su objavljena pisma \u0161to ih je Vejsil \u0106ur\u010di\u0107 pisao\u2026","rel":"","context":"U &quot;\u010casopisi&quot;","block_context":{"text":"\u010casopisi","link":"https:\/\/historiografija.hr\/?cat=21"},"img":{"alt_text":"","src":"https:\/\/i0.wp.com\/historiografija.hr\/wp-content\/uploads\/2026\/07\/historijska-traganja-24-2025.jpg?fit=450%2C650&ssl=1&resize=350%2C200","width":350,"height":200},"classes":[]},{"id":54434,"url":"https:\/\/historiografija.hr\/?p=54434","url_meta":{"origin":32004,"position":4},"title":"Razgovor povodom obilje\u017eavanja 35 godina Antiratne kampanje","author":"Branimir Jankovi\u0107","date":"3. srpnja 2026.","format":false,"excerpt":"Povodom obilje\u017eavanja 35 godina Antiratne kampanje pozivamo vas na javni razgovor pod nazivom: Koliko nam iskustva Antiratne kampanje mogu pomo\u0107i u dana\u0161njim mirovnim naporima? Razgovor \u0107e biti prilika za prisje\u0107anje na djelovanje Antiratne kampanje, ali i za promi\u0161ljanje o tome kako iskustva mirovnog aktivizma, solidarnosti i gra\u0111anskog anga\u017emana iz devedesetih\u2026","rel":"","context":"U &quot;Novosti&quot;","block_context":{"text":"Novosti","link":"https:\/\/historiografija.hr\/?cat=3"},"img":{"alt_text":"","src":"https:\/\/i0.wp.com\/historiografija.hr\/wp-content\/uploads\/2026\/07\/ARK-35.webp?fit=1170%2C662&ssl=1&resize=350%2C200","width":350,"height":200,"srcset":"https:\/\/i0.wp.com\/historiografija.hr\/wp-content\/uploads\/2026\/07\/ARK-35.webp?fit=1170%2C662&ssl=1&resize=350%2C200 1x, https:\/\/i0.wp.com\/historiografija.hr\/wp-content\/uploads\/2026\/07\/ARK-35.webp?fit=1170%2C662&ssl=1&resize=525%2C300 1.5x, https:\/\/i0.wp.com\/historiografija.hr\/wp-content\/uploads\/2026\/07\/ARK-35.webp?fit=1170%2C662&ssl=1&resize=700%2C400 2x, https:\/\/i0.wp.com\/historiografija.hr\/wp-content\/uploads\/2026\/07\/ARK-35.webp?fit=1170%2C662&ssl=1&resize=1050%2C600 3x"},"classes":[]},{"id":54344,"url":"https:\/\/historiografija.hr\/?p=54344","url_meta":{"origin":32004,"position":5},"title":"Odr\u017ean okrugli stol &#8221;Naslije\u0111eni modeli, nove generacije \u2013 je li nam potrebna reforma nastave povijesti&#8221;","author":"Branimir Jankovi\u0107","date":"26. lipnja 2026.","format":false,"excerpt":"U Hrvatskom saboru odr\u017ean je okrugli stol ''Naslije\u0111eni modeli, nove generacije \u2013 je li nam potrebna reforma nastave povijesti'' u organizaciji saborskog zastupnika stranke DOMiNO\u00a0Igora Peternela, na kojem su sudjelovali povjesni\u010dari Tomislav Jonji\u0107, Josip Jur\u010devi\u0107, Zlatko Begonja i Dominik Andrei\u0107. Op\u0161irnije: https:\/\/www.sabor.hr\/index.php\/hr\/press\/okrugli-stol-u-organizaciji-kluba-zastupnika-dom-i-nacionalno-okupljanje-i-hrvatski-1 https:\/\/www.youtube.com\/watch?v=-quk3oH8lck Iz medija: https:\/\/www.tportal.hr\/vijesti\/clanak\/peternel-otvorio-pitanje-udzbenika-govori-li-se-dovoljno-o-bleiburgu-i-kriznom-putu-20260624 https:\/\/www.index.hr\/vijesti\/clanak\/peternel-u-kojoj-se-mjeri-ucenicima-govori-o-bleiburgu-kriznom-putu-logorima\/2806200.aspx https:\/\/www.srednja.hr\/novosti\/vijesti\/85211\/desnicari-u-saboru-traze-promjene-udzbenika-povijesti-svugdje-vide-komuniste-infiltrirane-u-skolstvo\/vijest https:\/\/www.dnevno.hr\/vijesti\/peternel-o-nastavi-povijesti-u-hrvatskim-skolama-jesmo-li-se-uopce-suocili-s-komunistickom-prosloscu-3340318 https:\/\/poskok.info\/peternel-probio-zid-sutnje-prvi-put-u-hrvatskoj-otvorena-tema-komunizma\u2026","rel":"","context":"U &quot;Novosti&quot;","block_context":{"text":"Novosti","link":"https:\/\/historiografija.hr\/?cat=3"},"img":{"alt_text":"","src":"https:\/\/i0.wp.com\/historiografija.hr\/wp-content\/uploads\/2026\/06\/jurcevic-peternel-jonjic.webp?fit=1200%2C675&ssl=1&resize=350%2C200","width":350,"height":200,"srcset":"https:\/\/i0.wp.com\/historiografija.hr\/wp-content\/uploads\/2026\/06\/jurcevic-peternel-jonjic.webp?fit=1200%2C675&ssl=1&resize=350%2C200 1x, https:\/\/i0.wp.com\/historiografija.hr\/wp-content\/uploads\/2026\/06\/jurcevic-peternel-jonjic.webp?fit=1200%2C675&ssl=1&resize=525%2C300 1.5x, https:\/\/i0.wp.com\/historiografija.hr\/wp-content\/uploads\/2026\/06\/jurcevic-peternel-jonjic.webp?fit=1200%2C675&ssl=1&resize=700%2C400 2x, https:\/\/i0.wp.com\/historiografija.hr\/wp-content\/uploads\/2026\/06\/jurcevic-peternel-jonjic.webp?fit=1200%2C675&ssl=1&resize=1050%2C600 3x"},"classes":[]}],"_links":{"self":[{"href":"https:\/\/historiografija.hr\/index.php?rest_route=\/wp\/v2\/posts\/32004","targetHints":{"allow":["GET"]}}],"collection":[{"href":"https:\/\/historiografija.hr\/index.php?rest_route=\/wp\/v2\/posts"}],"about":[{"href":"https:\/\/historiografija.hr\/index.php?rest_route=\/wp\/v2\/types\/post"}],"author":[{"embeddable":true,"href":"https:\/\/historiografija.hr\/index.php?rest_route=\/wp\/v2\/users\/2"}],"replies":[{"embeddable":true,"href":"https:\/\/historiografija.hr\/index.php?rest_route=%2Fwp%2Fv2%2Fcomments&post=32004"}],"version-history":[{"count":5,"href":"https:\/\/historiografija.hr\/index.php?rest_route=\/wp\/v2\/posts\/32004\/revisions"}],"predecessor-version":[{"id":32010,"href":"https:\/\/historiografija.hr\/index.php?rest_route=\/wp\/v2\/posts\/32004\/revisions\/32010"}],"wp:featuredmedia":[{"embeddable":true,"href":"https:\/\/historiografija.hr\/index.php?rest_route=\/wp\/v2\/media\/32005"}],"wp:attachment":[{"href":"https:\/\/historiografija.hr\/index.php?rest_route=%2Fwp%2Fv2%2Fmedia&parent=32004"}],"wp:term":[{"taxonomy":"category","embeddable":true,"href":"https:\/\/historiografija.hr\/index.php?rest_route=%2Fwp%2Fv2%2Fcategories&post=32004"},{"taxonomy":"post_tag","embeddable":true,"href":"https:\/\/historiografija.hr\/index.php?rest_route=%2Fwp%2Fv2%2Ftags&post=32004"}],"curies":[{"name":"wp","href":"https:\/\/api.w.org\/{rel}","templated":true}]}}