{"id":32001,"date":"2022-07-07T08:15:17","date_gmt":"2022-07-07T08:15:17","guid":{"rendered":"http:\/\/historiografija.hr\/?p=32001"},"modified":"2022-07-07T08:15:17","modified_gmt":"2022-07-07T08:15:17","slug":"medunarodna-radionica-i-studijski-posjet-stara-gradiska-1942-2022-poziv-za-sudionike","status":"publish","type":"post","link":"https:\/\/historiografija.hr\/?p=32001","title":{"rendered":"Me\u0111unarodna radionica i studijski posjet \u201cStara Gradi\u0161ka: 1942. \u2013 2022.\u201d \u2013 POZIV ZA SUDIONIKE"},"content":{"rendered":"\n<p>Me\u0111unarodna radionica i studijski posjet \u201cStara Gradi\u0161ka: 1942. \u2013 2022.\u201d ima za cilj obilje\u017eiti 80. obljetnicu dolaska Diane Budisavljevi\u0107 i njenih kolegica u logor Stara Gradi\u0161ka te se kroz edukativno-glazbeni program prisjetiti preminule i spa\u0161ene djece ovog logora.<\/p>\n\n\n\n<p>Manifestacija \u0107e se odr\u017eati u Zagrebu, Jasenovcu i Staroj Gradi\u0161ci (Hrvatska) od 9. do 11. srpnja 2022.<\/p>\n\n\n\n<p>Da biste se prijavili, molimo ispunite ovaj obrazac: <a href=\"https:\/\/forms.gle\/vxRWZUmde8RPvzEu9\">https:\/\/forms.gle\/vxRWZUmde8RPvzEu9<\/a> do 7. srpnja 2022.<\/p>\n\n\n\n<p>Doga\u0111aj je otvoren za sudionike s prebivali\u0161tem u nekoj od dr\u017eava \u010dlanica Europske unije.<\/p>\n\n\n\n<hr class=\"wp-block-separator\"\/>\n\n\n\n<p>Izvor i dodatne informacije:<\/p>\n\n\n\n<figure class=\"wp-block-embed-wordpress wp-block-embed is-type-wp-embed is-provider-documenta\"><div class=\"wp-block-embed__wrapper\">\n<blockquote class=\"wp-embedded-content\" data-secret=\"T3ooiGJvtQ\"><a href=\"https:\/\/documenta.hr\/novosti\/medunarodna-radionica-i-studijski-posjet-stara-gradiska-1942-2022-poziv-za-sudionike\/\">Me\u0111unarodna radionica i studijski posjet \u201cStara Gradi\u0161ka: 1942. &#8211; 2022.\u201d &#8211; POZIV ZA SUDIONIKE<\/a><\/blockquote><iframe loading=\"lazy\" class=\"wp-embedded-content\" sandbox=\"allow-scripts\" security=\"restricted\" style=\"position: absolute; clip: rect(1px, 1px, 1px, 1px);\" title=\"&#8220;Me\u0111unarodna radionica i studijski posjet \u201cStara Gradi\u0161ka: 1942. &#8211; 2022.\u201d &#8211; POZIV ZA SUDIONIKE&#8221; &#8212; Documenta\" src=\"https:\/\/documenta.hr\/novosti\/medunarodna-radionica-i-studijski-posjet-stara-gradiska-1942-2022-poziv-za-sudionike\/embed\/#?secret=T3ooiGJvtQ\" data-secret=\"T3ooiGJvtQ\" width=\"600\" height=\"338\" frameborder=\"0\" marginwidth=\"0\" marginheight=\"0\" scrolling=\"no\"><\/iframe>\n<\/div><\/figure>\n\n\n\n<hr class=\"wp-block-separator\"\/>\n","protected":false},"excerpt":{"rendered":"","protected":false},"author":2,"featured_media":32002,"comment_status":"open","ping_status":"open","sticky":false,"template":"","format":"standard","meta":{"_acf_changed":false,"_jetpack_newsletter_access":"","_jetpack_dont_email_post_to_subs":false,"_jetpack_newsletter_tier_id":0,"_jetpack_memberships_contains_paywalled_content":false,"_jetpack_memberships_contains_paid_content":false,"footnotes":"","jetpack_publicize_message":"","jetpack_publicize_feature_enabled":true,"jetpack_social_post_already_shared":true,"jetpack_social_options":{"image_generator_settings":{"template":"highway","default_image_id":0,"font":"","enabled":false},"version":2},"jetpack_post_was_ever_published":false},"categories":[3,9],"tags":[],"class_list":["post-32001","post","type-post","status-publish","format-standard","has-post-thumbnail","hentry","category-novosti","category-skupovi"],"acf":{"facebook_opis":""},"jetpack_publicize_connections":[],"jetpack_featured_media_url":"https:\/\/i0.wp.com\/historiografija.hr\/wp-content\/uploads\/2022\/07\/memory.png?fit=662%2C937&ssl=1","jetpack_sharing_enabled":true,"jetpack-related-posts":[{"id":54328,"url":"https:\/\/historiografija.hr\/?p=54328","url_meta":{"origin":32001,"position":0},"title":"Me\u0111unarodna konferencija \u201eArt in Society\u201c, Zagreb, 1. \u2013 4. 7. 2026.","author":"Branimir Jankovi\u0107","date":"26. lipnja 2026.","format":false,"excerpt":"Me\u0111unarodna konferencija \u201eArt in Society\u201c odr\u017eat \u0107e se od 1. do 4. srpnja 2026. godine na Filozofskom fakultetu Sveu\u010dili\u0161ta u Zagrebu. Skup okuplja stru\u010dnjake iz podru\u010dja povijesti umjetnosti, arhitekture, muzeologije i srodnih disciplina iz brojnih zemalja Europe i svijeta. Polaze\u0107i od shva\u0107anja umjetnosti kao aktivne i transformativne sile unutar dru\u0161tvenog\u2026","rel":"","context":"U &quot;Novosti&quot;","block_context":{"text":"Novosti","link":"https:\/\/historiografija.hr\/?cat=3"},"img":{"alt_text":"","src":"https:\/\/i0.wp.com\/historiografija.hr\/wp-content\/uploads\/2026\/06\/ArtinS_2026.jpg?fit=1191%2C839&ssl=1&resize=350%2C200","width":350,"height":200,"srcset":"https:\/\/i0.wp.com\/historiografija.hr\/wp-content\/uploads\/2026\/06\/ArtinS_2026.jpg?fit=1191%2C839&ssl=1&resize=350%2C200 1x, https:\/\/i0.wp.com\/historiografija.hr\/wp-content\/uploads\/2026\/06\/ArtinS_2026.jpg?fit=1191%2C839&ssl=1&resize=525%2C300 1.5x, https:\/\/i0.wp.com\/historiografija.hr\/wp-content\/uploads\/2026\/06\/ArtinS_2026.jpg?fit=1191%2C839&ssl=1&resize=700%2C400 2x, https:\/\/i0.wp.com\/historiografija.hr\/wp-content\/uploads\/2026\/06\/ArtinS_2026.jpg?fit=1191%2C839&ssl=1&resize=1050%2C600 3x"},"classes":[]},{"id":54583,"url":"https:\/\/historiografija.hr\/?p=54583","url_meta":{"origin":32001,"position":1},"title":"Novi interaktivni sadr\u017eaj u Muzejskoj zoni Zra\u010dne luke Franjo Tu\u0111man o nacionalnim simbolima","author":"Branimir Jankovi\u0107","date":"14. srpnja 2026.","format":false,"excerpt":"Zagreb, 9. srpnja 2026. \u2013 Hrvatski povijesni muzej i Me\u0111unarodna zra\u010dna luka Zagreb predstavili su prvo pro\u0161irenje Muzejske zone u putni\u010dkom terminalu. Izlo\u017eba \"Zvijezde hrvatske povijesti: Nebo im je granica. Upoznaj ih!\", otvorena u velja\u010di 2025. godine, od danas je bogatija za svoju 25. zvijezdu \u2013 hrvatsku zastavu. Novi interaktivni\u2026","rel":"","context":"U &quot;Novosti&quot;","block_context":{"text":"Novosti","link":"https:\/\/historiografija.hr\/?cat=3"},"img":{"alt_text":"","src":"https:\/\/i0.wp.com\/historiografija.hr\/wp-content\/uploads\/2026\/07\/Nacionalni-simboli.jpg?fit=1200%2C800&ssl=1&resize=350%2C200","width":350,"height":200,"srcset":"https:\/\/i0.wp.com\/historiografija.hr\/wp-content\/uploads\/2026\/07\/Nacionalni-simboli.jpg?fit=1200%2C800&ssl=1&resize=350%2C200 1x, https:\/\/i0.wp.com\/historiografija.hr\/wp-content\/uploads\/2026\/07\/Nacionalni-simboli.jpg?fit=1200%2C800&ssl=1&resize=525%2C300 1.5x, https:\/\/i0.wp.com\/historiografija.hr\/wp-content\/uploads\/2026\/07\/Nacionalni-simboli.jpg?fit=1200%2C800&ssl=1&resize=700%2C400 2x, https:\/\/i0.wp.com\/historiografija.hr\/wp-content\/uploads\/2026\/07\/Nacionalni-simboli.jpg?fit=1200%2C800&ssl=1&resize=1050%2C600 3x"},"classes":[]},{"id":52148,"url":"https:\/\/historiografija.hr\/?p=52148","url_meta":{"origin":32001,"position":2},"title":"Poziv za prijavu na me\u0111unarodnu znanstvenu konferenciju \u201eGranice (ne)slobode: Zadarski krug 1966. Intelektualna opozicija u totalitarnom dru\u0161tvu\u201c","author":"Branimir Jankovi\u0107","date":"27. o\u017eujka 2026.","format":false,"excerpt":"\u00a0\u00a0\u00a0\u00a0 Povodom \u0161ezdesete obljetnice poku\u0161aja osnivanja \u010dasopisa Slobodan glas u Zadru 1966. godine, pozivamo vas na znanstvenu konferenciju posve\u0107enu istra\u017eivanju disidentstva, intelektualne opozicije i granica divergentnog mi\u0161ljenja nasuprot slu\u017ebenoj ideologiji u komunisti\u010dkoj Jugoslaviji. Ideja konferencije je analizirati konkretan fenomen zadarskog slu\u010daja razloge i okolnosti njegove pojave, ali uz otvaranje komparativnih\u2026","rel":"","context":"U &quot;Novosti&quot;","block_context":{"text":"Novosti","link":"https:\/\/historiografija.hr\/?cat=3"},"img":{"alt_text":"","src":"https:\/\/i0.wp.com\/historiografija.hr\/wp-content\/uploads\/2026\/03\/Poziv-konferencija-Zadar.jpg?fit=1200%2C509&ssl=1&resize=350%2C200","width":350,"height":200,"srcset":"https:\/\/i0.wp.com\/historiografija.hr\/wp-content\/uploads\/2026\/03\/Poziv-konferencija-Zadar.jpg?fit=1200%2C509&ssl=1&resize=350%2C200 1x, https:\/\/i0.wp.com\/historiografija.hr\/wp-content\/uploads\/2026\/03\/Poziv-konferencija-Zadar.jpg?fit=1200%2C509&ssl=1&resize=525%2C300 1.5x, https:\/\/i0.wp.com\/historiografija.hr\/wp-content\/uploads\/2026\/03\/Poziv-konferencija-Zadar.jpg?fit=1200%2C509&ssl=1&resize=700%2C400 2x, https:\/\/i0.wp.com\/historiografija.hr\/wp-content\/uploads\/2026\/03\/Poziv-konferencija-Zadar.jpg?fit=1200%2C509&ssl=1&resize=1050%2C600 3x"},"classes":[]},{"id":54001,"url":"https:\/\/historiografija.hr\/?p=54001","url_meta":{"origin":32001,"position":3},"title":"5. me\u0111unarodna doktorska ljetna \u0161kola &#8220;Nations and Nationalism in the Contemporary World&#8221;","author":"Branimir Jankovi\u0107","date":"10. lipnja 2026.","format":false,"excerpt":"Na Odjelu za sociologiju Sveu\u010dili\u0161ta u Zadru odr\u017eava se 5. me\u0111unarodna doktorska ljetna \u0161kola Nations and Nationalism in the Contemporary World od 8. do 13. lipnja 2026. koju suorganiziraju Odjel za sociologiju i The Association for the Study of Ethnicity and Nationalism, London School of Economics and Political Science. Predava\u010di\u2026","rel":"","context":"U &quot;Novosti&quot;","block_context":{"text":"Novosti","link":"https:\/\/historiografija.hr\/?cat=3"},"img":{"alt_text":"","src":"https:\/\/i0.wp.com\/historiografija.hr\/wp-content\/uploads\/2026\/06\/ASEN-2026.jpg?fit=427%2C600&ssl=1&resize=350%2C200","width":350,"height":200},"classes":[]},{"id":52578,"url":"https:\/\/historiografija.hr\/?p=52578","url_meta":{"origin":32001,"position":4},"title":"Poziv za sudjelovanje: XXII. Dani Julija Bene\u0161i\u0107a u Iloku","author":"Branimir Jankovi\u0107","date":"21. travnja 2026.","format":false,"excerpt":"Zavod za lingvisti\u010dka istra\u017eivanja Hrvatske akademije znanosti i umjetnosti, zajedno s Muzejom grada Iloka, organizira XXII. Dane Julija Bene\u0161i\u0107a, koji \u0107e se odr\u017eati od 28. do 30. listopada 2026. u Iloku.\u00a0Teme ovogodi\u0161njih Dana podijeljene su u dvije cjeline: Knji\u017eevno-jezikoslovni d\u00ecv\u0101n s Bene\u0161i\u0107em te Ilok i Srijem u povijesnim stalnicama i\u2026","rel":"","context":"U &quot;Novosti&quot;","block_context":{"text":"Novosti","link":"https:\/\/historiografija.hr\/?cat=3"},"img":{"alt_text":"","src":"https:\/\/i0.wp.com\/historiografija.hr\/wp-content\/uploads\/2019\/10\/HE2_Benesic.jpg?fit=413%2C591&ssl=1&resize=350%2C200","width":350,"height":200},"classes":[]},{"id":52788,"url":"https:\/\/historiografija.hr\/?p=52788","url_meta":{"origin":32001,"position":5},"title":"Znanstvena radionica \u201eTo\u010dke prijeloma: prekretnice u povijesti \u017eena\u201c","author":"Filip \u0160imunjak","date":"4. svibnja 2026.","format":false,"excerpt":"U sklopu Festivala povijesti Kliofest odr\u017eat \u0107e se u \u010detvrtak, 7. svibnja 2026. od 9.00 do 18.30 sati u Vije\u0107nici Filozofskog fakulteta u Zagrebu radionica To\u010dke prijeloma: prekretnice u povijesti \u017eena u organizaciji znanstvenog projekta HRZZ \u2013 \u017dene i mijene: \u017eene kao subjekti povijesnih mijena u Hrvatskoj (IP-2024-05-3847), Odsjeka za\u2026","rel":"","context":"U &quot;Novosti&quot;","block_context":{"text":"Novosti","link":"https:\/\/historiografija.hr\/?cat=3"},"img":{"alt_text":"","src":"https:\/\/i0.wp.com\/historiografija.hr\/wp-content\/uploads\/2026\/05\/Kliofest-03-cetvrtak-V-21-R-Tocke-prijeloma.jpg?fit=1200%2C566&ssl=1&resize=350%2C200","width":350,"height":200,"srcset":"https:\/\/i0.wp.com\/historiografija.hr\/wp-content\/uploads\/2026\/05\/Kliofest-03-cetvrtak-V-21-R-Tocke-prijeloma.jpg?fit=1200%2C566&ssl=1&resize=350%2C200 1x, https:\/\/i0.wp.com\/historiografija.hr\/wp-content\/uploads\/2026\/05\/Kliofest-03-cetvrtak-V-21-R-Tocke-prijeloma.jpg?fit=1200%2C566&ssl=1&resize=525%2C300 1.5x, https:\/\/i0.wp.com\/historiografija.hr\/wp-content\/uploads\/2026\/05\/Kliofest-03-cetvrtak-V-21-R-Tocke-prijeloma.jpg?fit=1200%2C566&ssl=1&resize=700%2C400 2x, https:\/\/i0.wp.com\/historiografija.hr\/wp-content\/uploads\/2026\/05\/Kliofest-03-cetvrtak-V-21-R-Tocke-prijeloma.jpg?fit=1200%2C566&ssl=1&resize=1050%2C600 3x"},"classes":[]}],"_links":{"self":[{"href":"https:\/\/historiografija.hr\/index.php?rest_route=\/wp\/v2\/posts\/32001","targetHints":{"allow":["GET"]}}],"collection":[{"href":"https:\/\/historiografija.hr\/index.php?rest_route=\/wp\/v2\/posts"}],"about":[{"href":"https:\/\/historiografija.hr\/index.php?rest_route=\/wp\/v2\/types\/post"}],"author":[{"embeddable":true,"href":"https:\/\/historiografija.hr\/index.php?rest_route=\/wp\/v2\/users\/2"}],"replies":[{"embeddable":true,"href":"https:\/\/historiografija.hr\/index.php?rest_route=%2Fwp%2Fv2%2Fcomments&post=32001"}],"version-history":[{"count":1,"href":"https:\/\/historiografija.hr\/index.php?rest_route=\/wp\/v2\/posts\/32001\/revisions"}],"predecessor-version":[{"id":32003,"href":"https:\/\/historiografija.hr\/index.php?rest_route=\/wp\/v2\/posts\/32001\/revisions\/32003"}],"wp:featuredmedia":[{"embeddable":true,"href":"https:\/\/historiografija.hr\/index.php?rest_route=\/wp\/v2\/media\/32002"}],"wp:attachment":[{"href":"https:\/\/historiografija.hr\/index.php?rest_route=%2Fwp%2Fv2%2Fmedia&parent=32001"}],"wp:term":[{"taxonomy":"category","embeddable":true,"href":"https:\/\/historiografija.hr\/index.php?rest_route=%2Fwp%2Fv2%2Fcategories&post=32001"},{"taxonomy":"post_tag","embeddable":true,"href":"https:\/\/historiografija.hr\/index.php?rest_route=%2Fwp%2Fv2%2Ftags&post=32001"}],"curies":[{"name":"wp","href":"https:\/\/api.w.org\/{rel}","templated":true}]}}