{"id":31967,"date":"2022-07-05T19:46:37","date_gmt":"2022-07-05T19:46:37","guid":{"rendered":"http:\/\/historiografija.hr\/?p=31967"},"modified":"2022-07-05T19:46:37","modified_gmt":"2022-07-05T19:46:37","slug":"rachida-lamrabet-reci-to-nekome","status":"publish","type":"post","link":"https:\/\/historiografija.hr\/?p=31967","title":{"rendered":"Rachida Lamrabet, \u201cReci to nekome\u201d"},"content":{"rendered":"\n<p><strong>Od dobitnice Flamanske kulturne nagrade za knji\u017eevnost i BNG New Literature prize, Rachide Lamrabet, u prijevodu Romane Pere\u010dinec dolazi nam roman o vojnicima iz francuskih kolonija izgubljenima u vrtlogu tu\u0111eg rata i vlastitog identiteta te mre\u017ei istina i la\u017ei kojima su oni povezani, a koja je ubojitija od metaka iz strojnica.<\/strong><\/p>\n\n\n\n<hr class=\"wp-block-separator\"\/>\n\n\n\n<p>Mladi Marokanac Amazigh u zatvoru je nakon \u0161to je napao svog oca Francuza. Jedini izlaz je odlazak u rat i on se doista upu\u0161ta u ludilo Prvog svjetskog rata, zajedno s mladi\u0107ima iz drugih francuskih kolonija. Nakon \u0161to korumpirani francuski \u010dasnik strada tijekom napada, Amazigh u svom dnevniku zapisuje da je taj \u010dasnik smrt itekako zaslu\u017eio. Za ovaj \u201e\u010din izdaje\u201d Amazigh biva osu\u0111en na smrt. Nastavljaju\u0107i se i na Camusovog \u201eStranca\u201c i na roman \u201eMeursault, protuistraga\u201c Kamela Daouda, Rachida Lamrabet u romanu \u201eReci to nekome\u201c ispisuje pri\u010du o kolonijalnim vojnicima koji su zahva\u0107eni tu\u0111im ratom, o njihovim ljubavima i mr\u017enji, sudbini, izdaji, identitetu, la\u017eima i istini, ali i o \u010ditanju i pisanju, i vlastitim rije\u010dima koje te mogu izdati i usmrtiti.<\/p>\n\n\n\n<hr class=\"wp-block-separator\"\/>\n\n\n\n<p><strong>Rachida Lamrabet<\/strong><\/p>\n\n\n\n<p>Flamansko-marokanska spisateljica Rachida Lamrabet (1970.) pi\u0161e ponajprije o imigrantskim i identitetskim temama. Za svoj prvi roman \u201cZemlja \u017eena\u201d (2007.) dobila je nagradu za najbolji debitantski roman, dok je njezina zbirka pri\u010da \u201cBo\u017eje dijete\u201d osvojila BNG New Literature prize. U romanu \u201c\u010covjek koji nije htio biti pokopan\u201d pi\u0161e o kulturnim podjelama koje do\u017eivljavaju migranti. \u201cReci to nekome\u201d kronika je marokanskog vojnika koji se borio se tijekom Prvog svjetskog rata na francuskoj strani. Rachida Lamrabet dobitnica je Flamanske kulturne nagrade za knji\u017eevnost 2019. godine.<\/p>\n\n\n\n<hr class=\"wp-block-separator\"\/>\n\n\n\n<p>Nakladnik: Naklada Ljevak<\/p>\n\n\n\n<p>Biblioteka: Biblioteka Cicero<\/p>\n\n\n\n<p>Jezik: hrvatski<\/p>\n\n\n\n<p>Broj stranica: 248<\/p>\n\n\n\n<p>Godina izdanja: 2022<\/p>\n\n\n\n<p>Prevoditelj: Romana Pere\u010dinec<\/p>\n\n\n\n<hr class=\"wp-block-separator\"\/>\n\n\n\n<p>Izvor:<\/p>\n\n\n\n<p><a href=\"https:\/\/www.ljevak.hr\/knjizevnost\/28050-reci-to-nekome.html\">https:\/\/www.ljevak.hr\/knjizevnost\/28050-reci-to-nekome.html<\/a><\/p>\n\n\n\n<hr class=\"wp-block-separator\"\/>\n","protected":false},"excerpt":{"rendered":"","protected":false},"author":2,"featured_media":31968,"comment_status":"open","ping_status":"open","sticky":false,"template":"","format":"standard","meta":{"_acf_changed":false,"jetpack_post_was_ever_published":false,"_jetpack_newsletter_access":"","_jetpack_dont_email_post_to_subs":false,"_jetpack_newsletter_tier_id":0,"_jetpack_memberships_contains_paywalled_content":false,"_jetpack_memberships_contains_paid_content":false,"footnotes":"","jetpack_publicize_message":"","jetpack_publicize_feature_enabled":true,"jetpack_social_post_already_shared":true,"jetpack_social_options":{"image_generator_settings":{"template":"highway","default_image_id":0,"font":"","enabled":false},"version":2}},"categories":[3,12],"tags":[],"class_list":["post-31967","post","type-post","status-publish","format-standard","has-post-thumbnail","hentry","category-novosti","category-knjizevnost"],"acf":{"facebook_opis":""},"jetpack_publicize_connections":[],"jetpack_featured_media_url":"https:\/\/i0.wp.com\/historiografija.hr\/wp-content\/uploads\/2022\/07\/reci-to-nekome.jpg?fit=570%2C678&ssl=1","jetpack_sharing_enabled":true,"jetpack-related-posts":[],"_links":{"self":[{"href":"https:\/\/historiografija.hr\/index.php?rest_route=\/wp\/v2\/posts\/31967","targetHints":{"allow":["GET"]}}],"collection":[{"href":"https:\/\/historiografija.hr\/index.php?rest_route=\/wp\/v2\/posts"}],"about":[{"href":"https:\/\/historiografija.hr\/index.php?rest_route=\/wp\/v2\/types\/post"}],"author":[{"embeddable":true,"href":"https:\/\/historiografija.hr\/index.php?rest_route=\/wp\/v2\/users\/2"}],"replies":[{"embeddable":true,"href":"https:\/\/historiografija.hr\/index.php?rest_route=%2Fwp%2Fv2%2Fcomments&post=31967"}],"version-history":[{"count":1,"href":"https:\/\/historiografija.hr\/index.php?rest_route=\/wp\/v2\/posts\/31967\/revisions"}],"predecessor-version":[{"id":31969,"href":"https:\/\/historiografija.hr\/index.php?rest_route=\/wp\/v2\/posts\/31967\/revisions\/31969"}],"wp:featuredmedia":[{"embeddable":true,"href":"https:\/\/historiografija.hr\/index.php?rest_route=\/wp\/v2\/media\/31968"}],"wp:attachment":[{"href":"https:\/\/historiografija.hr\/index.php?rest_route=%2Fwp%2Fv2%2Fmedia&parent=31967"}],"wp:term":[{"taxonomy":"category","embeddable":true,"href":"https:\/\/historiografija.hr\/index.php?rest_route=%2Fwp%2Fv2%2Fcategories&post=31967"},{"taxonomy":"post_tag","embeddable":true,"href":"https:\/\/historiografija.hr\/index.php?rest_route=%2Fwp%2Fv2%2Ftags&post=31967"}],"curies":[{"name":"wp","href":"https:\/\/api.w.org\/{rel}","templated":true}]}}