{"id":31961,"date":"2022-07-05T19:34:35","date_gmt":"2022-07-05T19:34:35","guid":{"rendered":"http:\/\/historiografija.hr\/?p=31961"},"modified":"2022-07-05T19:37:58","modified_gmt":"2022-07-05T19:37:58","slug":"znanstveni-skup-christliche-existenz-in-totalitaren-systemen-im-20-jahrhundert","status":"publish","type":"post","link":"https:\/\/historiografija.hr\/?p=31961","title":{"rendered":"Znanstveni skup &#8220;Christliche Existenz in totalit\u00e4ren Systemen im 20. Jahrhundert&#8221;"},"content":{"rendered":"\n<p>U M\u00fcnchenu \u0107e se 8. srpnja 2022. odr\u017eati znanstveni skup &#8220;Christliche Existenz in totalit\u00e4ren Systemen im 20. Jahrhundert&#8221; koji organiziraju Institut f\u00fcr Kirchen- und Kulturgeschichte der Deutschen in Ostmittel- und S\u00fcdosteuropa u T\u00fcbingenu i Institut f\u00fcr deutsche Kultur und Geschichte S\u00fcdosteuropas Ludwig-Maximilians sveu\u010dili\u0161ta u M\u00fcnchenu. Na skupu \u2013 \u010diji je ovogodi\u0161nji fokus na Jugoslaviji, odnosno Hrvatskoj \u2013 izlagat \u0107e, izme\u0111u ostalih, Matko Globa\u010dnik o nastanku knjige \u201eMagnum Crimen\u201c Viktora Novaka (&#8220;\u00dcber die Entstehung des Buches \u201eMagnum Crimen&#8221; von Viktor Novak&#8221;). U doga\u0111anje su uklju\u010deni i studenti Sveu\u010dili\u0161ta u Splitu u suradnji s Aleksandrom Jakirom.<\/p>\n\n\n\n<hr class=\"wp-block-separator\"\/>\n\n\n\n<p><strong>Op\u0161irnije:<\/strong><\/p>\n\n\n\n<p><a href=\"http:\/\/ikkdos.de\/index.php\">http:\/\/ikkdos.de\/index.php<\/a><\/p>\n\n\n\n<div class=\"wp-block-file\"><a href=\"https:\/\/historiografija.hr\/wp-content\/uploads\/2022\/07\/Einladung-Tagung-2022-IKKDOS.pdf\">Einladung-Tagung-2022-IKKDOS<\/a><a href=\"https:\/\/historiografija.hr\/wp-content\/uploads\/2022\/07\/Einladung-Tagung-2022-IKKDOS.pdf\" class=\"wp-block-file__button\" download>Preuzmi<\/a><\/div>\n\n\n\n<hr class=\"wp-block-separator\"\/>\n\n\n\n<p><\/p>\n","protected":false},"excerpt":{"rendered":"","protected":false},"author":2,"featured_media":31963,"comment_status":"open","ping_status":"open","sticky":false,"template":"","format":"standard","meta":{"_acf_changed":false,"jetpack_post_was_ever_published":false,"_jetpack_newsletter_access":"","_jetpack_dont_email_post_to_subs":false,"_jetpack_newsletter_tier_id":0,"_jetpack_memberships_contains_paywalled_content":false,"_jetpack_memberships_contains_paid_content":false,"footnotes":"","jetpack_publicize_message":"","jetpack_publicize_feature_enabled":true,"jetpack_social_post_already_shared":true,"jetpack_social_options":{"image_generator_settings":{"template":"highway","default_image_id":0,"font":"","enabled":false},"version":2}},"categories":[3,9],"tags":[],"class_list":["post-31961","post","type-post","status-publish","format-standard","has-post-thumbnail","hentry","category-novosti","category-skupovi"],"acf":{"facebook_opis":""},"jetpack_publicize_connections":[],"jetpack_featured_media_url":"https:\/\/i0.wp.com\/historiografija.hr\/wp-content\/uploads\/2022\/07\/Vier_Gebaeude.jpg?fit=1569%2C1000&ssl=1","jetpack_sharing_enabled":true,"jetpack-related-posts":[],"_links":{"self":[{"href":"https:\/\/historiografija.hr\/index.php?rest_route=\/wp\/v2\/posts\/31961","targetHints":{"allow":["GET"]}}],"collection":[{"href":"https:\/\/historiografija.hr\/index.php?rest_route=\/wp\/v2\/posts"}],"about":[{"href":"https:\/\/historiografija.hr\/index.php?rest_route=\/wp\/v2\/types\/post"}],"author":[{"embeddable":true,"href":"https:\/\/historiografija.hr\/index.php?rest_route=\/wp\/v2\/users\/2"}],"replies":[{"embeddable":true,"href":"https:\/\/historiografija.hr\/index.php?rest_route=%2Fwp%2Fv2%2Fcomments&post=31961"}],"version-history":[{"count":3,"href":"https:\/\/historiografija.hr\/index.php?rest_route=\/wp\/v2\/posts\/31961\/revisions"}],"predecessor-version":[{"id":31966,"href":"https:\/\/historiografija.hr\/index.php?rest_route=\/wp\/v2\/posts\/31961\/revisions\/31966"}],"wp:featuredmedia":[{"embeddable":true,"href":"https:\/\/historiografija.hr\/index.php?rest_route=\/wp\/v2\/media\/31963"}],"wp:attachment":[{"href":"https:\/\/historiografija.hr\/index.php?rest_route=%2Fwp%2Fv2%2Fmedia&parent=31961"}],"wp:term":[{"taxonomy":"category","embeddable":true,"href":"https:\/\/historiografija.hr\/index.php?rest_route=%2Fwp%2Fv2%2Fcategories&post=31961"},{"taxonomy":"post_tag","embeddable":true,"href":"https:\/\/historiografija.hr\/index.php?rest_route=%2Fwp%2Fv2%2Ftags&post=31961"}],"curies":[{"name":"wp","href":"https:\/\/api.w.org\/{rel}","templated":true}]}}