{"id":31945,"date":"2022-07-04T13:05:34","date_gmt":"2022-07-04T13:05:34","guid":{"rendered":"http:\/\/historiografija.hr\/?p=31945"},"modified":"2022-07-04T13:05:34","modified_gmt":"2022-07-04T13:05:34","slug":"zvjezdan-strika-partikularni-sabori-i-dijecezanske-sinode-zadarske-crkve-povijesno-kronoloski-pregled-saborske-i-sinodalne-tradicije-od-samih-pocetaka-do-svrsetka-17-stoljeca","status":"publish","type":"post","link":"https:\/\/historiografija.hr\/?p=31945","title":{"rendered":"Zvjezdan Strika, &#8220;Partikularni sabori i dijecezanske sinode Zadarske crkve: povijesno-kronolo\u0161ki pregled saborske i sinodalne tradicije od samih po\u010detaka do svr\u0161etka 17. stolje\u0107a&#8221;"},"content":{"rendered":"\n<p>Partikularni sabori i dijecezanske sinode Zadarske crkve: povijesno-kronolo\u0161ki pregled saborske i sinodalne tradicije od samih po\u010detaka do svr\u0161etka 17. stolje\u0107a autora Zvjezdana Strike donosi pregled i analizu odr\u017eanih sinoda mjesne Crkve u Zadru u razdoblju od 11. do 17. stolje\u0107a, \u0161to \u010dini ovo djelo jedinstvenim u poznavanju zadarske crkvene pro\u0161losti. Djelo \u0107e ponajvi\u0161e biti korisno povjesni\u010darima (crkvenim povjesni\u010darima) u daljnjem prou\u010davanju pro\u0161losti i crkvenih prilika na podru\u010dju Zadarske nadbiskupije. S obzirom da je rije\u010d o radu \u010diji se rezultati istra\u017eivanja baziraju na izvornicima, a autor daje korektnu interpretaciju doga\u0111aja usko povezanih s odr\u017eavanjem crkvenih sinoda na zadarskom podru\u010dju &#8211; djelo \u010dini nezaobilaznu literature za budu\u0107a promi\u0161ljanja i kriti\u010dke osvrte na razmatranu problematiku.<\/p>\n\n\n\n<hr class=\"wp-block-separator\"\/>\n\n\n\n<p>Izvor:<\/p>\n\n\n\n<p><a href=\"https:\/\/www.unizd.hr\/obavijesti\/view\/nova-izdanja-sveucilista-u-zadru-9\">https:\/\/www.unizd.hr\/obavijesti\/view\/nova-izdanja-sveucilista-u-zadru-9<\/a><\/p>\n\n\n\n<p><a href=\"https:\/\/www.unizd.hr\/teoloskokatehetskiodjel\/obavijesti\/view\/predstavljanje-knjige-partikularni-sabori-i-dijecezanske-sinode-zadarske-crkve-autora-dr-sc-zvjezdana-strike\">https:\/\/www.unizd.hr\/teoloskokatehetskiodjel\/obavijesti\/view\/predstavljanje-knjige-partikularni-sabori-i-dijecezanske-sinode-zadarske-crkve-autora-dr-sc-zvjezdana-strike<\/a><\/p>\n\n\n\n<hr class=\"wp-block-separator\"\/>\n","protected":false},"excerpt":{"rendered":"","protected":false},"author":2,"featured_media":31946,"comment_status":"open","ping_status":"open","sticky":false,"template":"","format":"standard","meta":{"_acf_changed":false,"jetpack_post_was_ever_published":false,"_jetpack_newsletter_access":"","_jetpack_dont_email_post_to_subs":false,"_jetpack_newsletter_tier_id":0,"_jetpack_memberships_contains_paywalled_content":false,"_jetpack_memberships_contains_paid_content":false,"footnotes":"","jetpack_publicize_message":"","jetpack_publicize_feature_enabled":true,"jetpack_social_post_already_shared":true,"jetpack_social_options":{"image_generator_settings":{"template":"highway","default_image_id":0,"font":"","enabled":false},"version":2}},"categories":[8,3],"tags":[],"class_list":["post-31945","post","type-post","status-publish","format-standard","has-post-thumbnail","hentry","category-knjige","category-novosti"],"acf":{"facebook_opis":""},"jetpack_publicize_connections":[],"jetpack_featured_media_url":"https:\/\/i0.wp.com\/historiografija.hr\/wp-content\/uploads\/2022\/07\/Strika.jpg?fit=1260%2C1776&ssl=1","jetpack_sharing_enabled":true,"jetpack-related-posts":[],"_links":{"self":[{"href":"https:\/\/historiografija.hr\/index.php?rest_route=\/wp\/v2\/posts\/31945","targetHints":{"allow":["GET"]}}],"collection":[{"href":"https:\/\/historiografija.hr\/index.php?rest_route=\/wp\/v2\/posts"}],"about":[{"href":"https:\/\/historiografija.hr\/index.php?rest_route=\/wp\/v2\/types\/post"}],"author":[{"embeddable":true,"href":"https:\/\/historiografija.hr\/index.php?rest_route=\/wp\/v2\/users\/2"}],"replies":[{"embeddable":true,"href":"https:\/\/historiografija.hr\/index.php?rest_route=%2Fwp%2Fv2%2Fcomments&post=31945"}],"version-history":[{"count":1,"href":"https:\/\/historiografija.hr\/index.php?rest_route=\/wp\/v2\/posts\/31945\/revisions"}],"predecessor-version":[{"id":31947,"href":"https:\/\/historiografija.hr\/index.php?rest_route=\/wp\/v2\/posts\/31945\/revisions\/31947"}],"wp:featuredmedia":[{"embeddable":true,"href":"https:\/\/historiografija.hr\/index.php?rest_route=\/wp\/v2\/media\/31946"}],"wp:attachment":[{"href":"https:\/\/historiografija.hr\/index.php?rest_route=%2Fwp%2Fv2%2Fmedia&parent=31945"}],"wp:term":[{"taxonomy":"category","embeddable":true,"href":"https:\/\/historiografija.hr\/index.php?rest_route=%2Fwp%2Fv2%2Fcategories&post=31945"},{"taxonomy":"post_tag","embeddable":true,"href":"https:\/\/historiografija.hr\/index.php?rest_route=%2Fwp%2Fv2%2Ftags&post=31945"}],"curies":[{"name":"wp","href":"https:\/\/api.w.org\/{rel}","templated":true}]}}