{"id":31936,"date":"2022-07-01T16:25:46","date_gmt":"2022-07-01T16:25:46","guid":{"rendered":"http:\/\/historiografija.hr\/?p=31936"},"modified":"2022-07-01T16:25:46","modified_gmt":"2022-07-01T16:25:46","slug":"kako-nas-vide-drugi-filozof-paul-ricoeur-o-povjesnicaru-koji-donosi-razumijevanje-bez-osudivanja-i-smisljanja-isprika","status":"publish","type":"post","link":"https:\/\/historiografija.hr\/?p=31936","title":{"rendered":"Kako nas vide drugi \u2013 filozof Paul Ricoeur o povjesni\u010daru koji donosi razumijevanje, bez osu\u0111ivanja i smi\u0161ljanja isprika"},"content":{"rendered":"\n<p>\u201cNakon desetlje\u0107a razmi\u0161ljanja o pam\u0107enju, povijesti i zaboravu, filozof Paul Ricoeur je ne tako davno ustvrdio: \u201cPresuda i kazna su stvar suca; borba protiv zaborava i za istinito sje\u0107anje je stvar gra\u0111anina; povjesni\u010daru preostaje razumijevanje, bez osu\u0111ivanja i bez smi\u0161ljanja isprika\u201d.<\/p>\n\n\n\n<p>(\u2026)<\/p>\n\n\n\n<p>S druge strane, radi se o tendencijama globalizirane kulture sje\u0107anja, za koju samokriti\u010dno suo\u010davanje s Auschwitzom kao \u201ccivilizacijskim lomom\u201d (Dan Diner) i negativnim povijesnim znakom univerzalnog zna\u010denja predstavlja \u201cproces koji je nemogu\u0107e okon\u010dati i koji ne zastarijeva\u201d. To vrijedi i posebno \u0107e i dalje vrijediti u Njema\u010dkoj jer, kako je to rekao hambur\u0161ki politolog Peter Reichel, Auschwitz \u201cdobiva i zadr\u017eava svoj identitet kao njema\u010dko mjesto pam\u0107enja kroz temeljno i dvostruko pitanje: za\u0161to se Hitlera nije moglo sprije\u010diti i za\u0161to se nasilni zlo\u010din dogodio upravo u Njema\u010dkoj?\u201d.<\/p>\n\n\n\n<p>Iz te napetosti izme\u0111u refleksivne obrade, rada na sje\u0107anju i eti\u010dko-politi\u010dke odgovornosti nastaje stvarni izazov za svakoga, povjesni\u010dara, gra\u0111anina, \u010dovjeka.\u201d<\/p>\n\n\n\n<hr class=\"wp-block-separator\"\/>\n\n\n\n<p>Etienne Fran\u00e7ois, \u201cVelike pripovijesti i brana sje\u0107anja. Sje\u0107anje na Drugi svjetski rat izme\u0111u nacionalizacije i univerzalizacije\u201d, u: <em>Kultura pam\u0107enja i historija<\/em>, prir. Maja Brklja\u010di\u0107, Sandra Prlenda, Zagreb 2006, str. 235.<\/p>\n\n\n\n<hr class=\"wp-block-separator\"\/>\n","protected":false},"excerpt":{"rendered":"","protected":false},"author":2,"featured_media":14082,"comment_status":"open","ping_status":"open","sticky":false,"template":"","format":"standard","meta":{"_acf_changed":false,"jetpack_post_was_ever_published":false,"_jetpack_newsletter_access":"","_jetpack_dont_email_post_to_subs":false,"_jetpack_newsletter_tier_id":0,"_jetpack_memberships_contains_paywalled_content":false,"_jetpack_memberships_contains_paid_content":false,"footnotes":"","jetpack_publicize_message":"","jetpack_publicize_feature_enabled":true,"jetpack_social_post_already_shared":true,"jetpack_social_options":{"image_generator_settings":{"template":"highway","default_image_id":0,"font":"","enabled":false},"version":2}},"categories":[3,11],"tags":[],"class_list":["post-31936","post","type-post","status-publish","format-standard","has-post-thumbnail","hentry","category-novosti","category-rubrike"],"acf":{"facebook_opis":""},"jetpack_publicize_connections":[],"jetpack_featured_media_url":"https:\/\/i0.wp.com\/historiografija.hr\/wp-content\/uploads\/2019\/03\/kpih.jpg?fit=200%2C310&ssl=1","jetpack_sharing_enabled":true,"jetpack-related-posts":[],"_links":{"self":[{"href":"https:\/\/historiografija.hr\/index.php?rest_route=\/wp\/v2\/posts\/31936","targetHints":{"allow":["GET"]}}],"collection":[{"href":"https:\/\/historiografija.hr\/index.php?rest_route=\/wp\/v2\/posts"}],"about":[{"href":"https:\/\/historiografija.hr\/index.php?rest_route=\/wp\/v2\/types\/post"}],"author":[{"embeddable":true,"href":"https:\/\/historiografija.hr\/index.php?rest_route=\/wp\/v2\/users\/2"}],"replies":[{"embeddable":true,"href":"https:\/\/historiografija.hr\/index.php?rest_route=%2Fwp%2Fv2%2Fcomments&post=31936"}],"version-history":[{"count":1,"href":"https:\/\/historiografija.hr\/index.php?rest_route=\/wp\/v2\/posts\/31936\/revisions"}],"predecessor-version":[{"id":31937,"href":"https:\/\/historiografija.hr\/index.php?rest_route=\/wp\/v2\/posts\/31936\/revisions\/31937"}],"wp:featuredmedia":[{"embeddable":true,"href":"https:\/\/historiografija.hr\/index.php?rest_route=\/wp\/v2\/media\/14082"}],"wp:attachment":[{"href":"https:\/\/historiografija.hr\/index.php?rest_route=%2Fwp%2Fv2%2Fmedia&parent=31936"}],"wp:term":[{"taxonomy":"category","embeddable":true,"href":"https:\/\/historiografija.hr\/index.php?rest_route=%2Fwp%2Fv2%2Fcategories&post=31936"},{"taxonomy":"post_tag","embeddable":true,"href":"https:\/\/historiografija.hr\/index.php?rest_route=%2Fwp%2Fv2%2Ftags&post=31936"}],"curies":[{"name":"wp","href":"https:\/\/api.w.org\/{rel}","templated":true}]}}