{"id":31929,"date":"2022-07-01T15:53:19","date_gmt":"2022-07-01T15:53:19","guid":{"rendered":"http:\/\/historiografija.hr\/?p=31929"},"modified":"2022-07-01T15:53:19","modified_gmt":"2022-07-01T15:53:19","slug":"anne-applebaum-sumrak-demokracije-zavodljivi-zov-autoritarnosti","status":"publish","type":"post","link":"https:\/\/historiografija.hr\/?p=31929","title":{"rendered":"Anne Applebaum, \u201eSumrak demokracije. Zavodljivi zov autoritarnosti\u201c"},"content":{"rendered":"\n<p>\u201eSumrak demokracije\u201c njena je posljednja knjiga. U njoj prikazuje kakve opasnosti prijete demokratskim dru\u0161tvima i dr\u017eavama od populisti\u010dkih, demago\u0161kih pokreta koji se pojavljuju u razli\u010ditim zemljama. Povijesno iskustvo i znanje Anne Applebaum o suvremenoj Europi i Sjedinjenim Dr\u017eavama omogu\u0107uje joj detektiranje onog vje\u010dnog i posebnog kada je rije\u010d o politi\u010dkim opasnostima danas. Sumrak demokracije nudi mnoge spoznaje o dugoj borbi izme\u0111u demokracij\u00e2 i diktatur\u00e2. No, mo\u017eda je najva\u017enije \u0161to knjiga ukazuje na to koliko je demokracija krhka, koliko ovisi o svakodnevnim odlukama, kako elit\u00e2, tako i obi\u010dnih ljudi. U ovoj se knjizi usredoto\u010dila na veliko pitanje kojim se intenzivno bavi i u Europi i u Americi, a to je pitanje u \u010demu je demokracija oti\u0161la krivim putem. Ovaj jedinstveni dokument, napisan s puno energije, pameti i razumijevanja, njezin je odgovor. To je otre\u017enjuju\u0107i, \u0161okantan prikaz rasta autoritarizma na Zapadu.<\/p>\n\n\n\n<hr class=\"wp-block-separator\"\/>\n\n\n\n<p><strong>Anne Applebaum<\/strong><\/p>\n\n\n\n<p>Anne Elizabeth Applebaum (1964.) ameri\u010dka je novinarka i povjesni\u010darka, stru\u010dnjakinja za razvoj civilnog dru\u0161tva u biv\u0161im komunisti\u010dkim zemljama srednje i isto\u010dne Europe. Dugogodi\u0161nja je kolumnistica Washington Posta i Atlantica. Kritika je prihvatila i nagradila tri povijesne knjige koje je napisala o Sovjetskom savezu: Crvena glad, \u017deljezna zavjesa i Gulag, za koju je dobila Pulitzerovu nagradu.<\/p>\n\n\n\n<hr class=\"wp-block-separator\"\/>\n\n\n\n<p>Nakladnik: Profil<\/p>\n\n\n\n<p>Jezik: hrvatski<\/p>\n\n\n\n<p>Broj stranica: 148<\/p>\n\n\n\n<p>Godina izdanja: 2022<\/p>\n\n\n\n<p>Prevoditelj: Dra\u017een \u010culi\u0107<\/p>\n\n\n\n<hr class=\"wp-block-separator\"\/>\n\n\n\n<p>Izvor:<\/p>\n\n\n\n<p><a href=\"https:\/\/www.ljevak.hr\/publicistika\/28165-sumrak-demokracije.html\">https:\/\/www.ljevak.hr\/publicistika\/28165-sumrak-demokracije.html<\/a><\/p>\n\n\n\n<hr class=\"wp-block-separator\"\/>\n","protected":false},"excerpt":{"rendered":"","protected":false},"author":2,"featured_media":31930,"comment_status":"open","ping_status":"open","sticky":false,"template":"","format":"standard","meta":{"_acf_changed":false,"jetpack_post_was_ever_published":false,"_jetpack_newsletter_access":"","_jetpack_dont_email_post_to_subs":false,"_jetpack_newsletter_tier_id":0,"_jetpack_memberships_contains_paywalled_content":false,"_jetpack_memberships_contains_paid_content":false,"footnotes":"","jetpack_publicize_message":"","jetpack_publicize_feature_enabled":true,"jetpack_social_post_already_shared":true,"jetpack_social_options":{"image_generator_settings":{"template":"highway","default_image_id":0,"font":"","enabled":false},"version":2}},"categories":[8,3],"tags":[],"class_list":["post-31929","post","type-post","status-publish","format-standard","has-post-thumbnail","hentry","category-knjige","category-novosti"],"acf":{"facebook_opis":""},"jetpack_publicize_connections":[],"jetpack_featured_media_url":"https:\/\/i0.wp.com\/historiografija.hr\/wp-content\/uploads\/2022\/07\/sumrak-demokracije.jpg?fit=570%2C678&ssl=1","jetpack_sharing_enabled":true,"jetpack-related-posts":[],"_links":{"self":[{"href":"https:\/\/historiografija.hr\/index.php?rest_route=\/wp\/v2\/posts\/31929","targetHints":{"allow":["GET"]}}],"collection":[{"href":"https:\/\/historiografija.hr\/index.php?rest_route=\/wp\/v2\/posts"}],"about":[{"href":"https:\/\/historiografija.hr\/index.php?rest_route=\/wp\/v2\/types\/post"}],"author":[{"embeddable":true,"href":"https:\/\/historiografija.hr\/index.php?rest_route=\/wp\/v2\/users\/2"}],"replies":[{"embeddable":true,"href":"https:\/\/historiografija.hr\/index.php?rest_route=%2Fwp%2Fv2%2Fcomments&post=31929"}],"version-history":[{"count":1,"href":"https:\/\/historiografija.hr\/index.php?rest_route=\/wp\/v2\/posts\/31929\/revisions"}],"predecessor-version":[{"id":31931,"href":"https:\/\/historiografija.hr\/index.php?rest_route=\/wp\/v2\/posts\/31929\/revisions\/31931"}],"wp:featuredmedia":[{"embeddable":true,"href":"https:\/\/historiografija.hr\/index.php?rest_route=\/wp\/v2\/media\/31930"}],"wp:attachment":[{"href":"https:\/\/historiografija.hr\/index.php?rest_route=%2Fwp%2Fv2%2Fmedia&parent=31929"}],"wp:term":[{"taxonomy":"category","embeddable":true,"href":"https:\/\/historiografija.hr\/index.php?rest_route=%2Fwp%2Fv2%2Fcategories&post=31929"},{"taxonomy":"post_tag","embeddable":true,"href":"https:\/\/historiografija.hr\/index.php?rest_route=%2Fwp%2Fv2%2Ftags&post=31929"}],"curies":[{"name":"wp","href":"https:\/\/api.w.org\/{rel}","templated":true}]}}