{"id":31920,"date":"2022-06-30T11:51:40","date_gmt":"2022-06-30T11:51:40","guid":{"rendered":"http:\/\/historiografija.hr\/?p=31920"},"modified":"2022-06-30T11:51:40","modified_gmt":"2022-06-30T11:51:40","slug":"16-festival-tolerancije","status":"publish","type":"post","link":"https:\/\/historiografija.hr\/?p=31920","title":{"rendered":"16. Festival tolerancije"},"content":{"rendered":"\n<p>\u201eSVE SE MIJENJA\u201c moto je ovogodi\u0161njeg, 16. Festivala tolerancije koji \u0107e sljede\u0107a \u010detiri vru\u0107a ljetna dana posvetiti osvje\u0161tavanju razli\u010ditosti i me\u0111usobnog prihva\u0107anja. Na \u010detiri open air pozornice od 30. lipnja do 3. srpnja prikazat \u0107e se filmovi iz \u010dak 30 zemalja, uprili\u010diti kvalitetan glazbeni program svaku ve\u010der, stand up predstave, panel-diskusije te izlo\u017eba. Ovaj put ne\u0107e biti restrikcija zbog COVIDA; bit \u0107e pristupa\u010dan svima i besplatan.&nbsp;<\/p>\n\n\n\n<p>Vidimo se na Bundeku!<\/p>\n\n\n\n<p>Program je, kao i prethodnih godina, besplatan, sufinanciran sredstvima Grada Zagreba, HAVC-a, UNHCR-a Hrvatska, Atlantic Grupe, Turisti\u010dke zajednice grada Zagreba i drugih partnera.<\/p>\n\n\n\n<hr class=\"wp-block-separator\"\/>\n\n\n\n<p>Izvor i program:<\/p>\n\n\n\n<p><a href=\"https:\/\/festivaloftolerance.com\/festival-tolerancije\">https:\/\/festivaloftolerance.com\/festival-tolerancije<\/a><\/p>\n\n\n\n<p><a href=\"https:\/\/www.facebook.com\/ZgJewishFilmFestival\">https:\/\/www.facebook.com\/ZgJewishFilmFestival<\/a><\/p>\n\n\n\n<hr class=\"wp-block-separator\"\/>\n","protected":false},"excerpt":{"rendered":"","protected":false},"author":2,"featured_media":31921,"comment_status":"open","ping_status":"open","sticky":false,"template":"","format":"standard","meta":{"_acf_changed":false,"jetpack_post_was_ever_published":false,"_jetpack_newsletter_access":"","_jetpack_dont_email_post_to_subs":false,"_jetpack_newsletter_tier_id":0,"_jetpack_memberships_contains_paywalled_content":false,"_jetpack_memberships_contains_paid_content":false,"footnotes":"","jetpack_publicize_message":"","jetpack_publicize_feature_enabled":true,"jetpack_social_post_already_shared":true,"jetpack_social_options":{"image_generator_settings":{"template":"highway","default_image_id":0,"font":"","enabled":false},"version":2}},"categories":[13,3],"tags":[],"class_list":["post-31920","post","type-post","status-publish","format-standard","has-post-thumbnail","hentry","category-filmovi-i-serije","category-novosti"],"acf":{"facebook_opis":""},"jetpack_publicize_connections":[],"jetpack_featured_media_url":"https:\/\/i0.wp.com\/historiografija.hr\/wp-content\/uploads\/2022\/06\/Festival-tolerancije.jpg?fit=960%2C422&ssl=1","jetpack_sharing_enabled":true,"jetpack-related-posts":[],"_links":{"self":[{"href":"https:\/\/historiografija.hr\/index.php?rest_route=\/wp\/v2\/posts\/31920","targetHints":{"allow":["GET"]}}],"collection":[{"href":"https:\/\/historiografija.hr\/index.php?rest_route=\/wp\/v2\/posts"}],"about":[{"href":"https:\/\/historiografija.hr\/index.php?rest_route=\/wp\/v2\/types\/post"}],"author":[{"embeddable":true,"href":"https:\/\/historiografija.hr\/index.php?rest_route=\/wp\/v2\/users\/2"}],"replies":[{"embeddable":true,"href":"https:\/\/historiografija.hr\/index.php?rest_route=%2Fwp%2Fv2%2Fcomments&post=31920"}],"version-history":[{"count":1,"href":"https:\/\/historiografija.hr\/index.php?rest_route=\/wp\/v2\/posts\/31920\/revisions"}],"predecessor-version":[{"id":31922,"href":"https:\/\/historiografija.hr\/index.php?rest_route=\/wp\/v2\/posts\/31920\/revisions\/31922"}],"wp:featuredmedia":[{"embeddable":true,"href":"https:\/\/historiografija.hr\/index.php?rest_route=\/wp\/v2\/media\/31921"}],"wp:attachment":[{"href":"https:\/\/historiografija.hr\/index.php?rest_route=%2Fwp%2Fv2%2Fmedia&parent=31920"}],"wp:term":[{"taxonomy":"category","embeddable":true,"href":"https:\/\/historiografija.hr\/index.php?rest_route=%2Fwp%2Fv2%2Fcategories&post=31920"},{"taxonomy":"post_tag","embeddable":true,"href":"https:\/\/historiografija.hr\/index.php?rest_route=%2Fwp%2Fv2%2Ftags&post=31920"}],"curies":[{"name":"wp","href":"https:\/\/api.w.org\/{rel}","templated":true}]}}