{"id":31902,"date":"2022-06-29T12:56:59","date_gmt":"2022-06-29T12:56:59","guid":{"rendered":"http:\/\/historiografija.hr\/?p=31902"},"modified":"2022-06-29T12:58:03","modified_gmt":"2022-06-29T12:58:03","slug":"cfa-authoritarianism-in-world-history","status":"publish","type":"post","link":"https:\/\/historiografija.hr\/?p=31902","title":{"rendered":"CfA: Authoritarianism in World History"},"content":{"rendered":"\n<p><em>World History Connected<\/em>, an 18 year-old affiliate of the World History Association averaging 1.8 million readers annually, is seeking articles for its forthcoming Forum section devoted to \u201cAuthoritarianism in World History.\u201d Articles may focus on research or pedagogy. Theoretical and case studies are welcome. The deadline for submissions is June 27, 2023 with publication expected in October 2023. As always, individual articles on any subject germane to world history may be submitted at any time.<\/p>\n\n\n\n<p>Those interested in submitting articles for this or any forthcoming issue, should write to the Editor, Marc Jason Gilbert, at mgilbert@hpu.edu, with the subject line \u201cWHC Submission.\u201d Prospective authors of articles should incorporate into their submissions guidelines provided at its website, <a href=\"https:\/\/worldhistoryconnected.press.uillinois.edu\/submissions.html\" target=\"_blank\" rel=\"noreferrer noopener\">https:\/\/worldhistoryconnected.press.uillinois.edu\/submissions.html<\/a> or obtained by writing directly to the Editor.<\/p>\n\n\n\n<p>Between now and then, the Forum sections of this double-blind peer review e-journal (ISSN 1931-8642) address \u201cIndia: Teaching and Research in Time of Pandemic\u201d (current issue, Guest editors, Gary G. Gibbs and Whitney A. M. Leeson); \u201cOral History and World History\u201d (Guest editors Tiffany Trimmer and Julie Weiskopf); \u201cWorld History Standards\u201d (Guest Editor, Stephen Jackson); and \u201cThe American West in World History\u201d (Guest editor, Vera Parham). Submissions may still be sent within the deadlines of all but the current issue, which can be supplied by writing to the Editor. Again, individual articles not related to Forum sections appear in each issue.<\/p>\n\n\n\n<p>World History Connected invites Guest Editors with an interest in shaping future &#8220;Forum\u201d sections, such as those above. Past Guest Editors have included several Presidents of the American Historical Association and the World History Association including the latter&#8217;s current President, Jonathan Reynolds. The journal also provides a set of guidelines for prospective Guest Editors. Inquiries should be directed to the Editor.<\/p>\n\n\n\n<p>Regular readers of the journal may wish to know that it is currently transitioning from the University of Illinois Press, its publisher since 2006, to George Mason University, long-known for its support of world history and global studies.<strong>Contact (announcement)<\/strong><\/p>\n\n\n\n<p>Marc Jason Gilbert<br>Editor, World History Connected<br>Hawaii Pacific University<br>mgilbert@hpu.edu<a href=\"https:\/\/worldhistoryconnected.press.uillinois.edu\/\" target=\"_blank\" rel=\"noreferrer noopener\">https:\/\/worldhistoryconnected.press.uillinois.edu\/<\/a><\/p>\n\n\n\n<hr class=\"wp-block-separator\"\/>\n\n\n\n<p>Citation Authoritarianism in World History, in: Connections. A Journal for Historians and Area Specialists, 17.06.2022, <a href=\"http:\/\/www.connections.clio-online.net\/event\/id\/event-118537\">&lt;www.connections.clio-online.net\/event\/id\/event-118537><\/a>.<\/p>\n\n\n\n<hr class=\"wp-block-separator\"\/>\n","protected":false},"excerpt":{"rendered":"","protected":false},"author":2,"featured_media":31903,"comment_status":"open","ping_status":"open","sticky":false,"template":"","format":"standard","meta":{"_acf_changed":false,"_jetpack_newsletter_access":"","_jetpack_dont_email_post_to_subs":false,"_jetpack_newsletter_tier_id":0,"_jetpack_memberships_contains_paywalled_content":false,"_jetpack_memberships_contains_paid_content":false,"footnotes":"","jetpack_publicize_message":"","jetpack_publicize_feature_enabled":true,"jetpack_social_post_already_shared":true,"jetpack_social_options":{"image_generator_settings":{"template":"highway","default_image_id":0,"font":"","enabled":false},"version":2},"jetpack_post_was_ever_published":false},"categories":[3],"tags":[],"class_list":["post-31902","post","type-post","status-publish","format-standard","has-post-thumbnail","hentry","category-novosti"],"acf":{"facebook_opis":""},"jetpack_publicize_connections":[],"jetpack_featured_media_url":"https:\/\/i0.wp.com\/historiografija.hr\/wp-content\/uploads\/2022\/06\/WHClogo.gif?fit=500%2C100&ssl=1","jetpack_sharing_enabled":true,"jetpack-related-posts":[{"id":54410,"url":"https:\/\/historiografija.hr\/?p=54410","url_meta":{"origin":31902,"position":0},"title":"CfA: Teaching World History in the Postmodern Classroom","author":"Branimir Jankovi\u0107","date":"1. srpnja 2026.","format":false,"excerpt":"World History Bulletin, a publication of the World History Association (WHA), is seeking contributions from educators, university faculty, curriculum specialists, public historians, graduate students, and educational researchers for its upcoming issue on \u201cTeaching World History in the Postmodern Classroom.\u201d Teaching World History in the Postmodern Classroom Guest edited by Heather\u2026","rel":"","context":"U &quot;Novosti&quot;","block_context":{"text":"Novosti","link":"https:\/\/historiografija.hr\/?cat=3"},"img":{"alt_text":"","src":"https:\/\/i0.wp.com\/historiografija.hr\/wp-content\/uploads\/2026\/07\/World-history-association.png?fit=1156%2C619&ssl=1&resize=350%2C200","width":350,"height":200,"srcset":"https:\/\/i0.wp.com\/historiografija.hr\/wp-content\/uploads\/2026\/07\/World-history-association.png?fit=1156%2C619&ssl=1&resize=350%2C200 1x, https:\/\/i0.wp.com\/historiografija.hr\/wp-content\/uploads\/2026\/07\/World-history-association.png?fit=1156%2C619&ssl=1&resize=525%2C300 1.5x, https:\/\/i0.wp.com\/historiografija.hr\/wp-content\/uploads\/2026\/07\/World-history-association.png?fit=1156%2C619&ssl=1&resize=700%2C400 2x, https:\/\/i0.wp.com\/historiografija.hr\/wp-content\/uploads\/2026\/07\/World-history-association.png?fit=1156%2C619&ssl=1&resize=1050%2C600 3x"},"classes":[]},{"id":55104,"url":"https:\/\/historiografija.hr\/?p=55104","url_meta":{"origin":31902,"position":1},"title":"Anthony Kaldellis, \u201eThe Case for East Roman Studies\u201c","author":"Filip \u0160imunjak","date":"28. kolovoza 2026.","format":false,"excerpt":"Byzantine Studies has reached a tipping point: a growing number of historians have realized that the terms \u201cByzantium\u201d and \u201cthe Byzantines\u201d distort the reality and identity of the society that we study, and encode a series of prejudices that were embedded in western perceptions. The aim of these terms was\u2026","rel":"","context":"U &quot;Knjige&quot;","block_context":{"text":"Knjige","link":"https:\/\/historiografija.hr\/?cat=8"},"img":{"alt_text":"","src":"https:\/\/i0.wp.com\/historiografija.hr\/wp-content\/uploads\/2026\/08\/The-Case-for-East-Roman-Studies-Kaldellis.webp?fit=596%2C927&ssl=1&resize=350%2C200","width":350,"height":200,"srcset":"https:\/\/i0.wp.com\/historiografija.hr\/wp-content\/uploads\/2026\/08\/The-Case-for-East-Roman-Studies-Kaldellis.webp?fit=596%2C927&ssl=1&resize=350%2C200 1x, https:\/\/i0.wp.com\/historiografija.hr\/wp-content\/uploads\/2026\/08\/The-Case-for-East-Roman-Studies-Kaldellis.webp?fit=596%2C927&ssl=1&resize=525%2C300 1.5x"},"classes":[]},{"id":52622,"url":"https:\/\/historiografija.hr\/?p=52622","url_meta":{"origin":31902,"position":2},"title":"Annual CAPONEU conference: Political Novel in Europe Between Democracy and Authoritarianism","author":"Branimir Jankovi\u0107","date":"23. travnja 2026.","format":false,"excerpt":"Caponeu event 22.04.2026 - 24.04.2026 Location: The Faculty of Polish and Classical Philology AMU (Fredry 10, Pozna\u0144)Organized by: Tomasz Mizerkiewicz, Krystyna Pieni\u0105\u017cek-Markovi\u0107, Anna Gawarecka, Ewa Szperlik, Magda Potok, B\u0142a\u017cej Warkocki, Gerard Ronge (all Adam Mickiewicz University in Pozna\u0144)Contact: gerron@amu.edu.pl The Adam Mickiewicz University team, as part of the international CAPONEU\u2026","rel":"","context":"U &quot;Novosti&quot;","block_context":{"text":"Novosti","link":"https:\/\/historiografija.hr\/?cat=3"},"img":{"alt_text":"","src":"https:\/\/i0.wp.com\/historiografija.hr\/wp-content\/uploads\/2026\/04\/Caponeu-political-novel.jpg?fit=500%2C261&ssl=1&resize=350%2C200","width":350,"height":200},"classes":[]},{"id":54234,"url":"https:\/\/historiografija.hr\/?p=54234","url_meta":{"origin":31902,"position":3},"title":"CfP: Central European History Convention 2027","author":"Branimir Jankovi\u0107","date":"19. lipnja 2026.","format":false,"excerpt":"Central European History ConventionUniversity of Vienna, Austria, 15\u201317 July 2027Deadline for proposals by September 13, 2026Notification by December 4, 2026 In July 2027 the University of Vienna, the Institute of Austrian Historical Research, and the Wirth Institute of Austrian and Central European Studies will host a second Central European History\u2026","rel":"","context":"U &quot;Novosti&quot;","block_context":{"text":"Novosti","link":"https:\/\/historiografija.hr\/?cat=3"},"img":{"alt_text":"","src":"https:\/\/i0.wp.com\/historiografija.hr\/wp-content\/uploads\/2026\/06\/CEHC.jpg?fit=719%2C339&ssl=1&resize=350%2C200","width":350,"height":200,"srcset":"https:\/\/i0.wp.com\/historiografija.hr\/wp-content\/uploads\/2026\/06\/CEHC.jpg?fit=719%2C339&ssl=1&resize=350%2C200 1x, https:\/\/i0.wp.com\/historiografija.hr\/wp-content\/uploads\/2026\/06\/CEHC.jpg?fit=719%2C339&ssl=1&resize=525%2C300 1.5x, https:\/\/i0.wp.com\/historiografija.hr\/wp-content\/uploads\/2026\/06\/CEHC.jpg?fit=719%2C339&ssl=1&resize=700%2C400 2x"},"classes":[]},{"id":55119,"url":"https:\/\/historiografija.hr\/?p=55119","url_meta":{"origin":31902,"position":4},"title":"Anthony Kaldellis, \u201ePhantom Byzantium: Europe, Empire, and Identity from Late Antiquity to World War II\u201c","author":"Filip \u0160imunjak","date":"28. kolovoza 2026.","format":false,"excerpt":"How the West appropriated aspects of the eastern Roman empire while portraying it as inferior.Unveiling the ideological foundations of Byzantine studies, Phantom Byzantium is a pioneering survey of western European perceptions of the eastern Roman empire (also known as Byzantium) spanning late antiquity to World War II. Through ten chronological\u2026","rel":"","context":"U &quot;Knjige&quot;","block_context":{"text":"Knjige","link":"https:\/\/historiografija.hr\/?cat=8"},"img":{"alt_text":"","src":"https:\/\/i0.wp.com\/historiografija.hr\/wp-content\/uploads\/2026\/08\/Phantom-Byzantium.webp?fit=795%2C1200&ssl=1&resize=350%2C200","width":350,"height":200,"srcset":"https:\/\/i0.wp.com\/historiografija.hr\/wp-content\/uploads\/2026\/08\/Phantom-Byzantium.webp?fit=795%2C1200&ssl=1&resize=350%2C200 1x, https:\/\/i0.wp.com\/historiografija.hr\/wp-content\/uploads\/2026\/08\/Phantom-Byzantium.webp?fit=795%2C1200&ssl=1&resize=525%2C300 1.5x, https:\/\/i0.wp.com\/historiografija.hr\/wp-content\/uploads\/2026\/08\/Phantom-Byzantium.webp?fit=795%2C1200&ssl=1&resize=700%2C400 2x"},"classes":[]},{"id":55124,"url":"https:\/\/historiografija.hr\/?p=55124","url_meta":{"origin":31902,"position":5},"title":"Anthony Kaldellis, \u201e1453: The Conquest and Tragedy of Constantinople\u201c","author":"Filip \u0160imunjak","date":"26. kolovoza 2026.","format":false,"excerpt":"Anthony Kaldellis offers the first narrative in sixty years of the siege of Constantinople in 1453, an event that marked the end of the Roman empire. The reconstruction of events is detailed, following a day-by-day basis when possible, and is grounded in the testimony of eye-witnesses who left gripping accounts\u2026","rel":"","context":"U &quot;Knjige&quot;","block_context":{"text":"Knjige","link":"https:\/\/historiografija.hr\/?cat=8"},"img":{"alt_text":"","src":"https:\/\/i0.wp.com\/historiografija.hr\/wp-content\/uploads\/2026\/08\/1453-Kaldellis.webp?fit=1200%2C690&ssl=1&resize=350%2C200","width":350,"height":200,"srcset":"https:\/\/i0.wp.com\/historiografija.hr\/wp-content\/uploads\/2026\/08\/1453-Kaldellis.webp?fit=1200%2C690&ssl=1&resize=350%2C200 1x, https:\/\/i0.wp.com\/historiografija.hr\/wp-content\/uploads\/2026\/08\/1453-Kaldellis.webp?fit=1200%2C690&ssl=1&resize=525%2C300 1.5x, https:\/\/i0.wp.com\/historiografija.hr\/wp-content\/uploads\/2026\/08\/1453-Kaldellis.webp?fit=1200%2C690&ssl=1&resize=700%2C400 2x, https:\/\/i0.wp.com\/historiografija.hr\/wp-content\/uploads\/2026\/08\/1453-Kaldellis.webp?fit=1200%2C690&ssl=1&resize=1050%2C600 3x"},"classes":[]}],"_links":{"self":[{"href":"https:\/\/historiografija.hr\/index.php?rest_route=\/wp\/v2\/posts\/31902","targetHints":{"allow":["GET"]}}],"collection":[{"href":"https:\/\/historiografija.hr\/index.php?rest_route=\/wp\/v2\/posts"}],"about":[{"href":"https:\/\/historiografija.hr\/index.php?rest_route=\/wp\/v2\/types\/post"}],"author":[{"embeddable":true,"href":"https:\/\/historiografija.hr\/index.php?rest_route=\/wp\/v2\/users\/2"}],"replies":[{"embeddable":true,"href":"https:\/\/historiografija.hr\/index.php?rest_route=%2Fwp%2Fv2%2Fcomments&post=31902"}],"version-history":[{"count":2,"href":"https:\/\/historiografija.hr\/index.php?rest_route=\/wp\/v2\/posts\/31902\/revisions"}],"predecessor-version":[{"id":31905,"href":"https:\/\/historiografija.hr\/index.php?rest_route=\/wp\/v2\/posts\/31902\/revisions\/31905"}],"wp:featuredmedia":[{"embeddable":true,"href":"https:\/\/historiografija.hr\/index.php?rest_route=\/wp\/v2\/media\/31903"}],"wp:attachment":[{"href":"https:\/\/historiografija.hr\/index.php?rest_route=%2Fwp%2Fv2%2Fmedia&parent=31902"}],"wp:term":[{"taxonomy":"category","embeddable":true,"href":"https:\/\/historiografija.hr\/index.php?rest_route=%2Fwp%2Fv2%2Fcategories&post=31902"},{"taxonomy":"post_tag","embeddable":true,"href":"https:\/\/historiografija.hr\/index.php?rest_route=%2Fwp%2Fv2%2Ftags&post=31902"}],"curies":[{"name":"wp","href":"https:\/\/api.w.org\/{rel}","templated":true}]}}