{"id":31886,"date":"2022-06-28T09:45:40","date_gmt":"2022-06-28T09:45:40","guid":{"rendered":"http:\/\/historiografija.hr\/?p=31886"},"modified":"2022-06-28T09:45:40","modified_gmt":"2022-06-28T09:45:40","slug":"dokumentarni-film-dubine-velebita","status":"publish","type":"post","link":"https:\/\/historiografija.hr\/?p=31886","title":{"rendered":"Dokumentarni film &#8220;Dubine Velebita&#8221;"},"content":{"rendered":"\n<p>\u201cPovodom obilje\u017eavanja Dana sje\u0107anja na Jadovno, 24. juna, u petak je na platformi You Tube objavljen dokumentarni film &#8220;Dubine Velebita&#8221; autorice Martine Uzelac, napravljen u produkciji Srpskog narodnog vije\u0107a. U potresnom dokumentarcu dvojica povjesni\u010dara Filip \u0160kiljan i Milan Radanovi\u0107 u vrletima Velebita pronalaze ostatke usta\u0161kog logora smrti Jadovno iz 1941. godine gdje su skon\u010dale tisu\u0107e i tisu\u0107e Srba, \u017didova, Roma i hrvatskih antifa\u0161ista, dok tre\u0107i povjesni\u010dar, Ivo Goldstein, \u010dita pismo koje je primatelju, njegovom ocu Slavku, stiglo od njegovog oca Ive nakon 64 godine. Pismo je napisano u maju 1945. u zatvoru gdje je Ivo Goldstein zavr\u0161io nakon \u0161to su usta\u0161e preuzele vlast. Direktor fotografije je Matija Kralj, a monta\u017eer i redatelj Mladen Ivanovi\u0107.\u201c (Portal Novosti)<\/p>\n\n\n\n<p>Film mo\u017eete pogledati preko sljede\u0107e poveznice:<\/p>\n\n\n\n<p><a href=\"https:\/\/www.portalnovosti.com\/video-pogledajte-dokumentarac-dubine-velebita-o-logoru-jadovno\">https:\/\/www.portalnovosti.com\/video-pogledajte-dokumentarac-dubine-velebita-o-logoru-jadovno<\/a><\/p>\n\n\n\n<hr class=\"wp-block-separator\"\/>\n\n\n\n<p>Dodatne informacije:<\/p>\n\n\n\n<p><a href=\"https:\/\/www.portalnovosti.com\/u-petak-se-obiljezava-dan-sjecanja-na-jadovno\">https:\/\/www.portalnovosti.com\/u-petak-se-obiljezava-dan-sjecanja-na-jadovno<\/a><\/p>\n\n\n\n<p><a href=\"https:\/\/www.portalnovosti.com\/komemoracija-u-jadovnom-je-put-tolerancije-i-mira-nasuprot-kulturi-smrti-i-mrznje\">https:\/\/www.portalnovosti.com\/komemoracija-u-jadovnom-je-put-tolerancije-i-mira-nasuprot-kulturi-smrti-i-mrznje<\/a><\/p>\n\n\n\n<p><a href=\"https:\/\/www.portalnovosti.com\/kamenovi-spoticanja-na-putu-u-jadovno\">https:\/\/www.portalnovosti.com\/kamenovi-spoticanja-na-putu-u-jadovno<\/a><\/p>\n\n\n\n<p><a href=\"https:\/\/www.portalnovosti.com\/ljudi-naselja-tjelesa\">https:\/\/www.portalnovosti.com\/ljudi-naselja-tjelesa<\/a><\/p>\n\n\n\n<hr class=\"wp-block-separator\"\/>\n","protected":false},"excerpt":{"rendered":"","protected":false},"author":2,"featured_media":31887,"comment_status":"open","ping_status":"open","sticky":false,"template":"","format":"standard","meta":{"_acf_changed":false,"jetpack_post_was_ever_published":false,"_jetpack_newsletter_access":"","_jetpack_dont_email_post_to_subs":false,"_jetpack_newsletter_tier_id":0,"_jetpack_memberships_contains_paywalled_content":false,"_jetpack_memberships_contains_paid_content":false,"footnotes":"","jetpack_publicize_message":"","jetpack_publicize_feature_enabled":true,"jetpack_social_post_already_shared":true,"jetpack_social_options":{"image_generator_settings":{"template":"highway","default_image_id":0,"font":"","enabled":false},"version":2}},"categories":[13,3],"tags":[],"class_list":["post-31886","post","type-post","status-publish","format-standard","has-post-thumbnail","hentry","category-filmovi-i-serije","category-novosti"],"acf":{"facebook_opis":""},"jetpack_publicize_connections":[],"jetpack_featured_media_url":"https:\/\/i0.wp.com\/historiografija.hr\/wp-content\/uploads\/2022\/06\/Dubine-Velebita.jpg?fit=750%2C400&ssl=1","jetpack_sharing_enabled":true,"jetpack-related-posts":[],"_links":{"self":[{"href":"https:\/\/historiografija.hr\/index.php?rest_route=\/wp\/v2\/posts\/31886","targetHints":{"allow":["GET"]}}],"collection":[{"href":"https:\/\/historiografija.hr\/index.php?rest_route=\/wp\/v2\/posts"}],"about":[{"href":"https:\/\/historiografija.hr\/index.php?rest_route=\/wp\/v2\/types\/post"}],"author":[{"embeddable":true,"href":"https:\/\/historiografija.hr\/index.php?rest_route=\/wp\/v2\/users\/2"}],"replies":[{"embeddable":true,"href":"https:\/\/historiografija.hr\/index.php?rest_route=%2Fwp%2Fv2%2Fcomments&post=31886"}],"version-history":[{"count":1,"href":"https:\/\/historiografija.hr\/index.php?rest_route=\/wp\/v2\/posts\/31886\/revisions"}],"predecessor-version":[{"id":31888,"href":"https:\/\/historiografija.hr\/index.php?rest_route=\/wp\/v2\/posts\/31886\/revisions\/31888"}],"wp:featuredmedia":[{"embeddable":true,"href":"https:\/\/historiografija.hr\/index.php?rest_route=\/wp\/v2\/media\/31887"}],"wp:attachment":[{"href":"https:\/\/historiografija.hr\/index.php?rest_route=%2Fwp%2Fv2%2Fmedia&parent=31886"}],"wp:term":[{"taxonomy":"category","embeddable":true,"href":"https:\/\/historiografija.hr\/index.php?rest_route=%2Fwp%2Fv2%2Fcategories&post=31886"},{"taxonomy":"post_tag","embeddable":true,"href":"https:\/\/historiografija.hr\/index.php?rest_route=%2Fwp%2Fv2%2Ftags&post=31886"}],"curies":[{"name":"wp","href":"https:\/\/api.w.org\/{rel}","templated":true}]}}