{"id":31866,"date":"2022-06-27T08:10:01","date_gmt":"2022-06-27T08:10:01","guid":{"rendered":"http:\/\/historiografija.hr\/?p=31866"},"modified":"2022-06-27T08:10:01","modified_gmt":"2022-06-27T08:10:01","slug":"medunarodni-znanstveni-skup-turkologu-u-cast","status":"publish","type":"post","link":"https:\/\/historiografija.hr\/?p=31866","title":{"rendered":"Me\u0111unarodni znanstveni skup \u201cTurkologu u \u010dast!\u201d"},"content":{"rendered":"\n<p>Dana 30. lipnja i 1. srpnja 2022. na Filozofskom fakultetu u Zagrebu u organizaciji Katedre za turkologiju odr\u017eat \u0107e se me\u0111unarodni znanstveni skup <em>Turkologu u \u010dast! <\/em>povodom 70. ro\u0111endana prof. dr. sc. Ekrema \u010cau\u0161evi\u0107a, utemeljitelja Katedre za turkologiju. Skup \u0107e okupiti sudionike iz osam zemalja koji \u0107e izlo\u017eiti ve\u0107inom turkolo\u0161ke radove iz podru\u010dja lingvistike, povijesti i osmanistike.<\/p>\n\n\n\n<p>Pozivamo sve zainteresirane da posjete izlaganja.<\/p>\n\n\n\n<p>Program skupa nalazi se ovdje: <a href=\"https:\/\/www.ffzg.unizg.hr\/turkolog\/wp-content\/uploads\/2022\/06\/Turkologu-u-\u010dast-program-D2.pdf\">Turkologu u \u010dast \u2013 program-D2<\/a><\/p>\n\n\n\n<p>Slu\u017ebeni jezici skupa su hrvatski, turski i engleski.<\/p>\n\n\n\n<p>Glavni pokrovitelj skupa: Turski kulturni centar Yunus Emre, Zagreb<\/p>\n\n\n\n<p>Ostali pokrovitelji: Cengiz Ins. San. ve Tic. A.S. Podru\u017enica Zagreb za graditeljstvo, KentBank d.d. i Turkish Airlines<\/p>\n\n\n\n<hr class=\"wp-block-separator\"\/>\n\n\n\n<p>Izvor:<\/p>\n\n\n\n<p><a href=\"https:\/\/www.ffzg.unizg.hr\/turkolog\/\">https:\/\/www.ffzg.unizg.hr\/turkolog\/<\/a><\/p>\n\n\n\n<hr class=\"wp-block-separator\"\/>\n","protected":false},"excerpt":{"rendered":"","protected":false},"author":2,"featured_media":31867,"comment_status":"open","ping_status":"open","sticky":false,"template":"","format":"standard","meta":{"_acf_changed":false,"jetpack_post_was_ever_published":false,"_jetpack_newsletter_access":"","_jetpack_dont_email_post_to_subs":false,"_jetpack_newsletter_tier_id":0,"_jetpack_memberships_contains_paywalled_content":false,"_jetpack_memberships_contains_paid_content":false,"footnotes":"","jetpack_publicize_message":"","jetpack_publicize_feature_enabled":true,"jetpack_social_post_already_shared":true,"jetpack_social_options":{"image_generator_settings":{"template":"highway","default_image_id":0,"font":"","enabled":false},"version":2}},"categories":[3,9],"tags":[],"class_list":["post-31866","post","type-post","status-publish","format-standard","has-post-thumbnail","hentry","category-novosti","category-skupovi"],"acf":{"facebook_opis":""},"jetpack_publicize_connections":[],"jetpack_featured_media_url":"https:\/\/i0.wp.com\/historiografija.hr\/wp-content\/uploads\/2022\/06\/Turkologu-u-ccast-plakat.jpg?fit=1169%2C1654&ssl=1","jetpack_sharing_enabled":true,"jetpack-related-posts":[],"_links":{"self":[{"href":"https:\/\/historiografija.hr\/index.php?rest_route=\/wp\/v2\/posts\/31866","targetHints":{"allow":["GET"]}}],"collection":[{"href":"https:\/\/historiografija.hr\/index.php?rest_route=\/wp\/v2\/posts"}],"about":[{"href":"https:\/\/historiografija.hr\/index.php?rest_route=\/wp\/v2\/types\/post"}],"author":[{"embeddable":true,"href":"https:\/\/historiografija.hr\/index.php?rest_route=\/wp\/v2\/users\/2"}],"replies":[{"embeddable":true,"href":"https:\/\/historiografija.hr\/index.php?rest_route=%2Fwp%2Fv2%2Fcomments&post=31866"}],"version-history":[{"count":1,"href":"https:\/\/historiografija.hr\/index.php?rest_route=\/wp\/v2\/posts\/31866\/revisions"}],"predecessor-version":[{"id":31868,"href":"https:\/\/historiografija.hr\/index.php?rest_route=\/wp\/v2\/posts\/31866\/revisions\/31868"}],"wp:featuredmedia":[{"embeddable":true,"href":"https:\/\/historiografija.hr\/index.php?rest_route=\/wp\/v2\/media\/31867"}],"wp:attachment":[{"href":"https:\/\/historiografija.hr\/index.php?rest_route=%2Fwp%2Fv2%2Fmedia&parent=31866"}],"wp:term":[{"taxonomy":"category","embeddable":true,"href":"https:\/\/historiografija.hr\/index.php?rest_route=%2Fwp%2Fv2%2Fcategories&post=31866"},{"taxonomy":"post_tag","embeddable":true,"href":"https:\/\/historiografija.hr\/index.php?rest_route=%2Fwp%2Fv2%2Ftags&post=31866"}],"curies":[{"name":"wp","href":"https:\/\/api.w.org\/{rel}","templated":true}]}}