{"id":31856,"date":"2022-06-24T12:34:21","date_gmt":"2022-06-24T12:34:21","guid":{"rendered":"http:\/\/historiografija.hr\/?p=31856"},"modified":"2022-06-24T12:34:21","modified_gmt":"2022-06-24T12:34:21","slug":"pierre-bourdieu-politicka-ontologija-martina-heideggera","status":"publish","type":"post","link":"https:\/\/historiografija.hr\/?p=31856","title":{"rendered":"Pierre Bourdieu, &#8220;Politi\u010dka ontologija Martina Heideggera&#8221;"},"content":{"rendered":"\n<p>Tema bjelodanog savezni\u0161tva Martina Heideggera i nacizma, odnosno veza njegove filozofske misli i toga posve neprihvatljivog skupa politi\u010dkih uvjerenja, nikad nije bila aktualnija. Knjiga Politi\u010dka ontologija Martina Heideggera, vode\u0107ega francuskog sociologa i teoreti\u010dara kulture Pierrea Bourdieua, istovremeno nudi uvid u za\u010detke rasprave o Heideggerovu anga\u017emanu u nacisti\u010dkom pokretu, ali i analizu institucionalnih mehanizama uklju\u010denih u proizvodnju filozofskog diskursa.<\/p>\n\n\n\n<p>Iako Heidegger priznaje legitimnost \u010disto filozofskih pitanja (u svojim referencama na kanonske autore, tradicionalne probleme i po\u0161tivanje akademskih tabua), Bourdieu isti\u010de da slo\u017eenost i konceptualizacija Heideggerova filozofskog diskursa proizlaze iz kulturnog polja u kojem se presijecaju dvije dru\u0161tvene i intelektualne dimenzije \u2013 politi\u010dka i akademska misao.<\/p>\n\n\n\n<p>Autor zaklju\u010duje da se Heideggera ne treba smatrati nacisti\u010dkim ideologom te da u njegovim filozofskim idejama nema mjesta rasisti\u010dkom poimanju ljudskog bi\u0107a. Umjesto toga, Heideggerovu misao smatra strukturalnim ekvivalentom ideji \u201ekonzervativne revolucije\u201c, a nacizam samo jednom manifestacijom te revolucije.<\/p>\n\n\n\n<hr class=\"wp-block-separator\"\/>\n\n\n\n<p>&nbsp;&nbsp;&nbsp; ISBN: 978-953-369-010-0<\/p>\n\n\n\n<p>&nbsp;&nbsp;&nbsp; Dimenzije: 128 x 200 mm<\/p>\n\n\n\n<p>&nbsp;&nbsp;&nbsp; Naslov izvornika: L&#8217;Ontologie politique de Martin Heidegger<\/p>\n\n\n\n<p>&nbsp;&nbsp;&nbsp; Godina izdanja: 2022.<\/p>\n\n\n\n<p>&nbsp;&nbsp;&nbsp; Jezik izvornika: francuski<\/p>\n\n\n\n<p>&nbsp;&nbsp;&nbsp; Prijevod: Rade Kalanj<\/p>\n\n\n\n<p>&nbsp;&nbsp;&nbsp; Broj stranica: 184<\/p>\n\n\n\n<p>\u00a0\u00a0\u00a0 Uvez: meki<\/p>\n\n\n\n<hr class=\"wp-block-separator\"\/>\n\n\n\n<p>Izvor \/ Prelistaj uzorak:<\/p>\n\n\n\n<p><a href=\"https:\/\/tim-press.hr\/hr\/knjige\/politicka-ontologija-martina-heideggera\/\">https:\/\/tim-press.hr\/hr\/knjige\/politicka-ontologija-martina-heideggera\/<\/a><\/p>\n\n\n\n<hr class=\"wp-block-separator\"\/>\n\n\n\n<p><\/p>\n","protected":false},"excerpt":{"rendered":"","protected":false},"author":2,"featured_media":31857,"comment_status":"open","ping_status":"open","sticky":false,"template":"","format":"standard","meta":{"_acf_changed":false,"jetpack_post_was_ever_published":false,"_jetpack_newsletter_access":"","_jetpack_dont_email_post_to_subs":false,"_jetpack_newsletter_tier_id":0,"_jetpack_memberships_contains_paywalled_content":false,"_jetpack_memberships_contains_paid_content":false,"footnotes":"","jetpack_publicize_message":"","jetpack_publicize_feature_enabled":true,"jetpack_social_post_already_shared":true,"jetpack_social_options":{"image_generator_settings":{"template":"highway","default_image_id":0,"font":"","enabled":false},"version":2}},"categories":[8,3],"tags":[],"class_list":["post-31856","post","type-post","status-publish","format-standard","has-post-thumbnail","hentry","category-knjige","category-novosti"],"acf":{"facebook_opis":""},"jetpack_publicize_connections":[],"jetpack_featured_media_url":"https:\/\/i0.wp.com\/historiografija.hr\/wp-content\/uploads\/2022\/06\/politicka_ontologija.jpg?fit=300%2C465&ssl=1","jetpack_sharing_enabled":true,"jetpack-related-posts":[],"_links":{"self":[{"href":"https:\/\/historiografija.hr\/index.php?rest_route=\/wp\/v2\/posts\/31856","targetHints":{"allow":["GET"]}}],"collection":[{"href":"https:\/\/historiografija.hr\/index.php?rest_route=\/wp\/v2\/posts"}],"about":[{"href":"https:\/\/historiografija.hr\/index.php?rest_route=\/wp\/v2\/types\/post"}],"author":[{"embeddable":true,"href":"https:\/\/historiografija.hr\/index.php?rest_route=\/wp\/v2\/users\/2"}],"replies":[{"embeddable":true,"href":"https:\/\/historiografija.hr\/index.php?rest_route=%2Fwp%2Fv2%2Fcomments&post=31856"}],"version-history":[{"count":1,"href":"https:\/\/historiografija.hr\/index.php?rest_route=\/wp\/v2\/posts\/31856\/revisions"}],"predecessor-version":[{"id":31858,"href":"https:\/\/historiografija.hr\/index.php?rest_route=\/wp\/v2\/posts\/31856\/revisions\/31858"}],"wp:featuredmedia":[{"embeddable":true,"href":"https:\/\/historiografija.hr\/index.php?rest_route=\/wp\/v2\/media\/31857"}],"wp:attachment":[{"href":"https:\/\/historiografija.hr\/index.php?rest_route=%2Fwp%2Fv2%2Fmedia&parent=31856"}],"wp:term":[{"taxonomy":"category","embeddable":true,"href":"https:\/\/historiografija.hr\/index.php?rest_route=%2Fwp%2Fv2%2Fcategories&post=31856"},{"taxonomy":"post_tag","embeddable":true,"href":"https:\/\/historiografija.hr\/index.php?rest_route=%2Fwp%2Fv2%2Ftags&post=31856"}],"curies":[{"name":"wp","href":"https:\/\/api.w.org\/{rel}","templated":true}]}}