{"id":31851,"date":"2022-06-24T12:26:15","date_gmt":"2022-06-24T12:26:15","guid":{"rendered":"http:\/\/historiografija.hr\/?p=31851"},"modified":"2022-06-24T12:31:42","modified_gmt":"2022-06-24T12:31:42","slug":"izlozba-hrvatski-povjesnicar-dr-rudolf-horvat-koprivnica-14-3-1873-zagreb-25-5-1947-zivot-i-djelo","status":"publish","type":"post","link":"https:\/\/historiografija.hr\/?p=31851","title":{"rendered":"Izlo\u017eba \u201eHrvatski povjesni\u010dar dr. Rudolf Horvat (Koprivnica, 14.3.1873. \u2013 Zagreb, 25.5.1947.), \u017eivot i djelo\u201c"},"content":{"rendered":"\n<p>U petak, 24. lipnja 2022. u 19 sati u Galeriji Koprivnica otvorit \u0107e se izlo\u017eba \u201eHrvatski povjesni\u010dar dr. Rudolf Horvat (Koprivnica, 14.3.1873. \u2013 Zagreb, 25.5.1947.), \u017eivot i djelo\u201c. Izlo\u017eba \u0107e trajati do 25. srpnja 2022.<\/p>\n\n\n\n<p>U svom polustoljetnom radu hrvatski povjesni\u010dar dr. Rudolf Horvat stvorio je ogroman pisani i govorni opus o kojem najbolje na slikovit na\u010din govore sljede\u0107e brojke: objavio je 56 knjiga iz hrvatske povijesti, \u0161to je u prosjeku ne\u0161to vi\u0161e od jedne knjige godi\u0161nje, u brojnim i raznim novinama i stru\u010dnim \u010dasopisima objavio je vi\u0161e od 1200 povijesnih \u010dlanaka, \u0161to je iznosilo dva naslova mjese\u010dno te je diljem Hrvatske odr\u017eao vi\u0161e od 2000 predavanja, gotovo jedno predavanje tjedno. U svom rodnom gradu odr\u017eao je desetak predavanja i to naj\u010de\u0161\u0107e prilikom obilje\u017eavanja va\u017enih obljetnica iz koprivni\u010dke i hrvatske povijesti, a napisao je i objavio prvu knjigu iz povijesti Koprivnice: <em>Poviest slob. i kr. grada Koprivnice, Zagreb, 1943.<\/em><\/p>\n\n\n\n<p>Kao povjesni\u010dar napisao je i brojne knjige o povijesti hrvatskih gradova a me\u0111u njima i <em>Povijest grada Vara\u017edina<\/em> za koju je dovr\u0161io rukopis <em>1936.<\/em> no knjiga je objavljena <em>1993. godine<\/em> te tako\u0111er i rukopis <em>1938.<\/em> za knjigu <em>Kulturna povijest grada Vara\u017edina<\/em> koja je objavljena <em>2020. godine.<\/em><\/p>\n\n\n\n<p>Od posebnog su politi\u010dkog i dru\u0161tvenog zna\u010daja bile i njegove knjige <em>Povjest Medjumurja, 1908.<\/em>, i pretisak te knjige <em>Poviest Me\u0111imurja, 1944.,<\/em> koje su u kontekstu vremena poslu\u017eile argumentaciji da je Me\u0111imurje oduvijek bilo hrvatsko. Ova knjiga objavljena je u najnovijem pretisku Matice hrvatske \u010cakovec 1993. godine.<\/p>\n\n\n\n<p>Obilje\u017eavaju\u0107i 75. godi\u0161njicu njegove smrti Muzej grada Koprivnice, Gradski muzej Vara\u017edin i Muzej Me\u0111imurja \u010cakovec organizirali su tematsku, povijesnu, memorijalnu izlo\u017ebu gornjeg naslova s namjerom podsje\u0107anja na njegov \u017eivot i djelo.<\/p>\n\n\n\n<p>Autori stru\u010dne koncepcije izlo\u017ebe i tekstova su Dra\u017een Erne\u010di\u0107, vi\u0161i kustos, Spomenka Te\u017eak, muzejska savjetnica i Ana \u0160estak, vi\u0161a kustosica. Izlo\u017eba \u0107e u rujnu i listopadu ove godine gostovati i u muzejskim ustanovama Vara\u017edina i \u010cakovca.<\/p>\n\n\n\n<p>Projekt je realiziran sredstvima Grada Koprivnice, Muzeja grada Koprivnice, Gradskog muzeja Vara\u017edin i Muzeja Me\u0111imurja \u010cakovec.<\/p>\n\n\n\n<hr class=\"wp-block-separator\"\/>\n\n\n\n<p>Izvori:<\/p>\n\n\n\n<p><a href=\"https:\/\/www.muzej-koprivnica.hr\/\">https:\/\/www.muzej-koprivnica.hr\/<\/a><\/p>\n\n\n\n<p><a href=\"https:\/\/mdc.hr\/\">https:\/\/mdc.hr\/<\/a><\/p>\n\n\n\n<hr class=\"wp-block-separator\"\/>\n","protected":false},"excerpt":{"rendered":"","protected":false},"author":2,"featured_media":31852,"comment_status":"open","ping_status":"open","sticky":false,"template":"","format":"standard","meta":{"_acf_changed":false,"jetpack_post_was_ever_published":false,"_jetpack_newsletter_access":"","_jetpack_dont_email_post_to_subs":false,"_jetpack_newsletter_tier_id":0,"_jetpack_memberships_contains_paywalled_content":false,"_jetpack_memberships_contains_paid_content":false,"footnotes":"","jetpack_publicize_message":"","jetpack_publicize_feature_enabled":true,"jetpack_social_post_already_shared":true,"jetpack_social_options":{"image_generator_settings":{"template":"highway","default_image_id":0,"font":"","enabled":false},"version":2}},"categories":[10,3],"tags":[],"class_list":["post-31851","post","type-post","status-publish","format-standard","has-post-thumbnail","hentry","category-izlozbe","category-novosti"],"acf":{"facebook_opis":""},"jetpack_publicize_connections":[],"jetpack_featured_media_url":"https:\/\/i0.wp.com\/historiografija.hr\/wp-content\/uploads\/2022\/06\/Izlozba-Rudolf-Horvat.jpg?fit=1200%2C675&ssl=1","jetpack_sharing_enabled":true,"jetpack-related-posts":[],"_links":{"self":[{"href":"https:\/\/historiografija.hr\/index.php?rest_route=\/wp\/v2\/posts\/31851","targetHints":{"allow":["GET"]}}],"collection":[{"href":"https:\/\/historiografija.hr\/index.php?rest_route=\/wp\/v2\/posts"}],"about":[{"href":"https:\/\/historiografija.hr\/index.php?rest_route=\/wp\/v2\/types\/post"}],"author":[{"embeddable":true,"href":"https:\/\/historiografija.hr\/index.php?rest_route=\/wp\/v2\/users\/2"}],"replies":[{"embeddable":true,"href":"https:\/\/historiografija.hr\/index.php?rest_route=%2Fwp%2Fv2%2Fcomments&post=31851"}],"version-history":[{"count":3,"href":"https:\/\/historiografija.hr\/index.php?rest_route=\/wp\/v2\/posts\/31851\/revisions"}],"predecessor-version":[{"id":31855,"href":"https:\/\/historiografija.hr\/index.php?rest_route=\/wp\/v2\/posts\/31851\/revisions\/31855"}],"wp:featuredmedia":[{"embeddable":true,"href":"https:\/\/historiografija.hr\/index.php?rest_route=\/wp\/v2\/media\/31852"}],"wp:attachment":[{"href":"https:\/\/historiografija.hr\/index.php?rest_route=%2Fwp%2Fv2%2Fmedia&parent=31851"}],"wp:term":[{"taxonomy":"category","embeddable":true,"href":"https:\/\/historiografija.hr\/index.php?rest_route=%2Fwp%2Fv2%2Fcategories&post=31851"},{"taxonomy":"post_tag","embeddable":true,"href":"https:\/\/historiografija.hr\/index.php?rest_route=%2Fwp%2Fv2%2Ftags&post=31851"}],"curies":[{"name":"wp","href":"https:\/\/api.w.org\/{rel}","templated":true}]}}