{"id":31811,"date":"2022-06-23T15:51:53","date_gmt":"2022-06-23T15:51:53","guid":{"rendered":"http:\/\/historiografija.hr\/?p=31811"},"modified":"2022-06-23T15:51:53","modified_gmt":"2022-06-23T15:51:53","slug":"online-seminar-rashism-ruscism-is-russia-fascist","status":"publish","type":"post","link":"https:\/\/historiografija.hr\/?p=31811","title":{"rendered":"Online Seminar \u201eRashism\/Ruscism \u2013 Is Russia Fascist?\u201d"},"content":{"rendered":"\n<p>The online seminar of the series \u201cHistorians and the War: Rethinking the Future\u201d will take place on June 23, Thursday, at 18:00-20:00 CET. The aim of the series is to discuss if and to what extent the war in Ukraine is changing our perception of the past and which new questions for historians it raises.<\/p>\n\n\n\n<p>The fourth seminar is titled \u201cRashism\/Ruscism \u2013 Is Russia Fascist?\u201d and is held in Ukrainian and English with simultaneous translation. The speakers will be:<br>&#8211; Marlene Laruelle, Elliott School of International Affairs, The George Washington University (Washington DC, USA)<br>&#8211; Oleksandr Zaitsev, Ukrainian Catholic University (Lviv, Ukraine)<br>&#8211; Roger Griffins, Oxford Brookes University (Oxford, UK)<br>&#8211; Andreas Umland, Stockholm Centre for Eastern European Studies (SCEEUS) at the Swedish<br>Institute of International Affairs (Stockholm, Sweden)<\/p>\n\n\n\n<p>The panel will be chaired by Kai Struve, Martin Luther University (Halle, Germany). After introductory remarks by the panellists, the audience will have the possibility to ask questions and to participate in the discussion.<\/p>\n\n\n\n<p>To participate, please register here:<br>https:\/\/lmu-munich.zoom.us\/meeting\/register\/tJAvc-mgrz0pGt2VnBy_EFSEBCMauFdVZf2N<\/p>\n\n\n\n<p><strong>Kontakt<\/strong><\/p>\n\n\n\n<p>Lena.Lopatschow@lrz.uni-muenchen.de<\/p>\n\n\n\n<hr class=\"wp-block-separator\"\/>\n\n\n\n<p><a href=\"http:\/\/www.duhk.org\/\">http:\/\/www.duhk.org\/<\/a><\/p>\n\n\n\n<hr class=\"wp-block-separator\"\/>\n\n\n\n<p>Rashism\/Ruscism \u2013 Is Russia Fascist?. In: H-Soz-Kult, 12.06.2022, <a href=\"http:\/\/www.hsozkult.de\/event\/id\/event-118609\">&lt;www.hsozkult.de\/event\/id\/event-118609><\/a>.<\/p>\n\n\n\n<hr class=\"wp-block-separator\"\/>\n","protected":false},"excerpt":{"rendered":"","protected":false},"author":2,"featured_media":6331,"comment_status":"open","ping_status":"open","sticky":false,"template":"","format":"standard","meta":{"_acf_changed":false,"_jetpack_newsletter_access":"","_jetpack_dont_email_post_to_subs":false,"_jetpack_newsletter_tier_id":0,"_jetpack_memberships_contains_paywalled_content":false,"_jetpack_memberships_contains_paid_content":false,"footnotes":"","jetpack_publicize_message":"","jetpack_publicize_feature_enabled":true,"jetpack_social_post_already_shared":true,"jetpack_social_options":{"image_generator_settings":{"template":"highway","default_image_id":0,"font":"","enabled":false},"version":2},"jetpack_post_was_ever_published":false},"categories":[3],"tags":[],"class_list":["post-31811","post","type-post","status-publish","format-standard","has-post-thumbnail","hentry","category-novosti"],"acf":{"facebook_opis":""},"jetpack_publicize_connections":[],"jetpack_featured_media_url":"https:\/\/i0.wp.com\/historiografija.hr\/wp-content\/uploads\/2017\/10\/hsozkult.png?fit=1006%2C241&ssl=1","jetpack_sharing_enabled":true,"jetpack-related-posts":[{"id":55062,"url":"https:\/\/historiografija.hr\/?p=55062","url_meta":{"origin":31811,"position":0},"title":"CfP: The Making of Solidarity: A\u00a0Conference on Eastern and Central European Dissidents, 1945-1991","author":"Branimir Jankovi\u0107","date":"24. kolovoza 2026.","format":false,"excerpt":"This open call invites proposals for an interdisciplinary conference on Eastern and Central European dissidence, solidarity, and anti-imperial thought. The Making of Solidarity: A\u00a0Conference on Eastern and Central European Dissidents, 1945-1991 16.-17. November 2026 A close reading of Ivan Dziuba\u2019s classic\u00a01965 essay Internationalism or Russification? offers a\u00a0useful lens through which\u2026","rel":"","context":"U &quot;Novosti&quot;","block_context":{"text":"Novosti","link":"https:\/\/historiografija.hr\/?cat=3"},"img":{"alt_text":"","src":"https:\/\/i0.wp.com\/historiografija.hr\/wp-content\/uploads\/2026\/08\/The-Making-of-Solidarity.png?fit=883%2C662&ssl=1&resize=350%2C200","width":350,"height":200,"srcset":"https:\/\/i0.wp.com\/historiografija.hr\/wp-content\/uploads\/2026\/08\/The-Making-of-Solidarity.png?fit=883%2C662&ssl=1&resize=350%2C200 1x, https:\/\/i0.wp.com\/historiografija.hr\/wp-content\/uploads\/2026\/08\/The-Making-of-Solidarity.png?fit=883%2C662&ssl=1&resize=525%2C300 1.5x, https:\/\/i0.wp.com\/historiografija.hr\/wp-content\/uploads\/2026\/08\/The-Making-of-Solidarity.png?fit=883%2C662&ssl=1&resize=700%2C400 2x"},"classes":[]},{"id":55072,"url":"https:\/\/historiografija.hr\/?p=55072","url_meta":{"origin":31811,"position":1},"title":"Victoria Khiterer, \u201eBitter War of Memory: The Babyn Yar Massacre, Aftermath, and Commemoration\u201c","author":"Branimir Jankovi\u0107","date":"25. kolovoza 2026.","format":false,"excerpt":"Bitter War of Memory: The Babyn Yar Massacre, Aftermath, and Commemoration\u00a0discusses the Holocaust in Kyiv and the efforts to memorialize the Babyn Yar massacre. Babyn Yar is one of the largest Holocaust sites in the Soviet Union and modern Ukraine, where the Nazis and their collaborators killed virtually all the\u2026","rel":"","context":"U &quot;Knjige&quot;","block_context":{"text":"Knjige","link":"https:\/\/historiografija.hr\/?cat=8"},"img":{"alt_text":"","src":"https:\/\/i0.wp.com\/historiografija.hr\/wp-content\/uploads\/2026\/08\/Bitter-War-of-Memory-2.jpg?fit=596%2C466&ssl=1&resize=350%2C200","width":350,"height":200,"srcset":"https:\/\/i0.wp.com\/historiografija.hr\/wp-content\/uploads\/2026\/08\/Bitter-War-of-Memory-2.jpg?fit=596%2C466&ssl=1&resize=350%2C200 1x, https:\/\/i0.wp.com\/historiografija.hr\/wp-content\/uploads\/2026\/08\/Bitter-War-of-Memory-2.jpg?fit=596%2C466&ssl=1&resize=525%2C300 1.5x"},"classes":[]},{"id":52586,"url":"https:\/\/historiografija.hr\/?p=52586","url_meta":{"origin":31811,"position":2},"title":"Aur\u00e9lie Daher, \u201eHezbollah: Mobilisation and Power\u201c","author":"Branimir Jankovi\u0107","date":"22. travnja 2026.","format":false,"excerpt":"Morning Star \u2018Book of the Year\u2019 Social movement, liberation party or terrorist group? With Hezbollah\u2019s growing involvement in the war in Syria, this study of its impact on Lebanon, drawing heavily on first-hand interviews, could not be more timely. Description Almost forty years after its foundation, Hezbollah remains an enigma.\u2026","rel":"","context":"U &quot;Knjige&quot;","block_context":{"text":"Knjige","link":"https:\/\/historiografija.hr\/?cat=8"},"img":{"alt_text":"","src":"https:\/\/i0.wp.com\/historiografija.hr\/wp-content\/uploads\/2026\/04\/Daher-Hezbollah.jpg?fit=600%2C931&ssl=1&resize=350%2C200","width":350,"height":200,"srcset":"https:\/\/i0.wp.com\/historiografija.hr\/wp-content\/uploads\/2026\/04\/Daher-Hezbollah.jpg?fit=600%2C931&ssl=1&resize=350%2C200 1x, https:\/\/i0.wp.com\/historiografija.hr\/wp-content\/uploads\/2026\/04\/Daher-Hezbollah.jpg?fit=600%2C931&ssl=1&resize=525%2C300 1.5x"},"classes":[]},{"id":55104,"url":"https:\/\/historiografija.hr\/?p=55104","url_meta":{"origin":31811,"position":3},"title":"Anthony Kaldellis, \u201eThe Case for East Roman Studies\u201c","author":"Filip \u0160imunjak","date":"28. kolovoza 2026.","format":false,"excerpt":"Byzantine Studies has reached a tipping point: a growing number of historians have realized that the terms \u201cByzantium\u201d and \u201cthe Byzantines\u201d distort the reality and identity of the society that we study, and encode a series of prejudices that were embedded in western perceptions. The aim of these terms was\u2026","rel":"","context":"U &quot;Knjige&quot;","block_context":{"text":"Knjige","link":"https:\/\/historiografija.hr\/?cat=8"},"img":{"alt_text":"","src":"https:\/\/i0.wp.com\/historiografija.hr\/wp-content\/uploads\/2026\/08\/The-Case-for-East-Roman-Studies-Kaldellis.webp?fit=596%2C927&ssl=1&resize=350%2C200","width":350,"height":200,"srcset":"https:\/\/i0.wp.com\/historiografija.hr\/wp-content\/uploads\/2026\/08\/The-Case-for-East-Roman-Studies-Kaldellis.webp?fit=596%2C927&ssl=1&resize=350%2C200 1x, https:\/\/i0.wp.com\/historiografija.hr\/wp-content\/uploads\/2026\/08\/The-Case-for-East-Roman-Studies-Kaldellis.webp?fit=596%2C927&ssl=1&resize=525%2C300 1.5x"},"classes":[]},{"id":52996,"url":"https:\/\/historiografija.hr\/?p=52996","url_meta":{"origin":31811,"position":4},"title":"Nikolina \u017didek, &#8220;The Croatian Diaspora in Argentina&#8221;","author":"Filip \u0160imunjak","date":"8. svibnja 2026.","format":false,"excerpt":"Description Following the collapse of the fascist Independent State of Croatia (1941\u20131945), around 10,000 political \u00e9migr\u00e9s fled to Per\u00f3n\u2019s Argentina. This study traces the Croatian diaspora\u2019s evolution from its founding to the present. Initially marked by trauma \u2013 military defeat, exile, and reprisals\u2014the community redefined its identity within Cold War\u2026","rel":"","context":"U &quot;Knjige&quot;","block_context":{"text":"Knjige","link":"https:\/\/historiografija.hr\/?cat=8"},"img":{"alt_text":"","src":"https:\/\/i0.wp.com\/historiografija.hr\/wp-content\/uploads\/2026\/05\/NIKOLINA-ZIDEK-%E2%80%9ETHE-CROATIAN-DIASPORA-IN-ARGENTINA-scaled.webp?fit=795%2C1200&ssl=1&resize=350%2C200","width":350,"height":200,"srcset":"https:\/\/i0.wp.com\/historiografija.hr\/wp-content\/uploads\/2026\/05\/NIKOLINA-ZIDEK-%E2%80%9ETHE-CROATIAN-DIASPORA-IN-ARGENTINA-scaled.webp?fit=795%2C1200&ssl=1&resize=350%2C200 1x, https:\/\/i0.wp.com\/historiografija.hr\/wp-content\/uploads\/2026\/05\/NIKOLINA-ZIDEK-%E2%80%9ETHE-CROATIAN-DIASPORA-IN-ARGENTINA-scaled.webp?fit=795%2C1200&ssl=1&resize=525%2C300 1.5x, https:\/\/i0.wp.com\/historiografija.hr\/wp-content\/uploads\/2026\/05\/NIKOLINA-ZIDEK-%E2%80%9ETHE-CROATIAN-DIASPORA-IN-ARGENTINA-scaled.webp?fit=795%2C1200&ssl=1&resize=700%2C400 2x"},"classes":[]},{"id":54337,"url":"https:\/\/historiografija.hr\/?p=54337","url_meta":{"origin":31811,"position":5},"title":"Online-Lecture by Sophie Momzikoff: The Yugoslav Crisis and the Russian Place in the New European Architecture","author":"Branimir Jankovi\u0107","date":"26. lipnja 2026.","format":false,"excerpt":"01.07.2026 16:00 Uhr The aim of this presentation is to show how the Yugoslav crisis served as a test for Russia\u2019s place in the post-Cold War European order. Indeed, the wars in the former Yugoslavia began just as the Russian Federation was establishing strong ties with the West. When Yugoslavia\u2026","rel":"","context":"U &quot;Novosti&quot;","block_context":{"text":"Novosti","link":"https:\/\/historiografija.hr\/?cat=3"},"img":{"alt_text":"","src":"https:\/\/i0.wp.com\/historiografija.hr\/wp-content\/uploads\/2026\/06\/photo_sophie_momzikoff.jpeg?fit=300%2C300&ssl=1&resize=350%2C200","width":350,"height":200},"classes":[]}],"_links":{"self":[{"href":"https:\/\/historiografija.hr\/index.php?rest_route=\/wp\/v2\/posts\/31811","targetHints":{"allow":["GET"]}}],"collection":[{"href":"https:\/\/historiografija.hr\/index.php?rest_route=\/wp\/v2\/posts"}],"about":[{"href":"https:\/\/historiografija.hr\/index.php?rest_route=\/wp\/v2\/types\/post"}],"author":[{"embeddable":true,"href":"https:\/\/historiografija.hr\/index.php?rest_route=\/wp\/v2\/users\/2"}],"replies":[{"embeddable":true,"href":"https:\/\/historiografija.hr\/index.php?rest_route=%2Fwp%2Fv2%2Fcomments&post=31811"}],"version-history":[{"count":1,"href":"https:\/\/historiografija.hr\/index.php?rest_route=\/wp\/v2\/posts\/31811\/revisions"}],"predecessor-version":[{"id":31812,"href":"https:\/\/historiografija.hr\/index.php?rest_route=\/wp\/v2\/posts\/31811\/revisions\/31812"}],"wp:featuredmedia":[{"embeddable":true,"href":"https:\/\/historiografija.hr\/index.php?rest_route=\/wp\/v2\/media\/6331"}],"wp:attachment":[{"href":"https:\/\/historiografija.hr\/index.php?rest_route=%2Fwp%2Fv2%2Fmedia&parent=31811"}],"wp:term":[{"taxonomy":"category","embeddable":true,"href":"https:\/\/historiografija.hr\/index.php?rest_route=%2Fwp%2Fv2%2Fcategories&post=31811"},{"taxonomy":"post_tag","embeddable":true,"href":"https:\/\/historiografija.hr\/index.php?rest_route=%2Fwp%2Fv2%2Ftags&post=31811"}],"curies":[{"name":"wp","href":"https:\/\/api.w.org\/{rel}","templated":true}]}}