{"id":31803,"date":"2022-06-21T10:08:25","date_gmt":"2022-06-21T10:08:25","guid":{"rendered":"http:\/\/historiografija.hr\/?p=31803"},"modified":"2022-08-12T11:17:05","modified_gmt":"2022-08-12T11:17:05","slug":"zapocelo-snimanje-serije-partizani","status":"publish","type":"post","link":"https:\/\/historiografija.hr\/?p=31803","title":{"rendered":"Zapo\u010delo snimanje serije \u201cPartizani\u201d"},"content":{"rendered":"\n<p>\u201cNakon vrlo gledane dokumentarne serije &#8220;NDH&#8221;, povjesni\u010dar Hrvoje Klasi\u0107, profesor na Filozofskom fakultetu u Zagrebu, po\u010dinje rad na jo\u0161 jednoj intrigantnoj temi koja \u0107e izazvati veliku pa\u017enju, seriju &#8211; &#8220;Partizani&#8221;. No, serija ne\u0107e biti ra\u0111ena u produkciji Hrvatske radio televizije nego televizijske postaje Al jazzera Balkans.\u201d (Jutarnji list)<\/p>\n\n\n\n<hr class=\"wp-block-separator\"\/>\n\n\n\n<p>Izvor:<\/p>\n\n\n\n<p><a href=\"https:\/\/www.jutarnji.hr\/kultura\/film-i-televizija\/hrvoje-klasic-zapoceo-je-s-radom-na-novoj-povijesnoj-seriji-ne-zelim-da-bude-ideoloski-obojena-15212132\">https:\/\/www.jutarnji.hr\/kultura\/film-i-televizija\/hrvoje-klasic-zapoceo-je-s-radom-na-novoj-povijesnoj-seriji-ne-zelim-da-bude-ideoloski-obojena-15212132<\/a><\/p>\n\n\n\n<hr class=\"wp-block-separator\"\/>\n\n\n\n<p>Dodatne obavijesti:<\/p>\n\n\n\n<figure class=\"wp-block-embed-wordpress wp-block-embed is-type-wp-embed is-provider-nacional-hr\"><div class=\"wp-block-embed__wrapper\">\n<blockquote class=\"wp-embedded-content\" data-secret=\"iX2kRIT9sT\"><a href=\"https:\/\/www.nacional.hr\/hrvoje-klasic-htv-je-ignorirao-moju-zelju-da-snimim-seriju-o-partizanima-pa-je-sada-snimam-za-al-jazeeru\/\">HRVOJE KLASI\u0106: &#8216;HTV je ignorirao moju \u017eelju da snimim seriju o partizanima pa je sada snimam za Al Jazeeru&#8217;<\/a><\/blockquote><iframe loading=\"lazy\" class=\"wp-embedded-content\" sandbox=\"allow-scripts\" security=\"restricted\" style=\"position: absolute; clip: rect(1px, 1px, 1px, 1px);\" title=\"&#8220;HRVOJE KLASI\u0106: &#8216;HTV je ignorirao moju \u017eelju da snimim seriju o partizanima pa je sada snimam za Al Jazeeru&#8217;&#8221; &#8212; NACIONAL.HR\" src=\"https:\/\/www.nacional.hr\/hrvoje-klasic-htv-je-ignorirao-moju-zelju-da-snimim-seriju-o-partizanima-pa-je-sada-snimam-za-al-jazeeru\/embed\/#?secret=iX2kRIT9sT\" data-secret=\"iX2kRIT9sT\" width=\"600\" height=\"338\" frameborder=\"0\" marginwidth=\"0\" marginheight=\"0\" scrolling=\"no\"><\/iframe>\n<\/div><\/figure>\n\n\n\n<p><a href=\"https:\/\/historiografija.ba\/article.php?id=1262\">https:\/\/historiografija.ba\/article.php?id=1262<\/a><\/p>\n\n\n\n<hr class=\"wp-block-separator\"\/>\n\n\n\n<p><a href=\"https:\/\/www.portalnovosti.com\/hrvoje-klasic-prvi-pravi-branitelji-su-hrvatski-partizani\">https:\/\/www.portalnovosti.com\/hrvoje-klasic-prvi-pravi-branitelji-su-hrvatski-partizani<\/a><\/p>\n\n\n\n<hr class=\"wp-block-separator\"\/>\n\n\n\n<p><a href=\"https:\/\/www.vecernji.hr\/vijesti\/u-serijalu-o-partizanima-obradujem-i-politicku-revoluciju-njihove-grijehe-i-ulogu-enigme-1600204\">https:\/\/www.vecernji.hr\/vijesti\/u-serijalu-o-partizanima-obradujem-i-politicku-revoluciju-njihove-grijehe-i-ulogu-enigme-1600204<\/a><\/p>\n\n\n\n<hr class=\"wp-block-separator\"\/>\n\n\n\n<p><\/p>\n","protected":false},"excerpt":{"rendered":"","protected":false},"author":2,"featured_media":31804,"comment_status":"open","ping_status":"open","sticky":false,"template":"","format":"standard","meta":{"_acf_changed":false,"jetpack_post_was_ever_published":false,"_jetpack_newsletter_access":"","_jetpack_dont_email_post_to_subs":false,"_jetpack_newsletter_tier_id":0,"_jetpack_memberships_contains_paywalled_content":false,"_jetpack_memberships_contains_paid_content":false,"footnotes":"","jetpack_publicize_message":"","jetpack_publicize_feature_enabled":true,"jetpack_social_post_already_shared":true,"jetpack_social_options":{"image_generator_settings":{"template":"highway","default_image_id":0,"font":"","enabled":false},"version":2}},"categories":[13,3],"tags":[],"class_list":["post-31803","post","type-post","status-publish","format-standard","has-post-thumbnail","hentry","category-filmovi-i-serije","category-novosti"],"acf":{"facebook_opis":""},"jetpack_publicize_connections":[],"jetpack_featured_media_url":"https:\/\/i0.wp.com\/historiografija.hr\/wp-content\/uploads\/2022\/06\/aljazeera_balkans-logo.png?fit=514%2C215&ssl=1","jetpack_sharing_enabled":true,"jetpack-related-posts":[],"_links":{"self":[{"href":"https:\/\/historiografija.hr\/index.php?rest_route=\/wp\/v2\/posts\/31803","targetHints":{"allow":["GET"]}}],"collection":[{"href":"https:\/\/historiografija.hr\/index.php?rest_route=\/wp\/v2\/posts"}],"about":[{"href":"https:\/\/historiografija.hr\/index.php?rest_route=\/wp\/v2\/types\/post"}],"author":[{"embeddable":true,"href":"https:\/\/historiografija.hr\/index.php?rest_route=\/wp\/v2\/users\/2"}],"replies":[{"embeddable":true,"href":"https:\/\/historiografija.hr\/index.php?rest_route=%2Fwp%2Fv2%2Fcomments&post=31803"}],"version-history":[{"count":3,"href":"https:\/\/historiografija.hr\/index.php?rest_route=\/wp\/v2\/posts\/31803\/revisions"}],"predecessor-version":[{"id":32345,"href":"https:\/\/historiografija.hr\/index.php?rest_route=\/wp\/v2\/posts\/31803\/revisions\/32345"}],"wp:featuredmedia":[{"embeddable":true,"href":"https:\/\/historiografija.hr\/index.php?rest_route=\/wp\/v2\/media\/31804"}],"wp:attachment":[{"href":"https:\/\/historiografija.hr\/index.php?rest_route=%2Fwp%2Fv2%2Fmedia&parent=31803"}],"wp:term":[{"taxonomy":"category","embeddable":true,"href":"https:\/\/historiografija.hr\/index.php?rest_route=%2Fwp%2Fv2%2Fcategories&post=31803"},{"taxonomy":"post_tag","embeddable":true,"href":"https:\/\/historiografija.hr\/index.php?rest_route=%2Fwp%2Fv2%2Ftags&post=31803"}],"curies":[{"name":"wp","href":"https:\/\/api.w.org\/{rel}","templated":true}]}}