{"id":31800,"date":"2022-06-21T09:48:34","date_gmt":"2022-06-21T09:48:34","guid":{"rendered":"http:\/\/historiografija.hr\/?p=31800"},"modified":"2022-07-15T13:17:38","modified_gmt":"2022-07-15T13:17:38","slug":"tragovi-casopis-za-srpske-i-hrvatske-teme-br-1-2022","status":"publish","type":"post","link":"https:\/\/historiografija.hr\/?p=31800","title":{"rendered":"\u201cTragovi: \u010dasopis za srpske i hrvatske teme\u201d (br. 1-2022)"},"content":{"rendered":"\n<p>Novi broj \u201cTragova: \u010dasopisa za srpske i hrvatske teme\u201d (god. 5, br. 1, 2022) dostupan je na portalu hrvatskih znanstvenih i stru\u010dnih \u010dasopisa Hr\u010dak. Op\u0161irnije u nastavku.<\/p>\n\n\n\n<hr class=\"wp-block-separator\"\/>\n\n\n\n<p><a href=\"https:\/\/hrcak.srce.hr\/broj\/21794\">https:\/\/hrcak.srce.hr\/broj\/21794<\/a><\/p>\n\n\n\n<hr class=\"wp-block-separator\"\/>\n\n\n\n<p>SADR\u017dAJ<\/p>\n\n\n\n<hr class=\"wp-block-separator\"\/>\n\n\n\n<p><strong>\u010clanci i radovi<\/strong><\/p>\n\n\n\n<hr class=\"wp-block-separator\"\/>\n\n\n\n<p>Vinko Korotaj Dra\u010da<\/p>\n\n\n\n<p>Politika emocija i etni\u010dko nasilje: Zadar 1991. godine<\/p>\n\n\n\n<hr class=\"wp-block-separator\"\/>\n\n\n\n<p>Stevan Kosti\u0107<\/p>\n\n\n\n<p>O\u010di koje su gledale unutra: uz osamdesetu godi\u0161njicu tragi\u010dne smrti najve\u0107eg srpskog slikara moderne, Save \u0160umanovi\u0107a (1896. &#8211; 1942.)<\/p>\n\n\n\n<hr class=\"wp-block-separator\"\/>\n\n\n\n<p>Marko Kova\u010devi\u0107<\/p>\n\n\n\n<p>Diskurzivni tragovi malih dr\u017eava: oblikovanje identiteta i uloga Srbije i Hrvatske u Ujedinjenim nacijama<\/p>\n\n\n\n<hr class=\"wp-block-separator\"\/>\n\n\n\n<p>Miljenko Anti\u0107<\/p>\n\n\n\n<p>Kvazi-eksperimentalan pristup ekonomskom razvoju Hrvatske: jesu li Jugoslavija i socijalizam bili bolji?<\/p>\n\n\n\n<hr class=\"wp-block-separator\"\/>\n\n\n\n<p>Zvezdana Ostoji\u0107<\/p>\n\n\n\n<p>Pla\u010dem, a nemam kome plakat&#8217;: zbeg naroda Banije po\u010detkom 1943. godine<\/p>\n\n\n\n<hr class=\"wp-block-separator\"\/>\n\n\n\n<p><strong>Esej<\/strong><\/p>\n\n\n\n<hr class=\"wp-block-separator\"\/>\n\n\n\n<p>Mihael Sobolevski<\/p>\n\n\n\n<p>Sje\u0107anje na rad u Institutu za historiju radni\u010dkog pokreta u Zagrebu u eri Franje Tu\u0111mana (1962. &#8211; 1966.)<\/p>\n\n\n\n<hr class=\"wp-block-separator\"\/>\n\n\n\n<p><strong><strong>In memoriam, Nekrolog, Obituarij<\/strong><\/strong><\/p>\n\n\n\n<hr class=\"wp-block-separator\"\/>\n\n\n\n<p>\u0110or\u0111e Mati\u0107<\/p>\n\n\n\n<p>Borivoj Dovnikovi\u0107 Bordo (1930. &#8211; 2022.): Junak Periklovog doba<\/p>\n\n\n\n<hr class=\"wp-block-separator\"\/>\n\n\n\n<p>Jasna Dragovi\u0107-Soso<\/p>\n\n\n\n<p>Stevan K. Pavlovi\u0107 (1933. &#8211; 2022.)<\/p>\n\n\n\n<hr class=\"wp-block-separator\"\/>\n\n\n\n<p>Nikola Petkovi\u0107<\/p>\n\n\n\n<p>Igor Mandi\u0107 (1939. &#8211; 2022.)<\/p>\n\n\n\n<hr class=\"wp-block-separator\"\/>\n\n\n\n<p>Dejan Djoki\u0107<\/p>\n\n\n\n<p>Ljubinka Trgov\u010devi\u0107-Mitrovi\u0107 (1948. &#8211; 2022.)<\/p>\n\n\n\n<hr class=\"wp-block-separator\"\/>\n\n\n\n<p><strong>Esej<\/strong><\/p>\n\n\n\n<hr class=\"wp-block-separator\"\/>\n\n\n\n<p>Nada Bero\u0161<\/p>\n\n\n\n<p>Dragan Damjanovi\u0107: Saborni hram Preobra\u017eenja Gospodnjeg i ba\u0161tina Srpske pravoslavne crkvene op\u0107ine Zagreb<\/p>\n\n\n\n<hr class=\"wp-block-separator\"\/>\n\n\n\n<p><strong>Recenzije i prikazi<\/strong><\/p>\n\n\n\n<hr class=\"wp-block-separator\"\/>\n\n\n\n<p>Petar Marku\u0161<\/p>\n\n\n\n<p>Anita Buhin i Tina Filipovi\u0107 (ur.): Kontinuiteti i inovacije; zbornik odabranih radova s \u010detvrtog znanstvenog skupa Socijalizam na klupi \u2013 Kontinuiteti i inovacije<\/p>\n\n\n\n<hr class=\"wp-block-separator\"\/>\n\n\n\n<p>Ajdin Muhedinovi\u0107<\/p>\n\n\n\n<p>Sonja M. Dujmovi\u0107: Pod dr\u017eavnim okriljem. Istorija djetinjstva u Bosni i Hercegovini 1878. \u2014 1941.<\/p>\n\n\n\n<hr class=\"wp-block-separator\"\/>\n\n\n\n<p>Ivana Drmi\u0107<\/p>\n\n\n\n<p>Dane Pavlica: U vatrama \u2013 Po\u010ditelj (1263. \u2014 1993.)<\/p>\n\n\n\n<hr class=\"wp-block-separator\"\/>\n\n\n\n<p><strong>Op\u0161irnije:<\/strong><\/p>\n\n\n\n<p><a href=\"https:\/\/www.portalnovosti.com\/novi-broj-tragova\">https:\/\/www.portalnovosti.com\/novi-broj-tragova<\/a><\/p>\n\n\n\n<hr class=\"wp-block-separator\"\/>\n\n\n\n<p><strong>Odjeci:<\/strong><\/p>\n\n\n\n<p>Novi broj \u010dasopisa Tragovi<\/p>\n\n\n\n<p><a href=\"https:\/\/historiografija.ba\/article.php?id=1301\">https:\/\/historiografija.ba\/article.php?id=1301<\/a><\/p>\n\n\n\n<hr class=\"wp-block-separator\"\/>\n","protected":false},"excerpt":{"rendered":"","protected":false},"author":2,"featured_media":31801,"comment_status":"open","ping_status":"open","sticky":false,"template":"","format":"standard","meta":{"_acf_changed":false,"jetpack_post_was_ever_published":false,"_jetpack_newsletter_access":"","_jetpack_dont_email_post_to_subs":false,"_jetpack_newsletter_tier_id":0,"_jetpack_memberships_contains_paywalled_content":false,"_jetpack_memberships_contains_paid_content":false,"footnotes":"","jetpack_publicize_message":"","jetpack_publicize_feature_enabled":true,"jetpack_social_post_already_shared":true,"jetpack_social_options":{"image_generator_settings":{"template":"highway","default_image_id":0,"font":"","enabled":false},"version":2}},"categories":[21,3],"tags":[],"class_list":["post-31800","post","type-post","status-publish","format-standard","has-post-thumbnail","hentry","category-casopisi","category-novosti"],"acf":{"facebook_opis":""},"jetpack_publicize_connections":[],"jetpack_featured_media_url":"https:\/\/i0.wp.com\/historiografija.hr\/wp-content\/uploads\/2022\/06\/Tragovi_2022.jpg?fit=450%2C600&ssl=1","jetpack_sharing_enabled":true,"jetpack-related-posts":[],"_links":{"self":[{"href":"https:\/\/historiografija.hr\/index.php?rest_route=\/wp\/v2\/posts\/31800","targetHints":{"allow":["GET"]}}],"collection":[{"href":"https:\/\/historiografija.hr\/index.php?rest_route=\/wp\/v2\/posts"}],"about":[{"href":"https:\/\/historiografija.hr\/index.php?rest_route=\/wp\/v2\/types\/post"}],"author":[{"embeddable":true,"href":"https:\/\/historiografija.hr\/index.php?rest_route=\/wp\/v2\/users\/2"}],"replies":[{"embeddable":true,"href":"https:\/\/historiografija.hr\/index.php?rest_route=%2Fwp%2Fv2%2Fcomments&post=31800"}],"version-history":[{"count":2,"href":"https:\/\/historiografija.hr\/index.php?rest_route=\/wp\/v2\/posts\/31800\/revisions"}],"predecessor-version":[{"id":31827,"href":"https:\/\/historiografija.hr\/index.php?rest_route=\/wp\/v2\/posts\/31800\/revisions\/31827"}],"wp:featuredmedia":[{"embeddable":true,"href":"https:\/\/historiografija.hr\/index.php?rest_route=\/wp\/v2\/media\/31801"}],"wp:attachment":[{"href":"https:\/\/historiografija.hr\/index.php?rest_route=%2Fwp%2Fv2%2Fmedia&parent=31800"}],"wp:term":[{"taxonomy":"category","embeddable":true,"href":"https:\/\/historiografija.hr\/index.php?rest_route=%2Fwp%2Fv2%2Fcategories&post=31800"},{"taxonomy":"post_tag","embeddable":true,"href":"https:\/\/historiografija.hr\/index.php?rest_route=%2Fwp%2Fv2%2Ftags&post=31800"}],"curies":[{"name":"wp","href":"https:\/\/api.w.org\/{rel}","templated":true}]}}