{"id":3180,"date":"2017-03-07T10:08:21","date_gmt":"2017-03-07T10:08:21","guid":{"rendered":"http:\/\/historiografija.hr\/?p=3180"},"modified":"2017-03-07T10:12:45","modified_gmt":"2017-03-07T10:12:45","slug":"tridentska-bastina-katolicka-obnova-i-konfesionalizacija-u-hrvatskim-zemljama-zbornik-radova","status":"publish","type":"post","link":"https:\/\/historiografija.hr\/?p=3180","title":{"rendered":"Tridentska ba\u0161tina: katoli\u010dka obnova i konfesionalizacija u hrvatskim zemljama (zbornik radova)"},"content":{"rendered":"<p>Objavljen je zbornika radova sa znanstvenoga skupa odr\u017eanog u Zagrebu 2013 (uredile Zrinka Bla\u017eevi\u0107 i Lahorka Pleji\u0107 Poje).<\/p>\n<p>&nbsp;<\/p>\n<p><strong>Matica hrvatska<\/strong><\/p>\n<p>&nbsp;<\/p>\n<p>Knjige<\/p>\n<p>&nbsp;<\/p>\n<p><em><strong>Tridentska ba\u0161tina<\/strong><\/em><br \/>\n<em><strong>Katoli\u010dka obnova i konfesionalizacija u hrvatskim zemljama. Zbornik radova<\/strong><\/em><\/p>\n<p>&nbsp;<\/p>\n<p>Urednice izdanja ZRINKA BLA\u017dEVI\u0106 i LAHORKA PLEJI\u0106 POJE<\/p>\n<p>&nbsp;<br \/>\nTridentski koncil (1545-1563), \u010dija se 450. obljetnica obilje\u017eavala 2013., bio je vrhunac pokreta za sveobuhvatnu teolo\u0161ku i institucionalnu reformu Katoli\u010dke crkve. Osim toga imao je i dalekose\u017ene posljedice u preoblikovanju razli\u010ditih politi\u010dkih, socijalnih i kulturnih struktura. Osim uvo\u0111enja novih liturgijsko-sakramentalnih i pastoralno-katehetskih normi i organizacijsko-administrativnih promjena unutar same Katoli\u010dke crkve, a proces katoli\u010dke obnove zahvatio je i mnoga druga podru\u010dja.<\/p>\n<p>&nbsp;<\/p>\n<p>Korjenito mijenjaju\u0107i odnose izme\u0111u Crkve i dr\u017eave, on je utjecao na formiranje socijalne i moralne discipline, oblikovanje razli\u010ditih kulturnih i obrazovnih modela, na konstituiranje etno-konfesionalnih, socijalnih i rodnih identiteta, kao i na ljudsku svakodnevnicu. \u017dele\u0107i ispitati ostvarenja i posljedice tridentskih reformi u hrvatskom i \u0161irem regionalnom kontekstu, u suorganizaciji niza visoko\u0161kolskih i znanstvenih institucija, odr\u017ean je u prosincu 2013. znanstveni skup Tridentska ba\u0161tina: katoli\u010dka obnova i konfesionalizacija u hrvatskim zemljama.<\/p>\n<p>&nbsp;<\/p>\n<p>U zborniku radova s toga skupa okupljeno je trideset znanstvenih \u010dlanaka koji iz interdisciplinarne perspektive ispituju manifestacije procesa katoli\u010dke obnove i konfesionalizacije u hrvatskim zemljama. Radovi su podijeljeni na tri dijela (povijesni, teolo\u0161ki i kulturno-povijesni) koji zajedno \u010dine komplementarnu cjelinu.<\/p>\n<p>&nbsp;<\/p>\n<p>Tekstovi objedinjeni u povijesnom i teolo\u0161kom dijelu zbornika obra\u0111uju niz znanstveno relevantnih tema kao \u0161to su dosezi dosada\u0161njih znanstvenih istra\u017eivanja tridentske ba\u0161tine i zacrtavanje njihovih budu\u0107ih smjernica u hrvatskoj povijesnoj znanosti, ispitivanje slo\u017eenih odnosa politi\u010dke, socijalne i crkvene domene u sklopu procesa konfesionalizacije, te osobitosti realizacije tridentskih reformi u rimskoj sredi\u0161njici s jedne i na prostorima hrvatskih povijesnih zemalja s druge strane. Kulturnopovijesni dio zbornika posve\u0107en je posttridentskim kulturnim praksama u naj\u0161irem smislu, od jezi\u010dne i umjetni\u010dke proizvodnje do medijskih oblika i propagandnih strategija, a sukladno najnovijim trendovima u inozemnim istra\u017eivanjima katoli\u010dke obnove ispituju se i obilje\u017eja tridentske obrazovne politike te oblici socijalnog discipliniranja (Franjo \u0160anjek).<\/p>\n<p>&nbsp;<\/p>\n<p>&nbsp;<\/p>\n<p>Zbornik radova sa znanstvenoga skupa odr\u017eanog u Zagrebu 6. i 7. prosinca 2013. \u2014 Biblioteka Zbornici, glavna urednica Romana Horvat, uredni\u010dki odbor Slavko Sli\u0161kovi\u0107, Marijan Steiner, Ivan \u0160estak i Nata\u0161a \u0160tefanec, recenzenti Dunja Fali\u0161evac i Franjo \u0160anjek, lektura i korektura Jasmina Han, lektura engleskih sa\u017eetaka Vanja Poli\u0107, oblikovanje korica \u017deljko Podore\u0161ki, prijelom Slu\u017eba tehni\u010dke pripreme MH \/ Neven Osojnik, tisak MediaPrint tiskara Hrasti\u0107 d. o. o. (Zagreb). \u2014 Knjiga je opremljena sa 36 c\/b ilustracija, sa\u017eecima na hrvatskom i engleskom jeziku te imenskim kazalom<\/p>\n<p>&nbsp;<\/p>\n<p>biblioteka: ZBORNICI<br \/>\n\u25fecijena: 180,00 kn<br \/>\n\u25febroj stranica: 526<br \/>\n\u25feuvez: tvrdi uvez<br \/>\n\u25fedimenzije: 16 x 24 cm<br \/>\n\u25fegodina izdanja: 2016.<br \/>\n\u25feizdava\u010d: Filozofski fakultet Dru\u017ebe Isusove, Katoli\u010dki bogoslovni fakultet, Matica hrvatska<br \/>\n\u25femjesto: Zagreb<br \/>\n\u25feISBN: 978-953-341-059-3<br \/>\n\u25fe podru\u010dje: hrvatska povijest, interdisciplinarne studije, kulturna povijest, povijest, teologija, zbornici<\/p>\n<p>&nbsp;<\/p>\n<p>PDF-ovi<br \/>\n\u25feSadr\u017eaj (96,1 KB)<br \/>\n\u25fePredgovor (Zrinka Bla\u017eevic \/ Lahorka Plejic Poje) (115,2 KB)<br \/>\n\u25feSa\u017eeci \/ Summaries (670,3 KB)<br \/>\n\u25feImensko kazalo (101,2 KB)<\/p>\n<p>&nbsp;<br \/>\nIzvor: <a href=\"http:\/\/www.matica.hr\/knjige\/1179\/\">http:\/\/www.matica.hr\/knjige\/1179\/<\/a><\/p>\n<p>&nbsp;<\/p>\n<p>&nbsp;<\/p>\n","protected":false},"excerpt":{"rendered":"","protected":false},"author":2,"featured_media":3181,"comment_status":"open","ping_status":"open","sticky":false,"template":"","format":"standard","meta":{"_acf_changed":false,"jetpack_post_was_ever_published":false,"_jetpack_newsletter_access":"","_jetpack_dont_email_post_to_subs":true,"_jetpack_newsletter_tier_id":0,"_jetpack_memberships_contains_paywalled_content":false,"_jetpack_memberships_contains_paid_content":false,"footnotes":"","jetpack_publicize_message":"","jetpack_publicize_feature_enabled":true,"jetpack_social_post_already_shared":true,"jetpack_social_options":{"image_generator_settings":{"template":"highway","default_image_id":0,"font":"","enabled":false},"version":2}},"categories":[8,3],"tags":[],"class_list":["post-3180","post","type-post","status-publish","format-standard","has-post-thumbnail","hentry","category-knjige","category-novosti"],"acf":{"facebook_opis":""},"jetpack_publicize_connections":[],"jetpack_featured_media_url":"https:\/\/i0.wp.com\/historiografija.hr\/wp-content\/uploads\/2017\/03\/tridentska_korice.jpg?fit=500%2C750&ssl=1","jetpack_sharing_enabled":true,"jetpack-related-posts":[{"id":52528,"url":"https:\/\/historiografija.hr\/?p=52528","url_meta":{"origin":3180,"position":0},"title":"[Promocija knjige] Banja Luka u ratu: Etnopolitika i svakodnevica (1990\u20131995) (ActiveLab, YugoLab)","author":"Branimir Jankovi\u0107","date":"17. travnja 2026.","format":false,"excerpt":"Institut za filozofiju i dru\u0161tvenu teoriju i O\u0161tra Nula organizuju promociju knjige Banja Luka u ratu: Etnopolitika i svakodnevica (1990\u20131995) autorke Armine Galija\u0161, koja \u0107e se odr\u017eati 20. aprila 2026. u 12.00 sati u prostorijama Instituta (Kraljice Natalije 45, Beograd). Re\u010d je o prvom nau\u010dno utemeljenom i sistematskom radu koji\u2026","rel":"","context":"U &quot;Novosti&quot;","block_context":{"text":"Novosti","link":"https:\/\/historiografija.hr\/?cat=3"},"img":{"alt_text":"","src":"https:\/\/i0.wp.com\/historiografija.hr\/wp-content\/uploads\/2026\/04\/20-april-RS.jpg?fit=1200%2C675&ssl=1&resize=350%2C200","width":350,"height":200,"srcset":"https:\/\/i0.wp.com\/historiografija.hr\/wp-content\/uploads\/2026\/04\/20-april-RS.jpg?fit=1200%2C675&ssl=1&resize=350%2C200 1x, https:\/\/i0.wp.com\/historiografija.hr\/wp-content\/uploads\/2026\/04\/20-april-RS.jpg?fit=1200%2C675&ssl=1&resize=525%2C300 1.5x, https:\/\/i0.wp.com\/historiografija.hr\/wp-content\/uploads\/2026\/04\/20-april-RS.jpg?fit=1200%2C675&ssl=1&resize=700%2C400 2x, https:\/\/i0.wp.com\/historiografija.hr\/wp-content\/uploads\/2026\/04\/20-april-RS.jpg?fit=1200%2C675&ssl=1&resize=1050%2C600 3x"},"classes":[]},{"id":52499,"url":"https:\/\/historiografija.hr\/?p=52499","url_meta":{"origin":3180,"position":1},"title":"POTPISAN UGOVOR O ZNANSTVENO-ISTRA\u017dIVA\u010cKOJ SURADNJI: PROJEKT \u201eTEMELJI HRVATSKE SAMOSTALNOSTI\u201d","author":"Branimir Jankovi\u0107","date":"17. travnja 2026.","format":false,"excerpt":"Hrvatski institut za povijest, Sveu\u010dili\u0161te obrane i sigurnosti \u201eDr. Franjo Tu\u0111man\u201d, Institut dru\u0161tvenih znanosti Ivo Pilar i Hrvatski dr\u017eavni arhiv\u00a0potpisali su 23. o\u017eujka 2026.\u00a0Ugovor o znanstveno-istra\u017eiva\u010dkoj suradnji s ciljem provedbe projekta \u201eTemelji hrvatske samostalnosti\u201d. Tim projektom obuhva\u0107a se istra\u017eivanje arhivskoga gradiva, priprema znanstvenih publikacija, digitalizacija i javna prezentacija rezultata istra\u017eivanja\u2026","rel":"","context":"U &quot;Novosti&quot;","block_context":{"text":"Novosti","link":"https:\/\/historiografija.hr\/?cat=3"},"img":{"alt_text":"","src":"https:\/\/i0.wp.com\/historiografija.hr\/wp-content\/uploads\/2026\/04\/THS_sporazum.jpg?fit=1200%2C583&ssl=1&resize=350%2C200","width":350,"height":200,"srcset":"https:\/\/i0.wp.com\/historiografija.hr\/wp-content\/uploads\/2026\/04\/THS_sporazum.jpg?fit=1200%2C583&ssl=1&resize=350%2C200 1x, https:\/\/i0.wp.com\/historiografija.hr\/wp-content\/uploads\/2026\/04\/THS_sporazum.jpg?fit=1200%2C583&ssl=1&resize=525%2C300 1.5x, https:\/\/i0.wp.com\/historiografija.hr\/wp-content\/uploads\/2026\/04\/THS_sporazum.jpg?fit=1200%2C583&ssl=1&resize=700%2C400 2x, https:\/\/i0.wp.com\/historiografija.hr\/wp-content\/uploads\/2026\/04\/THS_sporazum.jpg?fit=1200%2C583&ssl=1&resize=1050%2C600 3x"},"classes":[]},{"id":52575,"url":"https:\/\/historiografija.hr\/?p=52575","url_meta":{"origin":3180,"position":2},"title":"Izlo\u017eba dje\u010djih radova \u201cU po\u010detku bija\u0161e crte\u017e\u2026\u201d","author":"Branimir Jankovi\u0107","date":"21. travnja 2026.","format":false,"excerpt":"U subotu, 25. travnja 2026. u 11 sati u Galeriji Klovi\u0107evi dvori sve\u010dano otvaramo izlo\u017ebu dje\u010djih radova pod nazivom U po\u010detku bija\u0161e crte\u017e\u2026 Radovi su nastali u sklopu likovnih radionica uz izlo\u017ebu U po\u010detku bija\u0161e kraljevstvo \u2013 izlo\u017eba povodom 1100 godina Hrvatskoga Kraljevstva. Na brojnim likovnim radionicama, uz \u0161kolsku djecu,\u2026","rel":"","context":"U &quot;Izlo\u017ebe&quot;","block_context":{"text":"Izlo\u017ebe","link":"https:\/\/historiografija.hr\/?cat=10"},"img":{"alt_text":"","src":"https:\/\/i0.wp.com\/historiografija.hr\/wp-content\/uploads\/2025\/10\/Klovicevi_sluzbeni-plakat.png?fit=840%2C1200&ssl=1&resize=350%2C200","width":350,"height":200,"srcset":"https:\/\/i0.wp.com\/historiografija.hr\/wp-content\/uploads\/2025\/10\/Klovicevi_sluzbeni-plakat.png?fit=840%2C1200&ssl=1&resize=350%2C200 1x, https:\/\/i0.wp.com\/historiografija.hr\/wp-content\/uploads\/2025\/10\/Klovicevi_sluzbeni-plakat.png?fit=840%2C1200&ssl=1&resize=525%2C300 1.5x, https:\/\/i0.wp.com\/historiografija.hr\/wp-content\/uploads\/2025\/10\/Klovicevi_sluzbeni-plakat.png?fit=840%2C1200&ssl=1&resize=700%2C400 2x"},"classes":[]},{"id":52502,"url":"https:\/\/historiografija.hr\/?p=52502","url_meta":{"origin":3180,"position":3},"title":"Novi znanstveni projekt Hrvatskog instituta za povijest: \u201c\u017drtve ratova i dr\u017eavnog\/politi\u010dkog nasilja u hrvatskoj povijesti 20. stolje\u0107a\u201d","author":"Branimir Jankovi\u0107","date":"17. travnja 2026.","format":false,"excerpt":"Na redovitoj sjednici Vlade RH, 16. travnja 2026., donijet je Zaklju\u010dak kojim se pokre\u0107e znanstveni projekt \u201c\u017drtve ratova i dr\u017eavnog\/politi\u010dkog nasilja u hrvatskoj povijesti 20. stolje\u0107a\u201d. Projekt \u0107e provoditi i koordinirati Hrvatski institut za povijest u razdoblju trajanja projekta od pet godina. Zakljucak Vlade RH Iz teksta projektnog prijedloga: Problematika\u2026","rel":"","context":"U &quot;Novosti&quot;","block_context":{"text":"Novosti","link":"https:\/\/historiografija.hr\/?cat=3"},"img":{"alt_text":"","src":"https:\/\/i0.wp.com\/historiografija.hr\/wp-content\/uploads\/2026\/04\/Vlada-RH.jpg?fit=1200%2C557&ssl=1&resize=350%2C200","width":350,"height":200,"srcset":"https:\/\/i0.wp.com\/historiografija.hr\/wp-content\/uploads\/2026\/04\/Vlada-RH.jpg?fit=1200%2C557&ssl=1&resize=350%2C200 1x, https:\/\/i0.wp.com\/historiografija.hr\/wp-content\/uploads\/2026\/04\/Vlada-RH.jpg?fit=1200%2C557&ssl=1&resize=525%2C300 1.5x, https:\/\/i0.wp.com\/historiografija.hr\/wp-content\/uploads\/2026\/04\/Vlada-RH.jpg?fit=1200%2C557&ssl=1&resize=700%2C400 2x, https:\/\/i0.wp.com\/historiografija.hr\/wp-content\/uploads\/2026\/04\/Vlada-RH.jpg?fit=1200%2C557&ssl=1&resize=1050%2C600 3x"},"classes":[]},{"id":52616,"url":"https:\/\/historiografija.hr\/?p=52616","url_meta":{"origin":3180,"position":4},"title":"No\u0107 knjige 2026.","author":"Branimir Jankovi\u0107","date":"22. travnja 2026.","format":false,"excerpt":"Slavljeni\u010dka 15. No\u0107 knjige odr\u017eat \u0107e se 23. travnja diljem Hrvatske u povodu Svjetskog dana knjige i autorskih prava te Dana hrvatske knjige. S vi\u0161e od 1.000 prijavljenih programa i akcija s pravom nosi epitet najmasovnije doma\u0107e kulturne manifestacije, a ove \u0107e godine prote\u0107i u znaku mira, razumijevanja, tolerancije, srodnosti\u2026","rel":"","context":"U &quot;Novosti&quot;","block_context":{"text":"Novosti","link":"https:\/\/historiografija.hr\/?cat=3"},"img":{"alt_text":"","src":"https:\/\/i0.wp.com\/historiografija.hr\/wp-content\/uploads\/2026\/04\/noc_knjige_2026.jpg?fit=680%2C276&ssl=1&resize=350%2C200","width":350,"height":200,"srcset":"https:\/\/i0.wp.com\/historiografija.hr\/wp-content\/uploads\/2026\/04\/noc_knjige_2026.jpg?fit=680%2C276&ssl=1&resize=350%2C200 1x, https:\/\/i0.wp.com\/historiografija.hr\/wp-content\/uploads\/2026\/04\/noc_knjige_2026.jpg?fit=680%2C276&ssl=1&resize=525%2C300 1.5x"},"classes":[]},{"id":52148,"url":"https:\/\/historiografija.hr\/?p=52148","url_meta":{"origin":3180,"position":5},"title":"Poziv za prijavu na me\u0111unarodnu znanstvenu konferenciju \u201eGranice (ne)slobode: Zadarski krug 1966. Intelektualna opozicija u totalitarnom dru\u0161tvu\u201c","author":"Branimir Jankovi\u0107","date":"27. o\u017eujka 2026.","format":false,"excerpt":"\u00a0\u00a0\u00a0\u00a0 Povodom \u0161ezdesete obljetnice poku\u0161aja osnivanja \u010dasopisa Slobodan glas u Zadru 1966. godine, pozivamo vas na znanstvenu konferenciju posve\u0107enu istra\u017eivanju disidentstva, intelektualne opozicije i granica divergentnog mi\u0161ljenja nasuprot slu\u017ebenoj ideologiji u komunisti\u010dkoj Jugoslaviji. Ideja konferencije je analizirati konkretan fenomen zadarskog slu\u010daja razloge i okolnosti njegove pojave, ali uz otvaranje komparativnih\u2026","rel":"","context":"U &quot;Novosti&quot;","block_context":{"text":"Novosti","link":"https:\/\/historiografija.hr\/?cat=3"},"img":{"alt_text":"","src":"https:\/\/i0.wp.com\/historiografija.hr\/wp-content\/uploads\/2026\/03\/Poziv-konferencija-Zadar.jpg?fit=1200%2C509&ssl=1&resize=350%2C200","width":350,"height":200,"srcset":"https:\/\/i0.wp.com\/historiografija.hr\/wp-content\/uploads\/2026\/03\/Poziv-konferencija-Zadar.jpg?fit=1200%2C509&ssl=1&resize=350%2C200 1x, https:\/\/i0.wp.com\/historiografija.hr\/wp-content\/uploads\/2026\/03\/Poziv-konferencija-Zadar.jpg?fit=1200%2C509&ssl=1&resize=525%2C300 1.5x, https:\/\/i0.wp.com\/historiografija.hr\/wp-content\/uploads\/2026\/03\/Poziv-konferencija-Zadar.jpg?fit=1200%2C509&ssl=1&resize=700%2C400 2x, https:\/\/i0.wp.com\/historiografija.hr\/wp-content\/uploads\/2026\/03\/Poziv-konferencija-Zadar.jpg?fit=1200%2C509&ssl=1&resize=1050%2C600 3x"},"classes":[]}],"_links":{"self":[{"href":"https:\/\/historiografija.hr\/index.php?rest_route=\/wp\/v2\/posts\/3180","targetHints":{"allow":["GET"]}}],"collection":[{"href":"https:\/\/historiografija.hr\/index.php?rest_route=\/wp\/v2\/posts"}],"about":[{"href":"https:\/\/historiografija.hr\/index.php?rest_route=\/wp\/v2\/types\/post"}],"author":[{"embeddable":true,"href":"https:\/\/historiografija.hr\/index.php?rest_route=\/wp\/v2\/users\/2"}],"replies":[{"embeddable":true,"href":"https:\/\/historiografija.hr\/index.php?rest_route=%2Fwp%2Fv2%2Fcomments&post=3180"}],"version-history":[{"count":7,"href":"https:\/\/historiografija.hr\/index.php?rest_route=\/wp\/v2\/posts\/3180\/revisions"}],"predecessor-version":[{"id":3188,"href":"https:\/\/historiografija.hr\/index.php?rest_route=\/wp\/v2\/posts\/3180\/revisions\/3188"}],"wp:featuredmedia":[{"embeddable":true,"href":"https:\/\/historiografija.hr\/index.php?rest_route=\/wp\/v2\/media\/3181"}],"wp:attachment":[{"href":"https:\/\/historiografija.hr\/index.php?rest_route=%2Fwp%2Fv2%2Fmedia&parent=3180"}],"wp:term":[{"taxonomy":"category","embeddable":true,"href":"https:\/\/historiografija.hr\/index.php?rest_route=%2Fwp%2Fv2%2Fcategories&post=3180"},{"taxonomy":"post_tag","embeddable":true,"href":"https:\/\/historiografija.hr\/index.php?rest_route=%2Fwp%2Fv2%2Ftags&post=3180"}],"curies":[{"name":"wp","href":"https:\/\/api.w.org\/{rel}","templated":true}]}}