{"id":31795,"date":"2022-06-21T09:29:36","date_gmt":"2022-06-21T09:29:36","guid":{"rendered":"http:\/\/historiografija.hr\/?p=31795"},"modified":"2022-06-21T09:29:36","modified_gmt":"2022-06-21T09:29:36","slug":"emisija-povijesne-kontroverze-iseljenicke-politike-austro-ugarske-i-kraljevine-jugoslavije","status":"publish","type":"post","link":"https:\/\/historiografija.hr\/?p=31795","title":{"rendered":"Emisija \u201cPovijesne kontroverze\u201d: Iseljeni\u010dke politike Austro-Ugarske i Kraljevine Jugoslavije"},"content":{"rendered":"\n<p>U \u201cPovijesnim kontroverzama\u201d u \u010detvrtak, 23. lipnja 2022. u 14.30 sati na Tre\u0107em programu Hrvatskog radija o iseljeni\u010dkim politikama Austro-Ugarske i Kraljevine Jugoslavije govori Darija Hofgr\u00e4ff Mari\u0107.<\/p>\n\n\n\n<hr class=\"wp-block-separator\"\/>\n\n\n\n<p>HRT \u2013 HR3 23.06.2022. 14:30 \u2013 15:15<\/p>\n\n\n\n<p><strong>Povijesne kontroverze<\/strong><\/p>\n\n\n\n<p>Za\u0161to su Hrvati iseljavali iz svoje domovine za vrijeme Austro-Ugarske, a za\u0161to u vrijeme Kraljevine Jugoslavije? Jesu li te dr\u017eave poticale iseljavanje Hrvata ili su ih poku\u0161avali zadr\u017eati u domovini? Jesu li te dvije monarhije usporedive kad se govori o iseljeni\u010dkoj politici pitanja su na koja odgovore tra\u017eimo u razgovoru s dr. sc. Darijom Hofgr\u00e4ff Mari\u0107.<\/p>\n\n\n\n<p><a href=\"http:\/\/raspored.hrt.hr\/\">http:\/\/raspored.hrt.hr\/<\/a><\/p>\n\n\n\n<p><a href=\"https:\/\/radio.hrt.hr\/slusaonica\/povijesne-kontroverze\">https:\/\/radio.hrt.hr\/slusaonica\/povijesne-kontroverze<\/a><\/p>\n\n\n\n<hr class=\"wp-block-separator\"\/>\n","protected":false},"excerpt":{"rendered":"","protected":false},"author":2,"featured_media":28920,"comment_status":"open","ping_status":"open","sticky":false,"template":"","format":"standard","meta":{"_acf_changed":false,"_jetpack_newsletter_access":"","_jetpack_dont_email_post_to_subs":false,"_jetpack_newsletter_tier_id":0,"_jetpack_memberships_contains_paywalled_content":false,"_jetpack_memberships_contains_paid_content":false,"footnotes":"","jetpack_publicize_message":"","jetpack_publicize_feature_enabled":true,"jetpack_social_post_already_shared":true,"jetpack_social_options":{"image_generator_settings":{"template":"highway","default_image_id":0,"font":"","enabled":false},"version":2},"jetpack_post_was_ever_published":false},"categories":[3],"tags":[],"class_list":["post-31795","post","type-post","status-publish","format-standard","has-post-thumbnail","hentry","category-novosti"],"acf":{"facebook_opis":""},"jetpack_publicize_connections":[],"jetpack_featured_media_url":"https:\/\/i0.wp.com\/historiografija.hr\/wp-content\/uploads\/2021\/12\/povijesne-kontroverze.jpg?fit=1920%2C1080&ssl=1","jetpack_sharing_enabled":true,"jetpack-related-posts":[{"id":54376,"url":"https:\/\/historiografija.hr\/?p=54376","url_meta":{"origin":31795,"position":0},"title":"Slobodan Jovanovi\u0107, \u201eZapisi o problemima i ljudima 1941\u20131944\u201c (Novi Sad: Akademska knjiga, 2025)","author":"Branimir Jankovi\u0107","date":"30. lipnja 2026.","format":false,"excerpt":"Skoro u potpunosti nepoznati \u0161iroj javnosti, Zapisi o problemima i ljudima 1941\u20131944 Slobodana Jovanovi\u0107a donose novi pogled na burnu istoriju ratnih godina.Predstavljaju\u0107i niz doga\u0111aja \u2013 me\u0111u kojima su vojni pu\u010d 27. marta, Aprilski rat, bekstvo \u010dlanova Vlade Kraljevine Jugoslavije u emigraciju, u\u010destali sporovi srpskih i hrvatskih politi\u010dara, Kairska afera, \u017eenidba\u2026","rel":"","context":"U &quot;Knjige&quot;","block_context":{"text":"Knjige","link":"https:\/\/historiografija.hr\/?cat=8"},"img":{"alt_text":"","src":"https:\/\/i0.wp.com\/historiografija.hr\/wp-content\/uploads\/2026\/06\/Zapisi.png?fit=600%2C440&ssl=1&resize=350%2C200","width":350,"height":200,"srcset":"https:\/\/i0.wp.com\/historiografija.hr\/wp-content\/uploads\/2026\/06\/Zapisi.png?fit=600%2C440&ssl=1&resize=350%2C200 1x, https:\/\/i0.wp.com\/historiografija.hr\/wp-content\/uploads\/2026\/06\/Zapisi.png?fit=600%2C440&ssl=1&resize=525%2C300 1.5x"},"classes":[]},{"id":54951,"url":"https:\/\/historiografija.hr\/?p=54951","url_meta":{"origin":31795,"position":1},"title":"Nelio Biedermann, &#8220;L\u00e1z\u00e1r&#8221;","author":"Branimir Jankovi\u0107","date":"13. kolovoza 2026.","format":false,"excerpt":"L\u00e1z\u00e1r Nelija Biedermanna knji\u017eevna je senzacija prevedena na desetke jezika i ve\u0107 uspore\u0111ivana s Mannovim Buddenbrookovima i M\u00e1rquezovim romanima. Kroz sudbinu ma\u0111arske plemi\u0107ke obitelji tijekom raspada Austro-Ugarske, ratova i politi\u010dkih prevrata, autor ispisuje rasko\u0161nu, mra\u010dnu i nezaboravnu obiteljsku sagu o ljubavi, tajnama i naslje\u0111u. Od prvog objavljivanja u Njema\u010dkoj u\u2026","rel":"","context":"U &quot;Novosti&quot;","block_context":{"text":"Novosti","link":"https:\/\/historiografija.hr\/?cat=3"},"img":{"alt_text":"","src":"https:\/\/i0.wp.com\/historiografija.hr\/wp-content\/uploads\/2026\/08\/lazar.jpg?fit=768%2C577&ssl=1&resize=350%2C200","width":350,"height":200,"srcset":"https:\/\/i0.wp.com\/historiografija.hr\/wp-content\/uploads\/2026\/08\/lazar.jpg?fit=768%2C577&ssl=1&resize=350%2C200 1x, https:\/\/i0.wp.com\/historiografija.hr\/wp-content\/uploads\/2026\/08\/lazar.jpg?fit=768%2C577&ssl=1&resize=525%2C300 1.5x, https:\/\/i0.wp.com\/historiografija.hr\/wp-content\/uploads\/2026\/08\/lazar.jpg?fit=768%2C577&ssl=1&resize=700%2C400 2x"},"classes":[]},{"id":53336,"url":"https:\/\/historiografija.hr\/?p=53336","url_meta":{"origin":31795,"position":2},"title":"Predstavljanje knjiga Roberta Mak\u0142owicza \u201eCarska i kraljevska kuhinja\u201c i \u201eCaf\u00e9 Museum\u201c u Zagrebu","author":"Branimir Jankovi\u0107","date":"14. svibnja 2026.","format":false,"excerpt":"U Etnografskome muzeju u utorak, 19. svibnja 2026. u 19 sati odr\u017eat \u0107e se predstavljanje dviju knjiga poznatoga poljskog putopisca i kulinarskog maga Roberta Mak\u0142owicza u kojima se govori o povijesti i kulturi te o kulinarskim specijalitetima Hrvatske i zemalja koje su neko\u0107 pripadale Habsbur\u0161kom Carstvu\/Austro-Ugarskoj. Robert Mak\u0142owicz je poznati\u2026","rel":"","context":"U &quot;Novosti&quot;","block_context":{"text":"Novosti","link":"https:\/\/historiografija.hr\/?cat=3"},"img":{"alt_text":"","src":"https:\/\/i0.wp.com\/historiografija.hr\/wp-content\/uploads\/2026\/05\/robert-predstavljanje-knjige.jpg?fit=1200%2C540&ssl=1&resize=350%2C200","width":350,"height":200,"srcset":"https:\/\/i0.wp.com\/historiografija.hr\/wp-content\/uploads\/2026\/05\/robert-predstavljanje-knjige.jpg?fit=1200%2C540&ssl=1&resize=350%2C200 1x, https:\/\/i0.wp.com\/historiografija.hr\/wp-content\/uploads\/2026\/05\/robert-predstavljanje-knjige.jpg?fit=1200%2C540&ssl=1&resize=525%2C300 1.5x, https:\/\/i0.wp.com\/historiografija.hr\/wp-content\/uploads\/2026\/05\/robert-predstavljanje-knjige.jpg?fit=1200%2C540&ssl=1&resize=700%2C400 2x, https:\/\/i0.wp.com\/historiografija.hr\/wp-content\/uploads\/2026\/05\/robert-predstavljanje-knjige.jpg?fit=1200%2C540&ssl=1&resize=1050%2C600 3x"},"classes":[]},{"id":52603,"url":"https:\/\/historiografija.hr\/?p=52603","url_meta":{"origin":31795,"position":3},"title":"No\u0107 knjige: Carska i kraljevska kuhinja","author":"Branimir Jankovi\u0107","date":"22. travnja 2026.","format":false,"excerpt":"Pozivamo vas da nam se pridru\u017eite 23. travnja 2026. u 18 sati u obilje\u017eavanju No\u0107i knjige u Pivnici Bobi&Rudi na Trgu Ivana Me\u0161trovi\u0107a u Zapru\u0111u u Zagrebu gdje uz kavu \u010ditamo recepte iz zemalja Austro-Ugarske Monarhije iz knjige Carska i kraljevska kuhinja, autora Roberta Mak\u0142owicza, u prijevodu Damira Agi\u010di\u0107a. Izvor:\u2026","rel":"","context":"U &quot;Novosti&quot;","block_context":{"text":"Novosti","link":"https:\/\/historiografija.hr\/?cat=3"},"img":{"alt_text":"","src":"https:\/\/i0.wp.com\/historiografija.hr\/wp-content\/uploads\/2026\/04\/Noc-knjige-Carska-i-kraljevska.jpg?fit=1200%2C1200&ssl=1&resize=350%2C200","width":350,"height":200,"srcset":"https:\/\/i0.wp.com\/historiografija.hr\/wp-content\/uploads\/2026\/04\/Noc-knjige-Carska-i-kraljevska.jpg?fit=1200%2C1200&ssl=1&resize=350%2C200 1x, https:\/\/i0.wp.com\/historiografija.hr\/wp-content\/uploads\/2026\/04\/Noc-knjige-Carska-i-kraljevska.jpg?fit=1200%2C1200&ssl=1&resize=525%2C300 1.5x, https:\/\/i0.wp.com\/historiografija.hr\/wp-content\/uploads\/2026\/04\/Noc-knjige-Carska-i-kraljevska.jpg?fit=1200%2C1200&ssl=1&resize=700%2C400 2x, https:\/\/i0.wp.com\/historiografija.hr\/wp-content\/uploads\/2026\/04\/Noc-knjige-Carska-i-kraljevska.jpg?fit=1200%2C1200&ssl=1&resize=1050%2C600 3x"},"classes":[]},{"id":54271,"url":"https:\/\/historiografija.hr\/?p=54271","url_meta":{"origin":31795,"position":4},"title":"Slobodan Prosperov Novak, &#8220;Grga Novak. \u017divot i djela&#8221;","author":"Branimir Jankovi\u0107","date":"23. lipnja 2026.","format":false,"excerpt":"Biografija Grga Novak: \u017divot i djela donosi pri\u010du o hvarskom znanstveniku i arheologu, jedinom Hrvatu s vite\u0161kim naslovom sir, kojeg je odlikovala kraljica Elizabeta II. Slobodan Prosperov Novak prati njegov put od siroma\u0161tva do vrha akademije kroz re\u017eime XX. stolje\u0107a. Grga Novak jedan je od najfascinantnijih na\u0161ih znanstvenika u dvadesetom\u2026","rel":"","context":"U &quot;Knjige&quot;","block_context":{"text":"Knjige","link":"https:\/\/historiografija.hr\/?cat=8"},"img":{"alt_text":"","src":"https:\/\/i0.wp.com\/historiografija.hr\/wp-content\/uploads\/2026\/06\/grga-novak-slobodan-prosperov-novak-knjiga.jpg?fit=768%2C431&ssl=1&resize=350%2C200","width":350,"height":200,"srcset":"https:\/\/i0.wp.com\/historiografija.hr\/wp-content\/uploads\/2026\/06\/grga-novak-slobodan-prosperov-novak-knjiga.jpg?fit=768%2C431&ssl=1&resize=350%2C200 1x, https:\/\/i0.wp.com\/historiografija.hr\/wp-content\/uploads\/2026\/06\/grga-novak-slobodan-prosperov-novak-knjiga.jpg?fit=768%2C431&ssl=1&resize=525%2C300 1.5x, https:\/\/i0.wp.com\/historiografija.hr\/wp-content\/uploads\/2026\/06\/grga-novak-slobodan-prosperov-novak-knjiga.jpg?fit=768%2C431&ssl=1&resize=700%2C400 2x"},"classes":[]},{"id":52857,"url":"https:\/\/historiografija.hr\/?p=52857","url_meta":{"origin":31795,"position":5},"title":"Marijan Bobinac, &#8220;Imperij, nacija, knji\u017eevnost. Postimperijalni narativi u srednjoeuropskim knji\u017eevnostima moderne&#8221;","author":"Branimir Jankovi\u0107","date":"5. svibnja 2026.","format":false,"excerpt":"U Zagrebu \u0107e na Festivalu povijesti Kliofest 2026. biti predstavljena knjiga Marijana Bobinca \"Imperij, nacija, knji\u017eevnost. Postimperijalni narativi u srednjoeuropskim knji\u017eevnostima moderne\". Imperij ili nacionalna dr\u017eava \u2013 koji se od dvaju dominantnih oblika dr\u017eavnog ure\u0111enja u modernom svijetu pokazao uspje\u0161nijim i u\u010dinkovitijim? Prije stotinu godina, u razdoblju nakon Prvoga svjetskog\u2026","rel":"","context":"U &quot;Knjige&quot;","block_context":{"text":"Knjige","link":"https:\/\/historiografija.hr\/?cat=8"},"img":{"alt_text":"","src":"https:\/\/i0.wp.com\/historiografija.hr\/wp-content\/uploads\/2026\/05\/bobinac-2.jpg?fit=733%2C938&ssl=1&resize=350%2C200","width":350,"height":200,"srcset":"https:\/\/i0.wp.com\/historiografija.hr\/wp-content\/uploads\/2026\/05\/bobinac-2.jpg?fit=733%2C938&ssl=1&resize=350%2C200 1x, https:\/\/i0.wp.com\/historiografija.hr\/wp-content\/uploads\/2026\/05\/bobinac-2.jpg?fit=733%2C938&ssl=1&resize=525%2C300 1.5x, https:\/\/i0.wp.com\/historiografija.hr\/wp-content\/uploads\/2026\/05\/bobinac-2.jpg?fit=733%2C938&ssl=1&resize=700%2C400 2x"},"classes":[]}],"_links":{"self":[{"href":"https:\/\/historiografija.hr\/index.php?rest_route=\/wp\/v2\/posts\/31795","targetHints":{"allow":["GET"]}}],"collection":[{"href":"https:\/\/historiografija.hr\/index.php?rest_route=\/wp\/v2\/posts"}],"about":[{"href":"https:\/\/historiografija.hr\/index.php?rest_route=\/wp\/v2\/types\/post"}],"author":[{"embeddable":true,"href":"https:\/\/historiografija.hr\/index.php?rest_route=\/wp\/v2\/users\/2"}],"replies":[{"embeddable":true,"href":"https:\/\/historiografija.hr\/index.php?rest_route=%2Fwp%2Fv2%2Fcomments&post=31795"}],"version-history":[{"count":1,"href":"https:\/\/historiografija.hr\/index.php?rest_route=\/wp\/v2\/posts\/31795\/revisions"}],"predecessor-version":[{"id":31796,"href":"https:\/\/historiografija.hr\/index.php?rest_route=\/wp\/v2\/posts\/31795\/revisions\/31796"}],"wp:featuredmedia":[{"embeddable":true,"href":"https:\/\/historiografija.hr\/index.php?rest_route=\/wp\/v2\/media\/28920"}],"wp:attachment":[{"href":"https:\/\/historiografija.hr\/index.php?rest_route=%2Fwp%2Fv2%2Fmedia&parent=31795"}],"wp:term":[{"taxonomy":"category","embeddable":true,"href":"https:\/\/historiografija.hr\/index.php?rest_route=%2Fwp%2Fv2%2Fcategories&post=31795"},{"taxonomy":"post_tag","embeddable":true,"href":"https:\/\/historiografija.hr\/index.php?rest_route=%2Fwp%2Fv2%2Ftags&post=31795"}],"curies":[{"name":"wp","href":"https:\/\/api.w.org\/{rel}","templated":true}]}}