{"id":31787,"date":"2022-06-20T14:48:36","date_gmt":"2022-06-20T14:48:36","guid":{"rendered":"http:\/\/historiografija.hr\/?p=31787"},"modified":"2022-06-20T14:59:02","modified_gmt":"2022-06-20T14:59:02","slug":"ii-medunarodni-znanstveni-skup-vaznost-europskoga-sjecanja-za-europsku-buducnost-komunisticki-zlocini","status":"publish","type":"post","link":"https:\/\/historiografija.hr\/?p=31787","title":{"rendered":"II. ME\u0110UNARODNI ZNANSTVENI SKUP &#8220;Va\u017enost europskoga sje\u0107anja za europsku budu\u0107nost: Komunisti\u010dki zlo\u010dini&#8221;"},"content":{"rendered":"\n<p>Sje\u0107anje na komunisti\u010dke zlo\u010dine za bolju europsku budu\u0107nost<\/p>\n\n\n\n<p>Fakultet hrvatskih studija Sveu\u010dili\u0161ta u Zagrebu 22. lipnja 2022. organizira II. Me\u0111unarodni znanstveni skup <em>Va\u017enost europskoga sje\u0107anja za europsku budu\u0107nost: Komunisti\u010dki zlo\u010dini<\/em>. Na simboli\u010dki na\u010din odr\u017eava se skup s obzirom na to da je taj dan predvi\u0111en za slavlje dr\u017eavnoga praznika Dana antifa\u0161isti\u010dke borbe. Fakultet ovim \u010dinom \u017eeli ukazati na zaboravljeni pijetet prema svim \u017ertvama ratnih i poratnih zlo\u010dina te zaboravnost na ove nemile doga\u0111aje koji su potisnuti.<\/p>\n\n\n\n<p>Radi se o drugom znanstvenom skupu na Fakultetu hrvatskih studija s navedenom tematikom koji \u0107e se odr\u017eati na Znanstvenom-u\u010dili\u0161nom kampusu Borongaj u najve\u0107oj dvorani Zagreb uz potporu i pokroviteljstvo Ministarstva znanosti i obrazovanje te Zaklade Konrad Adenauer. Drugi je to skup s takvom problematikom u Republici Hrvatskoj i \u0161irem okru\u017eenju, a glavni joj je cilj okupiti znanstvenike, koji \u0107e razli\u010ditim metodolo\u0161kim pristupima doprinijeti spoznajama i razumijevanju naravi komunisti\u010dkih zlo\u010dina. &nbsp;&nbsp; &nbsp; &nbsp; &nbsp;<\/p>\n\n\n\n<p>Europsko humanisti\u010dko civilizacijsko naslje\u0111e te odgovaraju\u0107i dokumenti Hrvatskoga sabora, Vije\u0107a Europe i Europske unije obvezuju znanstvenike na doprinosu i suo\u010davanju sa zlo\u010dina\u010dkom komunisti\u010dkom pro\u0161lo\u0161\u0107u. O navedenim masovnim zlo\u010dinima najkonkretnije svjedo\u010de prikrivena strati\u0161ta i grobi\u0161ta koja su do 1990. bila najstro\u017ee \u010duvana tajna jugoslavenskoga komunisti\u010dkoga poretka, a nakon 1990. slu\u017ebena dr\u017eavna povjerenstva su do 2012. na teritorijima dijela novonastalih dr\u017eava evidentirala ukupno pribli\u017eno 1700 masovnih prikrivenih strati\u0161ta i grobi\u0161ta: u Sloveniji 591, u Hrvatskoj 843, u Srbiji 180 te u Bosni i Hercegovini 91. U dijelu dr\u017eava nastalih raspadom Jugoslavije (Crna Gora, Kosovo, Makedonija) ta tema slu\u017ebeno jo\u0161 nije ni otvorena.<\/p>\n\n\n\n<p>Me\u0111utim, zbog tranzicijskih razloga u spomenutim dr\u017eavama koje su dio tih zlo\u010dina istra\u017eile, uglavnom su obustavljena ili znatno usporena daljnja istra\u017eivanja (u Hrvatskoj 2000., u Sloveniji 2009.) te je stoga izostalo suo\u010davanje s tim zastra\u0161uju\u0107im zlo\u010dinima i drugom zlo\u010dina\u010dkom represijom jugoslavenskoga komunisti\u010dkoga re\u017eima, iako na to suo\u010davanje Hrvatsku i Sloveniju obvezuju dokumenti koji su pravna ste\u010devina Europske unije, a sukladno tomu Hrvatski sabor je u lipnju 2006. usvojio i odgovaraju\u0107u Deklaraciju koja je ostala mrtvo slovo na papiru.<\/p>\n\n\n\n<p>Me\u0111unarodni znanstveni skup okupit \u0107e 15 znanstvenika iz \u010dak \u0161est dr\u017eava. Skup \u0107e biti podijeljen u tri sesije: <strong><em>Komunisti\u010dki poratni zlo\u010dini \u2013 temeljne odrednice, Komunisti\u010dki zlo\u010dini izme\u0111u dr\u017eavne i lokalne razine, Komunisti\u010dki zlo\u010dini i stanovni\u0161tvo<\/em>.<\/strong><br>Organizacijski odbor znanstvenog skupa \u010dine predsjednik doc. dr. sc. <strong>Vladimir \u0160umanovi\u0107<\/strong>, doc. dr. sc. <strong>Vlatka Vukeli\u0107<\/strong> i <strong>Danijel Jurkovi\u0107<\/strong>, mag. hist., mag. educ. hist. et mag. comm. Na skupu \u0107e tako\u0111er sudjelovati uva\u017eeni znanstvenici koji se godinama bave naravi komunisti\u010dkih zlo\u010dina: prof. dr. sc. <strong>Bojan Dimitrijevi\u0107<\/strong>, prof. dr. sc. <strong>Mitja Ferenc<\/strong>, prof. dr. sc. <strong>Veljko \u0110uri\u0107 Mi\u0161ina<\/strong>, dr. sc. <strong>Franjo Juri\u0107<\/strong>, dr. sc. <strong>Blanka Matkovi\u0107<\/strong>, dr. sc. <strong>Tomislav Jonji\u0107, <\/strong>dr. sc. <strong>Hrvoje Mandi\u0107<\/strong>\u2026\u00a0<\/p>\n\n\n\n<p>Izravni video prijenos osiguran je za 22. lipnja 2022. u 9.30 sati te \u0107e biti dostupan na poveznici: <a href=\"https:\/\/www.youtube.com\/channel\/UCll0fGZdlj-YQGEtaVCFRdw\">YouTube kanal Fakulteta hrvatskih studija<\/a><\/p>\n\n\n\n<p><a href=\"https:\/\/www.hrstud.unizg.hr\/_news\/42272\/Komunisticki%20zlocini%20-%20plakat.pdf\">Plakat skupa<\/a><\/p>\n\n\n\n<p><a href=\"https:\/\/www.hrstud.unizg.hr\/_news\/42272\/18062022_Book of Abstracts_The importance of European remembrance for the future of Europe Communist Crimes.pdf\">Knji\u017eica sa\u017eetaka s programom<\/a><br><\/p>\n\n\n\n<hr class=\"wp-block-separator\"\/>\n\n\n\n<p>Izvor: <a href=\"https:\/\/www.hrstud.unizg.hr\/obavijesti?@=21ind#news_112402\">https:\/\/www.hrstud.unizg.hr\/obavijesti?@=21ind#news_112402<\/a><\/p>\n\n\n\n<hr class=\"wp-block-separator\"\/>\n\n\n\n<p><\/p>\n","protected":false},"excerpt":{"rendered":"","protected":false},"author":2,"featured_media":31788,"comment_status":"open","ping_status":"open","sticky":false,"template":"","format":"standard","meta":{"_acf_changed":false,"jetpack_post_was_ever_published":false,"_jetpack_newsletter_access":"","_jetpack_dont_email_post_to_subs":false,"_jetpack_newsletter_tier_id":0,"_jetpack_memberships_contains_paywalled_content":false,"_jetpack_memberships_contains_paid_content":false,"footnotes":"","jetpack_publicize_message":"","jetpack_publicize_feature_enabled":true,"jetpack_social_post_already_shared":true,"jetpack_social_options":{"image_generator_settings":{"template":"highway","default_image_id":0,"font":"","enabled":false},"version":2}},"categories":[3,9],"tags":[],"class_list":["post-31787","post","type-post","status-publish","format-standard","has-post-thumbnail","hentry","category-novosti","category-skupovi"],"acf":{"facebook_opis":""},"jetpack_publicize_connections":[],"jetpack_featured_media_url":"https:\/\/i0.wp.com\/historiografija.hr\/wp-content\/uploads\/2022\/06\/Komunisticki-zlocini.png?fit=700%2C377&ssl=1","jetpack_sharing_enabled":true,"jetpack-related-posts":[],"_links":{"self":[{"href":"https:\/\/historiografija.hr\/index.php?rest_route=\/wp\/v2\/posts\/31787","targetHints":{"allow":["GET"]}}],"collection":[{"href":"https:\/\/historiografija.hr\/index.php?rest_route=\/wp\/v2\/posts"}],"about":[{"href":"https:\/\/historiografija.hr\/index.php?rest_route=\/wp\/v2\/types\/post"}],"author":[{"embeddable":true,"href":"https:\/\/historiografija.hr\/index.php?rest_route=\/wp\/v2\/users\/2"}],"replies":[{"embeddable":true,"href":"https:\/\/historiografija.hr\/index.php?rest_route=%2Fwp%2Fv2%2Fcomments&post=31787"}],"version-history":[{"count":3,"href":"https:\/\/historiografija.hr\/index.php?rest_route=\/wp\/v2\/posts\/31787\/revisions"}],"predecessor-version":[{"id":31794,"href":"https:\/\/historiografija.hr\/index.php?rest_route=\/wp\/v2\/posts\/31787\/revisions\/31794"}],"wp:featuredmedia":[{"embeddable":true,"href":"https:\/\/historiografija.hr\/index.php?rest_route=\/wp\/v2\/media\/31788"}],"wp:attachment":[{"href":"https:\/\/historiografija.hr\/index.php?rest_route=%2Fwp%2Fv2%2Fmedia&parent=31787"}],"wp:term":[{"taxonomy":"category","embeddable":true,"href":"https:\/\/historiografija.hr\/index.php?rest_route=%2Fwp%2Fv2%2Fcategories&post=31787"},{"taxonomy":"post_tag","embeddable":true,"href":"https:\/\/historiografija.hr\/index.php?rest_route=%2Fwp%2Fv2%2Ftags&post=31787"}],"curies":[{"name":"wp","href":"https:\/\/api.w.org\/{rel}","templated":true}]}}