{"id":31712,"date":"2022-06-15T20:53:20","date_gmt":"2022-06-15T20:53:20","guid":{"rendered":"http:\/\/historiografija.hr\/?p=31712"},"modified":"2022-06-15T20:55:38","modified_gmt":"2022-06-15T20:55:38","slug":"izlozba-sipcina-u-okesincu-ladanjski-zivot-u-anticko-doba","status":"publish","type":"post","link":"https:\/\/historiografija.hr\/?p=31712","title":{"rendered":"Izlo\u017eba &#8216;Sip\u010dina u Oke\u0161incu: ladanjski \u017eivot u anti\u010dko doba&#8217;"},"content":{"rendered":"\n<p>Izlo\u017eba &#8220;Sip\u010dina u Oke\u0161incu: ladanjski \u017eivot u anti\u010dko doba&#8221; otvara se u petak, 17. lipnja 2022. u 18.00 sati u Muzeju Ivani\u0107-Grada.<\/p>\n\n\n\n<hr class=\"wp-block-separator\"\/>\n\n\n\n<p><strong>Muzej Ivani\u0107-Grada<\/strong><\/p>\n\n\n\n<p>Ove godine posebno \u0107emo obilje\u017eiti EUROPSKE DANE ARHEOLOGIJE od 17. \u2013 19. lipnja u na\u0161em Muzeju.<\/p>\n\n\n\n<p><br>Europski dani arheologije (EDA) kontinuirano se organiziraju u Francuskoj od 2010. godine, a od 2019. se manifestacija \u0161iri i na druge europske zemlje. Cilj je pribli\u017eiti arheologiju \u0161iroj javnosti organizacijom raznih aktivnosti poput radionica, predavanja, izlo\u017ebi, predstavljanja publikacija i ostalih \u201earheolo\u0161kih\u201c doga\u0111anja.<\/p>\n\n\n\n<p><br>Kako bismo predstavili arheologiju na\u0161eg podru\u010dja, pripremili smo za vas izlo\u017ebu \u201eSIP\u010cINA U OKE\u0160INCU \u2013 LADANJSKI \u017dIVOT U ANTI\u010cKO DOBA\u201c. Niz godina na lokalitetu Sip\u010dina (op\u0107ina Kri\u017e) traju iskapanja koja vr\u0161i Hrvatski restauratorski zavod, a koja potpoma\u017eu Ministarstvo kulture, Zagreba\u010dka \u017eupanija i op\u0107ina Kri\u017e.<\/p>\n\n\n\n<p><br>Naime, u ju\u017enom dijelu naselja Oke\u0161inec, u sklopu op\u0107ine Kri\u017e, smjestilo se jedno od va\u017enijih arheolo\u0161kih nalazi\u0161ta Moslavine. Polo\u017eaj koji se neznatno uzdi\u017ee nad okolinom, od davnina se koristi isklju\u010divo u poljoprivredne svrhe. Upravo su oranjem na povr\u0161inu dospjeli ostaci raznog gra\u0111evinskog materijala i kerami\u010dkih nalaza.<\/p>\n\n\n\n<p>Do sada su otkriveni ostaci dviju rimskih gra\u0111evina. U prvim stolje\u0107ima nove ere na Sip\u010dini se nalazio ruralni gra\u0111evinski kompleks \u2013 villa rustica, za rimsko doba karakteristi\u010dan stambeni i gospodarski kompleks zgrada smje\u0161ten izvan naselja.<\/p>\n\n\n\n<p><br>Na izlo\u017ebi \u0107e biti izlo\u017eeni sitniji nalazi s lokaliteta, a istra\u017eivanja \u0107e biti predstavljena slikovnim materijalima.<\/p>\n\n\n\n<p>Sa zadovoljstvom vas pozivamo na otvorenje izlo\u017ebe u petak, 17. lipnja u 18.00 sati!<\/p>\n\n\n\n<hr class=\"wp-block-separator\"\/>\n\n\n\n<p>Izvori:<\/p>\n\n\n\n<figure class=\"wp-block-embed-wordpress wp-block-embed is-type-wp-embed is-provider-muzej-ivanic-grada\"><div class=\"wp-block-embed__wrapper\">\n<blockquote class=\"wp-embedded-content\" data-secret=\"Gu2GwIMYON\"><a href=\"https:\/\/www.muzejivanicgrada.hr\/izlozba-sipcina-u-okesincu\/\">Izlo\u017eba &#8220;SIP\u010cINA U OKE\u0160INCU&#8221;<\/a><\/blockquote><iframe loading=\"lazy\" class=\"wp-embedded-content\" sandbox=\"allow-scripts\" security=\"restricted\" style=\"position: absolute; clip: rect(1px, 1px, 1px, 1px);\" title=\"Ugradi WordPress objavu\" src=\"https:\/\/www.muzejivanicgrada.hr\/izlozba-sipcina-u-okesincu\/embed\/#?secret=Gu2GwIMYON\" data-secret=\"Gu2GwIMYON\" width=\"600\" height=\"338\" frameborder=\"0\" marginwidth=\"0\" marginheight=\"0\" scrolling=\"no\"><\/iframe>\n<\/div><\/figure>\n\n\n\n<p><a href=\"https:\/\/mdc.hr\/\">https:\/\/mdc.hr\/<\/a><\/p>\n\n\n\n<hr class=\"wp-block-separator\"\/>\n","protected":false},"excerpt":{"rendered":"","protected":false},"author":2,"featured_media":31713,"comment_status":"open","ping_status":"open","sticky":false,"template":"","format":"standard","meta":{"_acf_changed":false,"jetpack_post_was_ever_published":false,"_jetpack_newsletter_access":"","_jetpack_dont_email_post_to_subs":false,"_jetpack_newsletter_tier_id":0,"_jetpack_memberships_contains_paywalled_content":false,"_jetpack_memberships_contains_paid_content":false,"footnotes":"","jetpack_publicize_message":"","jetpack_publicize_feature_enabled":true,"jetpack_social_post_already_shared":true,"jetpack_social_options":{"image_generator_settings":{"template":"highway","default_image_id":0,"font":"","enabled":false},"version":2}},"categories":[10,3],"tags":[],"class_list":["post-31712","post","type-post","status-publish","format-standard","has-post-thumbnail","hentry","category-izlozbe","category-novosti"],"acf":{"facebook_opis":""},"jetpack_publicize_connections":[],"jetpack_featured_media_url":"https:\/\/i0.wp.com\/historiografija.hr\/wp-content\/uploads\/2022\/06\/Sipcina-slika.jpg?fit=800%2C452&ssl=1","jetpack_sharing_enabled":true,"jetpack-related-posts":[],"_links":{"self":[{"href":"https:\/\/historiografija.hr\/index.php?rest_route=\/wp\/v2\/posts\/31712","targetHints":{"allow":["GET"]}}],"collection":[{"href":"https:\/\/historiografija.hr\/index.php?rest_route=\/wp\/v2\/posts"}],"about":[{"href":"https:\/\/historiografija.hr\/index.php?rest_route=\/wp\/v2\/types\/post"}],"author":[{"embeddable":true,"href":"https:\/\/historiografija.hr\/index.php?rest_route=\/wp\/v2\/users\/2"}],"replies":[{"embeddable":true,"href":"https:\/\/historiografija.hr\/index.php?rest_route=%2Fwp%2Fv2%2Fcomments&post=31712"}],"version-history":[{"count":3,"href":"https:\/\/historiografija.hr\/index.php?rest_route=\/wp\/v2\/posts\/31712\/revisions"}],"predecessor-version":[{"id":31716,"href":"https:\/\/historiografija.hr\/index.php?rest_route=\/wp\/v2\/posts\/31712\/revisions\/31716"}],"wp:featuredmedia":[{"embeddable":true,"href":"https:\/\/historiografija.hr\/index.php?rest_route=\/wp\/v2\/media\/31713"}],"wp:attachment":[{"href":"https:\/\/historiografija.hr\/index.php?rest_route=%2Fwp%2Fv2%2Fmedia&parent=31712"}],"wp:term":[{"taxonomy":"category","embeddable":true,"href":"https:\/\/historiografija.hr\/index.php?rest_route=%2Fwp%2Fv2%2Fcategories&post=31712"},{"taxonomy":"post_tag","embeddable":true,"href":"https:\/\/historiografija.hr\/index.php?rest_route=%2Fwp%2Fv2%2Ftags&post=31712"}],"curies":[{"name":"wp","href":"https:\/\/api.w.org\/{rel}","templated":true}]}}