{"id":31705,"date":"2022-06-14T18:41:20","date_gmt":"2022-06-14T18:41:20","guid":{"rendered":"http:\/\/historiografija.hr\/?p=31705"},"modified":"2022-06-14T18:41:55","modified_gmt":"2022-06-14T18:41:55","slug":"leila-slimani-u-zemlji-drugih-knjiga-prva-rat-rat-rat","status":"publish","type":"post","link":"https:\/\/historiografija.hr\/?p=31705","title":{"rendered":"Le\u00efla Slimani \u201cU zemlji drugih. Knjiga prva: Rat, rat, rat\u201d"},"content":{"rendered":"\n<p>Usred Drugog svjetskog rata u malome francuskom mjestu uz Rajnu Mathilde kao i svi \u010deka oslobo\u0111enje. Ona je mlada djevojka \u017eeljna ljubavi i \u017eivota, a \u017eivot joj se sasvim promijeni kada se zaljubi u osloboditelja vojnika francuske vojske Aminea, Marokanca, i odlu\u010di po\u0107i za svojim snovima, za svojom ljubavi preko mora u Maroko.<br>No u toj dalekoj, za nju egzoti\u010dnoj zemlji ni\u0161ta nije onako kako je sanjala. Nema veli\u010danstvenih zabava, rasko\u0161nih haljina\u2026 Ona postaje majka dvoje djece, \u017eena \u010dovjeka druge vjere, koji \u017eeli postati veleposjednik, poljoprivrednik koji \u0107e se slu\u017eiti najsuvremenijim znanjima, a sve to na zemlji koja ne daje ploda. Mathilde se suo\u010dava sa svojim strahovima, s mr\u017enjom, nepovjerenjem, oskudicom, te odgaja dvoje djece \u2013 bistru i inteligentnu Aicheu, koja se, kao ni majka, ne uklapa u sredinu, u \u0161kolu za bogate kolonijaliste \u2013 i njezina brata maloga Selima. Mo\u017ee li ona to sve, protiv sredine, protiv obi\u010daj\u0101, u osvit rata za oslobo\u0111enje od kolonijalizma?<br>Iznimno bogat, veli\u010danstven obiteljski portret <em>U zemlji drugih<\/em> prva je knjiga iz planirane trilogije o odrastanju i \u017eivotu u Maroku, o obitelji koja nije ni arapska ni francuska. Le\u00efla Slimani ovim romanom dokazuje za\u0161to je danas najva\u017enija francuska spisateljica. <em>U zemlji drugih<\/em> obiteljska je saga o svim nadanjima, strahovima, ljubavima i mr\u017enjama koje je proizvelo dvadeseto stolje\u0107e.<\/p>\n\n\n\n<hr class=\"wp-block-separator\"\/>\n\n\n\n<p>\u201cOd autorice me\u0111unarodnih bestselera, <em>U zemlji drugih<\/em> savr\u0161eno je \u0161tivo za ljubitelje Elene Ferrante, Tracy Chavalier i Maggie O\u2019Farrell.\u201d \u2013 <em>Faber&amp;Faber<\/em><\/p>\n\n\n\n<p>\u201cSvijet ovoga romana \u2013 Maroko nakon Drugoga svjetskog rata, do pobune protiv francuskog kolonijalizma \u2013 prelijepo je stvoren. Osobni i dru\u0161tveni \u017eivot te svakodnevica \u017eivahno se prostiru na stranicama, a mi duboko suosje\u0107amo s obitelji koja se nalazi u sredi\u0161tu povijesnog sukoba. Izuzetan, sna\u017ean roman slavljene autorice.\u201d \u2013 Salman Rushdie<\/p>\n\n\n\n<p>\u201cPanoramska, ambiciozna saga.\u201d \u2013 <em>The Times<\/em><\/p>\n\n\n\n<p>\u201cRoman koji je bogato slojevit i varljivo jednostavan. Voljela sam ga i nisam htjela da zavr\u0161i.\u201d \u2013 Claire Messud<\/p>\n\n\n\n<p>\u201cSlimani briljira pripovijedaju\u0107i ovaj opse\u017eni roman, vje\u0161to sla\u017eu\u0107i teme ljubavi, gubitka, otu\u0111enja, spola i pripadnosti u slo\u017eenu pri\u010du.\u201d \u2013 <em>Vogue<\/em><\/p>\n\n\n\n<p>\u201cVje\u0161tina pisanja Le\u00efle Slimani raspiruje ma\u0161tu: vidimo zemlju, ku\u0107u, pra\u0161inu. Osje\u0107amo slatki miris naran\u010de i trpki miris znoja. Osje\u0107amo strah kad nacionalna pobuna zahvati cijeli Maroko&#8230; <em>U zemlji drugih<\/em> veli\u010danstven je roman.\u201d \u2013 <em>La Presse<\/em><\/p>\n\n\n\n<p>\u201cRoman ogoljuje \u017eensku intimu i duboko pro\u017eivljeno iskustvo rata. Mathildeino putovanje <em>U zemlju drugih<\/em> obred je prolaska kroz jezik, maj\u010dinstvo i rat. Slimani majstorski bilje\u017ei sve te nijanse.\u201d \u2013 <em>New York Times<\/em><\/p>\n\n\n\n<p>\u201cU provokativnom raspolo\u017eenju ovo biste mogli nazvati romanom za odrasle: romanom koji ne uvjerava, ne propovijeda, ne govori \u0161to je ispravno, a \u0161to pogre\u0161no, ve\u0107 jednostavno obja\u0161njava da znati sve ne mora nu\u017eno zna\u010diti i oprostiti sve.\u201d \u2013 <em>The Times<\/em><\/p>\n\n\n\n<hr class=\"wp-block-separator\"\/>\n\n\n\n<p><strong>Knjiga\u00a0<em>U zemlji drugih<\/em>\u00a0objavljena\u00a0je u sklopu projekta Facing Insecurities in Contemporary Europe sufinanciranog sredstvima programa Europske unije Kreativna Europa.<\/strong><\/p>\n\n\n\n<hr class=\"wp-block-separator\"\/>\n\n\n\n<p>Jezik izvornika: francuski<\/p>\n\n\n\n<p>Prijevod: Vlatka Tor<\/p>\n\n\n\n<p>Broj stranica: 296<\/p>\n\n\n\n<p>Datum izdanja: kolovoz 2021.<\/p>\n\n\n\n<p>ISBN: 978-953358398-3<\/p>\n\n\n\n<p>Naslov izvornika: Le pays des autres<\/p>\n\n\n\n<hr class=\"wp-block-separator\"\/>\n\n\n\n<p>Izvor:<\/p>\n\n\n\n<p><a href=\"https:\/\/fraktura.hr\/u-zemlji-drugih.html\">https:\/\/fraktura.hr\/u-zemlji-drugih.html<\/a><\/p>\n\n\n\n<hr class=\"wp-block-separator\"\/>\n\n\n\n<p><\/p>\n","protected":false},"excerpt":{"rendered":"","protected":false},"author":2,"featured_media":31706,"comment_status":"open","ping_status":"open","sticky":false,"template":"","format":"standard","meta":{"_acf_changed":false,"jetpack_post_was_ever_published":false,"_jetpack_newsletter_access":"","_jetpack_dont_email_post_to_subs":false,"_jetpack_newsletter_tier_id":0,"_jetpack_memberships_contains_paywalled_content":false,"_jetpack_memberships_contains_paid_content":false,"footnotes":"","jetpack_publicize_message":"","jetpack_publicize_feature_enabled":true,"jetpack_social_post_already_shared":true,"jetpack_social_options":{"image_generator_settings":{"template":"highway","default_image_id":0,"font":"","enabled":false},"version":2}},"categories":[3,12],"tags":[],"class_list":["post-31705","post","type-post","status-publish","format-standard","has-post-thumbnail","hentry","category-novosti","category-knjizevnost"],"acf":{"facebook_opis":""},"jetpack_publicize_connections":[],"jetpack_featured_media_url":"https:\/\/i0.wp.com\/historiografija.hr\/wp-content\/uploads\/2022\/06\/u_zemlji_drugih.jpg?fit=407%2C610&ssl=1","jetpack_sharing_enabled":true,"jetpack-related-posts":[],"_links":{"self":[{"href":"https:\/\/historiografija.hr\/index.php?rest_route=\/wp\/v2\/posts\/31705","targetHints":{"allow":["GET"]}}],"collection":[{"href":"https:\/\/historiografija.hr\/index.php?rest_route=\/wp\/v2\/posts"}],"about":[{"href":"https:\/\/historiografija.hr\/index.php?rest_route=\/wp\/v2\/types\/post"}],"author":[{"embeddable":true,"href":"https:\/\/historiografija.hr\/index.php?rest_route=\/wp\/v2\/users\/2"}],"replies":[{"embeddable":true,"href":"https:\/\/historiografija.hr\/index.php?rest_route=%2Fwp%2Fv2%2Fcomments&post=31705"}],"version-history":[{"count":2,"href":"https:\/\/historiografija.hr\/index.php?rest_route=\/wp\/v2\/posts\/31705\/revisions"}],"predecessor-version":[{"id":31708,"href":"https:\/\/historiografija.hr\/index.php?rest_route=\/wp\/v2\/posts\/31705\/revisions\/31708"}],"wp:featuredmedia":[{"embeddable":true,"href":"https:\/\/historiografija.hr\/index.php?rest_route=\/wp\/v2\/media\/31706"}],"wp:attachment":[{"href":"https:\/\/historiografija.hr\/index.php?rest_route=%2Fwp%2Fv2%2Fmedia&parent=31705"}],"wp:term":[{"taxonomy":"category","embeddable":true,"href":"https:\/\/historiografija.hr\/index.php?rest_route=%2Fwp%2Fv2%2Fcategories&post=31705"},{"taxonomy":"post_tag","embeddable":true,"href":"https:\/\/historiografija.hr\/index.php?rest_route=%2Fwp%2Fv2%2Ftags&post=31705"}],"curies":[{"name":"wp","href":"https:\/\/api.w.org\/{rel}","templated":true}]}}