{"id":31680,"date":"2022-06-13T08:03:49","date_gmt":"2022-06-13T08:03:49","guid":{"rendered":"http:\/\/historiografija.hr\/?p=31680"},"modified":"2022-06-13T08:10:57","modified_gmt":"2022-06-13T08:10:57","slug":"izlozba-hrvati-na-ledenom-moru-1872-1874","status":"publish","type":"post","link":"https:\/\/historiografija.hr\/?p=31680","title":{"rendered":"Izlo\u017eba \u201eHrvati na ledenom moru 1872-1874\u201c"},"content":{"rendered":"\n<p>U utorak, 14. lipnja 2022. godine u 20.00 sati u Hrvatskom pomorskom muzeju Split odr\u017eat \u0107e se povodom 150. obljetnice prve austro-ugarske polarne ekspedicije otvorenje izlo\u017ebe i predstavljanje pro\u0161irenog izdanja pretiska knjige iz 1893. godine \u201eHRVATI NA LEDENOM MORU 1872-1874\u201c, autora Petra Kuni\u010di\u0107a. Knjigu \u0107e predstaviti Milorad Stani\u0107 u ime nakladnika LC Quarneroli Lovran i Ex libris Rijeka, urednik Miljenko Smokvina i autor izlo\u017ebe Jan Urban.<\/p>\n\n\n\n<p>Izlo\u017eba predstavlja svjetski poznatu austro-ugarsku znanstveno-istra\u017eiva\u010dku ekspediciju osvajanja Arktika iz 1872.\/1874. godine u kojoj je od 24 \u010dlana posade sudjelovalo \u010dak 12 mornara sa Jadrana i kojima su vo\u0111e ekspedicije Weyprecht i Peyer nadjenuli zajedni\u010dko ime Quarneroli.<\/p>\n\n\n\n<p>Odabir posade s jadranske obale nije pro\u0161ao bez polemika. Tvrdilo se da pomorci s toplog Jadranskog mora ne\u0107e mo\u0107i podnijeti te\u0161ko\u0107e zime i sjevera. Za pomo\u0107 pri odabiru mornara Weyprecht je zamolio svog dugogodi\u0161njeg prijatelja kapetana fregate Heinricha Von Littrowa, tada pomorskog inspektora u Rijeci i jednog od zna\u010dajnijih osoba rije\u010dke povijesti 19. stolje\u0107a \u2013 znanstvenika, istra\u017eiva\u010da rije\u010dke ba\u0161tine, zagovornika pomorskog razvoja Rijeke, publicista, pisca ud\u017ebenika, pjesnika&#8230; Njih dvojica odlu\u010dili su odabrati pomorce s Jadrana.<\/p>\n\n\n\n<p>Argumenti su bili sljede\u0107i: jadranski pomorci poznaju buru, zimske oluje i snijeg sjevernog Jadrana, nisu toliko skloni pi\u0107u kao sjevernjaci, uvijek su dobrog raspolo\u017eenja, skloni \u0161ali i pjesmi pa ih boravak u polarnoj no\u0107i ne\u0107e dovesti do depresije. Oni su pouzdani te se ne \u017eale na te\u0161ko\u0107e. Nakon sretnog povratka s ekspedicije i Weyprecht i Littrow su samo mogli re\u0107i da su bili u pravu \u2013 jadranski pomorci su bili odli\u010dni u svim uvjetima i svi su kriti\u010dari za\u0161utjeli.<\/p>\n\n\n\n<p>U trenucima primanja najve\u0107ih po\u010dasti i priznanja, uvijek su spominjali svoje mornare iskazuju\u0107i im tako zahvalu jer bez njih niti njihovog trijumfa ne bi bilo.<\/p>\n\n\n\n<p>Carl Weyprecht o razlozima odluke za hrvatsku brodsku posadu ka\u017ee: \u201eOni su zdravi, sna\u017eni, dovitljivi, \u0161to je najdragocjenije, vedri ljudi. Oni \u0107e kleti i moliti se, psovati i pjevati, ali oni \u0107e raditi i nikada spustiti krila.\u201c<\/p>\n\n\n\n<p>Julius Payer o hrvatskim mornarima pi\u0161e: \u201eNjih odlikuju: bezuvjetna poslu\u0161nost, privr\u017eenost njihovim vo\u0111ama, izdr\u017eljivost u pote\u0161ko\u0107ama i odlu\u010dnost u opasnostima!\u201c<\/p>\n\n\n\n<p>Ekspedicijski brod \u201eAdmiral Tegetthoff\u201c je ve\u0107 nakon 2 mjeseca plovidbe zarobljen u ledu i tu je zauvijek ostao. Posada se nakon 2 godine i 3 mjeseca, bez broda, vratila u civilizaciju.<\/p>\n\n\n\n<p>Najspektakularnije otkri\u0107e ove ekspedicije je do tada nepoznati oto\u010dni arhipelag sa 191 otokom kojega su nazvali \u201eZemlja Franje Josipa\u201c. Na tom arhipelagu od tada postoji i Rt Fiume i mnogi drugi nama poznati toponimi.<\/p>\n\n\n\n<p>U znanstvenom smislu ova ekspedicija je prete\u010da istra\u017eivanja klimatskih promjena i utjecaja Arktika na ostatak planeta Zemlje.<\/p>\n\n\n\n<p>Inovacija izlo\u017ebe je u tome \u0161to veli\u010da hrvatske mornare i njihov doprinos tom istra\u017eivanju. Jedan od mornara, Ante Zaninovi\u0107, bio je iz Sv. Nedjelje na otoku Hvaru, a drugi Ante Lukinovi\u0107 iz Pu\u010di\u0161\u0107a na otoku Bra\u010du. Ostali mornari bili su iz Plomina, Voloskog, Opatije, Lovrana, Bakra, Malog Lo\u0161inja, Rijeke, Cresa i Trsta.<\/p>\n\n\n\n<p>Izlo\u017ebu \u010dini 30 panoa veli\u010dine 70 x 50 cm koji opisuju cjelokupni doga\u0111aj, maketa broda \u201eAdmiral Tegetthoff\u201c u mjerilu 1:40, rad maketara \u017deljka Skomer\u0161i\u0107a iz Krka i jo\u0161 30 drugih eksponata.<\/p>\n\n\n\n<p>Izlo\u017eba ostaje otvorena do 24. srpnja 2022.<\/p>\n\n\n\n<hr class=\"wp-block-separator\"\/>\n\n\n\n<figure class=\"wp-block-image size-large\"><img data-recalc-dims=\"1\" loading=\"lazy\" decoding=\"async\" width=\"709\" height=\"1024\" data-attachment-id=\"31681\" data-permalink=\"https:\/\/historiografija.hr\/?attachment_id=31681\" data-orig-file=\"https:\/\/i0.wp.com\/historiografija.hr\/wp-content\/uploads\/2022\/06\/Petar-Kunicic-naslovnica.jpg?fit=1681%2C2427&amp;ssl=1\" data-orig-size=\"1681,2427\" data-comments-opened=\"1\" data-image-meta=\"{&quot;aperture&quot;:&quot;0&quot;,&quot;credit&quot;:&quot;&quot;,&quot;camera&quot;:&quot;&quot;,&quot;caption&quot;:&quot;&quot;,&quot;created_timestamp&quot;:&quot;1654602930&quot;,&quot;copyright&quot;:&quot;&quot;,&quot;focal_length&quot;:&quot;0&quot;,&quot;iso&quot;:&quot;0&quot;,&quot;shutter_speed&quot;:&quot;0&quot;,&quot;title&quot;:&quot;&quot;,&quot;orientation&quot;:&quot;1&quot;}\" data-image-title=\"Petar-Kunicic-naslovnica\" data-image-description=\"\" data-image-caption=\"\" data-large-file=\"https:\/\/i0.wp.com\/historiografija.hr\/wp-content\/uploads\/2022\/06\/Petar-Kunicic-naslovnica.jpg?fit=709%2C1024&amp;ssl=1\" src=\"https:\/\/i0.wp.com\/historiografija.hr\/wp-content\/uploads\/2022\/06\/Petar-Kunicic-naslovnica.jpg?resize=709%2C1024&#038;ssl=1\" alt=\"\" class=\"wp-image-31681\" srcset=\"https:\/\/i0.wp.com\/historiografija.hr\/wp-content\/uploads\/2022\/06\/Petar-Kunicic-naslovnica.jpg?resize=709%2C1024&amp;ssl=1 709w, https:\/\/i0.wp.com\/historiografija.hr\/wp-content\/uploads\/2022\/06\/Petar-Kunicic-naslovnica.jpg?resize=208%2C300&amp;ssl=1 208w, https:\/\/i0.wp.com\/historiografija.hr\/wp-content\/uploads\/2022\/06\/Petar-Kunicic-naslovnica.jpg?resize=768%2C1109&amp;ssl=1 768w, https:\/\/i0.wp.com\/historiografija.hr\/wp-content\/uploads\/2022\/06\/Petar-Kunicic-naslovnica.jpg?resize=1064%2C1536&amp;ssl=1 1064w, https:\/\/i0.wp.com\/historiografija.hr\/wp-content\/uploads\/2022\/06\/Petar-Kunicic-naslovnica.jpg?resize=1418%2C2048&amp;ssl=1 1418w, https:\/\/i0.wp.com\/historiografija.hr\/wp-content\/uploads\/2022\/06\/Petar-Kunicic-naslovnica.jpg?w=1681&amp;ssl=1 1681w\" sizes=\"auto, (max-width: 709px) 100vw, 709px\" \/><\/figure>\n\n\n\n<hr class=\"wp-block-separator\"\/>\n\n\n\n<p>Izvori:<\/p>\n\n\n\n<p><a href=\"https:\/\/mdc.hr\/\">https:\/\/mdc.hr\/<\/a><\/p>\n\n\n\n<p><a href=\"https:\/\/www.facebook.com\/HrvatskiPomorskiMuzejSplit\/\">https:\/\/www.facebook.com\/HrvatskiPomorskiMuzejSplit\/<\/a><\/p>\n\n\n\n<hr class=\"wp-block-separator\"\/>\n\n\n\n<p><\/p>\n","protected":false},"excerpt":{"rendered":"","protected":false},"author":2,"featured_media":31683,"comment_status":"open","ping_status":"open","sticky":false,"template":"","format":"standard","meta":{"_acf_changed":false,"jetpack_post_was_ever_published":false,"_jetpack_newsletter_access":"","_jetpack_dont_email_post_to_subs":false,"_jetpack_newsletter_tier_id":0,"_jetpack_memberships_contains_paywalled_content":false,"_jetpack_memberships_contains_paid_content":false,"footnotes":"","jetpack_publicize_message":"","jetpack_publicize_feature_enabled":true,"jetpack_social_post_already_shared":true,"jetpack_social_options":{"image_generator_settings":{"template":"highway","default_image_id":0,"font":"","enabled":false},"version":2}},"categories":[10,3],"tags":[],"class_list":["post-31680","post","type-post","status-publish","format-standard","has-post-thumbnail","hentry","category-izlozbe","category-novosti"],"acf":{"facebook_opis":""},"jetpack_publicize_connections":[],"jetpack_featured_media_url":"https:\/\/i0.wp.com\/historiografija.hr\/wp-content\/uploads\/2022\/06\/Pozivnica_Hrvati-na-ledenom-moru.jpg?fit=609%2C577&ssl=1","jetpack_sharing_enabled":true,"jetpack-related-posts":[],"_links":{"self":[{"href":"https:\/\/historiografija.hr\/index.php?rest_route=\/wp\/v2\/posts\/31680","targetHints":{"allow":["GET"]}}],"collection":[{"href":"https:\/\/historiografija.hr\/index.php?rest_route=\/wp\/v2\/posts"}],"about":[{"href":"https:\/\/historiografija.hr\/index.php?rest_route=\/wp\/v2\/types\/post"}],"author":[{"embeddable":true,"href":"https:\/\/historiografija.hr\/index.php?rest_route=\/wp\/v2\/users\/2"}],"replies":[{"embeddable":true,"href":"https:\/\/historiografija.hr\/index.php?rest_route=%2Fwp%2Fv2%2Fcomments&post=31680"}],"version-history":[{"count":3,"href":"https:\/\/historiografija.hr\/index.php?rest_route=\/wp\/v2\/posts\/31680\/revisions"}],"predecessor-version":[{"id":31685,"href":"https:\/\/historiografija.hr\/index.php?rest_route=\/wp\/v2\/posts\/31680\/revisions\/31685"}],"wp:featuredmedia":[{"embeddable":true,"href":"https:\/\/historiografija.hr\/index.php?rest_route=\/wp\/v2\/media\/31683"}],"wp:attachment":[{"href":"https:\/\/historiografija.hr\/index.php?rest_route=%2Fwp%2Fv2%2Fmedia&parent=31680"}],"wp:term":[{"taxonomy":"category","embeddable":true,"href":"https:\/\/historiografija.hr\/index.php?rest_route=%2Fwp%2Fv2%2Fcategories&post=31680"},{"taxonomy":"post_tag","embeddable":true,"href":"https:\/\/historiografija.hr\/index.php?rest_route=%2Fwp%2Fv2%2Ftags&post=31680"}],"curies":[{"name":"wp","href":"https:\/\/api.w.org\/{rel}","templated":true}]}}