{"id":31667,"date":"2022-06-13T07:17:53","date_gmt":"2022-06-13T07:17:53","guid":{"rendered":"http:\/\/historiografija.hr\/?p=31667"},"modified":"2022-06-13T07:24:32","modified_gmt":"2022-06-13T07:24:32","slug":"simpozij-kralj-zvonimir","status":"publish","type":"post","link":"https:\/\/historiografija.hr\/?p=31667","title":{"rendered":"Simpozij \u201cKralj Zvonimir\u201d"},"content":{"rendered":"\n<p>U subotu i nedjelju, 11. i 12. lipnja 2022. godine u Kninu je odr\u017ean simpozij \u201cKralj Zvonimir\u201d (<a href=\"http:\/\/huknet1.hr\/wp-content\/uploads\/2022\/06\/Katalog-Simpozija-Kralj-Zvonimir.pdf\">Katalog Simpozija Kralj Zvonimir<\/a>)<\/p>\n\n\n\n<p>Sve\u010dano otvorenje je u subotu, 11. lipnja u 8:45 sati ujutro u Multifunkcionalnoj dvorani Studentskog doma Fra Luje Maruna.<\/p>\n\n\n\n<p>Simpozij Kralj Zvonimir je prvi znanstveni skup o Kralju Zvonimiru u neovisnoj Hrvatskoj. Prvi i do sada jedini znanstveni skup o Kralju Zvonimiru odr\u017ean je davne 1989. godine u Zagrebu i Splitu.<\/p>\n\n\n\n<p>Visoki pokrovitelj ovoga simpozija od nacionalnog zna\u010daja je Predsjednik Republike Hrvatske Zoran Milanovi\u0107.<\/p>\n\n\n\n<p>Organizatori ovoga znanstvenog skupa su Narodna knji\u017enica \u2013 Knin i Grad Knin. Suorganizatori su \u0160ibensko-kninska \u017eupanija, Veleu\u010dili\u0161te Marka Maruli\u0107a, Kninski muzej, Turisti\u010dka zajednica grada Knina, Pu\u010dko otvoreno u\u010dili\u0161te Knin i udruga Atribut.<\/p>\n\n\n\n<p>Na simpoziju \u0107e 20 eminentnih hrvatskih znanstvenika imati ukupno 19 izlaganja. Teme koje \u0107e se obraditi u izlaganjima su raznovrsne \u2013 od stanja u Europi u Zvonimirovo doba i situacije u Hrvatskom kraljevstvu \u2013 preko Zvonimirove smrti i \u201eZvonimirove kletve\u201c \u2013 do zna\u010daja same prijestolnice kraljevstva, grada Knina.<\/p>\n\n\n\n<p>Saznat \u0107emo i o rodbini kralja Zvonimira, o granicama hrvatskog kraljevstva, o diplomatskim dokumentima u kojima se pojavljuje Zvonimir te o crkvenim odnosima u to doba, a bit \u0107e rije\u010di i o kolektivnom sje\u0107anju na kralja. Specijalno za ovaj simpozij, pojedini znanstvenici su istra\u017eivali i vatikanske arhive, a rezultate \u0107emo ekskluzivno saznati na skupu u Kninu.<\/p>\n\n\n\n<p>Simpozij \u0107e se u\u017eivo prenositi na YouTube kanalu Narodne knji\u017enice \u2013 Knin u visokoj kvaliteti. Sva izlaganja na\u0107i \u0107e se u Zborniku radova.<\/p>\n\n\n\n<p>U okviru simpozija na tvr\u0111avi \u0107e se u subotu u 21:30 sati odr\u017eati koncert Sare Renar uz slobodan ulaz za sve zainteresirane gra\u0111ane.<\/p>\n\n\n\n<hr class=\"wp-block-separator\"\/>\n\n\n\n<p>Izvori i dodatne informacije:<\/p>\n\n\n\n<figure class=\"wp-block-embed-wordpress wp-block-embed is-type-wp-embed is-provider-huknet\"><div class=\"wp-block-embed__wrapper\">\n<blockquote class=\"wp-embedded-content\" data-secret=\"81iWSY9AHv\"><a href=\"https:\/\/huknet1.hr\/?p=49668\">U subotu u Kninu zapo\u010dinje Simpozij Kralj Zvonimir na kojem \u0107e sudjelovati 20 znanstvenika<\/a><\/blockquote><iframe loading=\"lazy\" class=\"wp-embedded-content\" sandbox=\"allow-scripts\" security=\"restricted\" style=\"position: absolute; clip: rect(1px, 1px, 1px, 1px);\" title=\"&#8220;U subotu u Kninu zapo\u010dinje Simpozij Kralj Zvonimir na kojem \u0107e sudjelovati 20 znanstvenika&#8221; &#8212; Huknet\" src=\"https:\/\/huknet1.hr\/?p=49668&#038;embed=true#?secret=81iWSY9AHv\" data-secret=\"81iWSY9AHv\" width=\"600\" height=\"338\" frameborder=\"0\" marginwidth=\"0\" marginheight=\"0\" scrolling=\"no\"><\/iframe>\n<\/div><\/figure>\n\n\n\n<p><a href=\"https:\/\/www.culturenet.hr\/hr\/najava-simpozij-kralj-zvonimir\/174878\">https:\/\/www.culturenet.hr\/hr\/najava-simpozij-kralj-zvonimir\/174878<\/a><\/p>\n\n\n\n<hr class=\"wp-block-separator\"\/>\n\n\n\n<p><a href=\"https:\/\/www.youtube.com\/channel\/UCidXaZ8Osy2azoXPHDlnp_Q\">https:\/\/www.youtube.com\/channel\/UCidXaZ8Osy2azoXPHDlnp_Q<\/a><\/p>\n\n\n\n<hr class=\"wp-block-separator\"\/>\n","protected":false},"excerpt":{"rendered":"","protected":false},"author":2,"featured_media":31668,"comment_status":"open","ping_status":"open","sticky":false,"template":"","format":"standard","meta":{"_acf_changed":false,"jetpack_post_was_ever_published":false,"_jetpack_newsletter_access":"","_jetpack_dont_email_post_to_subs":false,"_jetpack_newsletter_tier_id":0,"_jetpack_memberships_contains_paywalled_content":false,"_jetpack_memberships_contains_paid_content":false,"footnotes":"","jetpack_publicize_message":"","jetpack_publicize_feature_enabled":true,"jetpack_social_post_already_shared":true,"jetpack_social_options":{"image_generator_settings":{"template":"highway","default_image_id":0,"font":"","enabled":false},"version":2}},"categories":[3,9],"tags":[],"class_list":["post-31667","post","type-post","status-publish","format-standard","has-post-thumbnail","hentry","category-novosti","category-skupovi"],"acf":{"facebook_opis":""},"jetpack_publicize_connections":[],"jetpack_featured_media_url":"https:\/\/i0.wp.com\/historiografija.hr\/wp-content\/uploads\/2022\/06\/Plakat-Simpozija-Kralj-Zvonimir-scaled.jpg?fit=1832%2C2560&ssl=1","jetpack_sharing_enabled":true,"jetpack-related-posts":[],"_links":{"self":[{"href":"https:\/\/historiografija.hr\/index.php?rest_route=\/wp\/v2\/posts\/31667","targetHints":{"allow":["GET"]}}],"collection":[{"href":"https:\/\/historiografija.hr\/index.php?rest_route=\/wp\/v2\/posts"}],"about":[{"href":"https:\/\/historiografija.hr\/index.php?rest_route=\/wp\/v2\/types\/post"}],"author":[{"embeddable":true,"href":"https:\/\/historiografija.hr\/index.php?rest_route=\/wp\/v2\/users\/2"}],"replies":[{"embeddable":true,"href":"https:\/\/historiografija.hr\/index.php?rest_route=%2Fwp%2Fv2%2Fcomments&post=31667"}],"version-history":[{"count":2,"href":"https:\/\/historiografija.hr\/index.php?rest_route=\/wp\/v2\/posts\/31667\/revisions"}],"predecessor-version":[{"id":31670,"href":"https:\/\/historiografija.hr\/index.php?rest_route=\/wp\/v2\/posts\/31667\/revisions\/31670"}],"wp:featuredmedia":[{"embeddable":true,"href":"https:\/\/historiografija.hr\/index.php?rest_route=\/wp\/v2\/media\/31668"}],"wp:attachment":[{"href":"https:\/\/historiografija.hr\/index.php?rest_route=%2Fwp%2Fv2%2Fmedia&parent=31667"}],"wp:term":[{"taxonomy":"category","embeddable":true,"href":"https:\/\/historiografija.hr\/index.php?rest_route=%2Fwp%2Fv2%2Fcategories&post=31667"},{"taxonomy":"post_tag","embeddable":true,"href":"https:\/\/historiografija.hr\/index.php?rest_route=%2Fwp%2Fv2%2Ftags&post=31667"}],"curies":[{"name":"wp","href":"https:\/\/api.w.org\/{rel}","templated":true}]}}