{"id":31660,"date":"2022-06-09T00:18:51","date_gmt":"2022-06-09T00:18:51","guid":{"rendered":"http:\/\/historiografija.hr\/?p=31660"},"modified":"2022-06-09T00:41:12","modified_gmt":"2022-06-09T00:41:12","slug":"poziv-na-predstavljanje-publikacije-zajednicki-narativi-podrzavanje-pomirenja-putem-premoscivanja-razlika-u-podijeljenim-narativima","status":"publish","type":"post","link":"https:\/\/historiografija.hr\/?p=31660","title":{"rendered":"Poziv na predstavljanje publikacije \u201cZajedni\u010dki narativi: Podr\u017eavanje pomirenja putem premo\u0161\u0107ivanja razlika u podijeljenim narativima\u201d"},"content":{"rendered":"\n<p>Inicijativa mladih za ljudska prava s velikim vas zadovoljstvom poziva na predstavljanje publikacije <strong><em>Zajedni\u010dki narativi: Podr\u017eavanje pomirenja putem premo\u0161\u0107ivanja razlika u podijeljenim narativima<\/em><\/strong> koje \u0107e se odr\u017eati <strong>u \u010detvrtak, 9. lipnja od 18:00 do 19:30 h<\/strong>.&nbsp;<\/p>\n\n\n\n<p>Publikaciju <strong><em>Zajedni\u010dki narativi: Podr\u017eavanje pomirenja putem premo\u0161\u0107ivanja razlika u podijeljenim narativima <\/em><\/strong>stvaralo je vi\u0161e od 100 mladih iz pet dr\u017eava regije (Srbije, Crne Gore, Bosne i Hercegovine, Kosova i Hrvatske) s ciljem zajedni\u010dkog kriti\u010dkog sagledavanja postoje\u0107ih formalnih i neformalnih verzija povijesti o ratovima devedesetih godina.<\/p>\n\n\n\n<p>Autor samog projekta u okviru kojeg je publikacija nastala je Mario Ma\u017ei\u0107, osniva\u010d Inicijative mladih za ljudska prava \u2013 Hrvatska, koji je zajedno s Majom Nenadovi\u0107 i urednik <em>Zajedni\u010dkih narativa<\/em>.<\/p>\n\n\n\n<p>Kvalitetu projekta prepoznala je i Nacionalna savjetodavna komisija za ljudska prava koja je 2019. Inicijativi mladih za ljudska prava \u2013 Hrvatska dodijelila nagradu Francuske Republike za ljudska prava \u201eSloboda-jednakost-bratstvo\u201c.<\/p>\n\n\n\n<p><em>Knjiga Zajedni\u010dki narativi alat je za zagovaranje pomirenja. <\/em><em>Stvorili su je mladi iz poslijeratne generacije. (\u2026) Knjiga svjedo\u010di o \u010dinjenici da (mladi) ljudi, kada im se pru\u017ei prilika da se sretnu i razgovaraju o kontroverznim pitanjima iz pro\u0161losti, to mogu u\u010diniti bez prijetnji i nasilja. Ona tako\u0111er svjedo\u010di o sposobnosti mladih ljudi da vode napore zagovaranja pomirenja, jer su autori knjige pokazali zrelost od koje bje\u017ee mnogi od trenutnih politi\u010dkih vo\u0111a na\u0161ih dr\u017eava. <\/em>\u2013 zaklju\u010dno su naveli Maja i Mario.<\/p>\n\n\n\n<p>Na predstavljanju publikacije govorit \u0107e dio mladih ko-autora_ica iz svih pet dr\u017eava koje su bile uklju\u010dene u projekt: <strong>Nikola Kandi\u0107<\/strong>, <strong>Vuk Vujisi\u0107<\/strong>, <strong>Viktorija Stankovi\u0107<\/strong>, <strong>Engjell Hamiti<\/strong> i <strong>Maja \u017dili\u0107<\/strong>, a razgovor \u0107e moderirati programska direktorica Inicijative mladih za ljudska prava, <strong>Branka Vierda.&nbsp;<\/strong><\/p>\n\n\n\n<p>Na predstavljanju mo\u017eete sudjelovati dolaskom u\u017eivo u <strong>Novinarski dom<\/strong> na adresi <strong>Perkov\u010deva ul. 2, u Zagrebu<\/strong>. Za sve zainteresirane sprije\u010dene do\u0107i fizi\u010dki, bit \u0107e omogu\u0107eno doga\u0111aj pratiti i online jer \u0107e prijenos biti dostupan i preko<strong> platforme Zoom<\/strong>. Predstavljanje u oba formata \u0107e biti i simultano prevo\u0111eno na engleski jezik.<\/p>\n\n\n\n<p>Molimo sve zainteresirane da se registriraju za sudjelovanje u\u017eivo ili online do 9.&nbsp; lipnja do podneva&nbsp; putem formulara na <a href=\"https:\/\/forms.gle\/hjgNEoZUTjLg6U6s8\">poveznici<\/a>.&nbsp;<\/p>\n\n\n\n<p>Ova publikacija nastala je kao dio projekta koji je primjenjen tijekom <em>fellowship<\/em> programa Alliance for Historical Dialogue and Accountability Instituta za studije ljudskih prava Sveu\u010dili\u0161ta Columbia iz New Yorka, SAD te ga je provela Regionalna mre\u017ea Inicijativa mladih za ljudska prava prava u suradnji s PAX for Peace iz Nizozemske i uz podr\u0161ku Robert Bosch Foundation iz Njema\u010dke, Charles Stewart Mott Foundation, Europske komisije i Francuskog veleposlanstva u Zagrebu, Hrvatska.<\/p>\n\n\n\n<hr class=\"wp-block-separator\"\/>\n\n\n\n<p>Izvor:<\/p>\n\n\n\n<p><a href=\"http:\/\/yihr.hr\/hr\/poziv-na-predstavljanje-publikacije-zajednicki-narativi-podrzavanje-pomirenja-putem-premoscivanja-razlika-u-podijeljenim-narativima\/\">http:\/\/yihr.hr\/hr\/poziv-na-predstavljanje-publikacije-zajednicki-narativi-podrzavanje-pomirenja-putem-premoscivanja-razlika-u-podijeljenim-narativima\/<\/a><\/p>\n\n\n\n<hr class=\"wp-block-separator\"\/>\n","protected":false},"excerpt":{"rendered":"","protected":false},"author":2,"featured_media":31665,"comment_status":"open","ping_status":"open","sticky":false,"template":"","format":"standard","meta":{"_acf_changed":false,"jetpack_post_was_ever_published":false,"_jetpack_newsletter_access":"","_jetpack_dont_email_post_to_subs":false,"_jetpack_newsletter_tier_id":0,"_jetpack_memberships_contains_paywalled_content":false,"_jetpack_memberships_contains_paid_content":false,"footnotes":"","jetpack_publicize_message":"","jetpack_publicize_feature_enabled":true,"jetpack_social_post_already_shared":true,"jetpack_social_options":{"image_generator_settings":{"template":"highway","default_image_id":0,"font":"","enabled":false},"version":2}},"categories":[3],"tags":[],"class_list":["post-31660","post","type-post","status-publish","format-standard","has-post-thumbnail","hentry","category-novosti"],"acf":{"facebook_opis":""},"jetpack_publicize_connections":[],"jetpack_featured_media_url":"https:\/\/i0.wp.com\/historiografija.hr\/wp-content\/uploads\/2022\/06\/Zajednicki-narativi.jpg?fit=960%2C502&ssl=1","jetpack_sharing_enabled":true,"jetpack-related-posts":[],"_links":{"self":[{"href":"https:\/\/historiografija.hr\/index.php?rest_route=\/wp\/v2\/posts\/31660","targetHints":{"allow":["GET"]}}],"collection":[{"href":"https:\/\/historiografija.hr\/index.php?rest_route=\/wp\/v2\/posts"}],"about":[{"href":"https:\/\/historiografija.hr\/index.php?rest_route=\/wp\/v2\/types\/post"}],"author":[{"embeddable":true,"href":"https:\/\/historiografija.hr\/index.php?rest_route=\/wp\/v2\/users\/2"}],"replies":[{"embeddable":true,"href":"https:\/\/historiografija.hr\/index.php?rest_route=%2Fwp%2Fv2%2Fcomments&post=31660"}],"version-history":[{"count":1,"href":"https:\/\/historiografija.hr\/index.php?rest_route=\/wp\/v2\/posts\/31660\/revisions"}],"predecessor-version":[{"id":31661,"href":"https:\/\/historiografija.hr\/index.php?rest_route=\/wp\/v2\/posts\/31660\/revisions\/31661"}],"wp:featuredmedia":[{"embeddable":true,"href":"https:\/\/historiografija.hr\/index.php?rest_route=\/wp\/v2\/media\/31665"}],"wp:attachment":[{"href":"https:\/\/historiografija.hr\/index.php?rest_route=%2Fwp%2Fv2%2Fmedia&parent=31660"}],"wp:term":[{"taxonomy":"category","embeddable":true,"href":"https:\/\/historiografija.hr\/index.php?rest_route=%2Fwp%2Fv2%2Fcategories&post=31660"},{"taxonomy":"post_tag","embeddable":true,"href":"https:\/\/historiografija.hr\/index.php?rest_route=%2Fwp%2Fv2%2Ftags&post=31660"}],"curies":[{"name":"wp","href":"https:\/\/api.w.org\/{rel}","templated":true}]}}