{"id":31652,"date":"2022-06-06T19:28:19","date_gmt":"2022-06-06T19:28:19","guid":{"rendered":"http:\/\/historiografija.hr\/?p=31652"},"modified":"2022-06-06T19:28:19","modified_gmt":"2022-06-06T19:28:19","slug":"husnija-kamberovic-historicar-u-javnosti","status":"publish","type":"post","link":"https:\/\/historiografija.hr\/?p=31652","title":{"rendered":"Husnija Kamberovi\u0107, \u201eHistori\u010dar u javnosti\u201c"},"content":{"rendered":"\n<p>Udru\u017eenje za modernu historije je objavilo novu knjigu \u201eHistori\u010dar u javnosti\u201c autora Husnije Kamberovi\u0107a. U Predgovoru se isti\u010de kako je odgovornost histori\u010dara ne samo da se brine o interpretaciji pro\u0161losti unutar akademskih krugova nego i za razumijevanje pro\u0161losti u \u0161iroj dru\u0161tvenoj zajednici. Zato je nu\u017eno da, \u010duvaju\u0107i osnovne metode nau\u010dnog istra\u017eivanja, histori\u010dari iza\u0111u u javnost sa ne\u0161to razumljivijim interpretacijama pro\u0161losti i time u \u0161iroj dru\u0161tvenoj zajednici doprinesu razbijanju stereotipa ili vrlo \u010desto posve krivih i politi\u010dki motiviranih interpretacija pro\u0161losti.<\/p>\n\n\n\n<p>\u201eKnjiga \u00bbHistori\u010dar u javnosti\u00ab omogu\u0107uje zainteresiranima ne samo u Bosni i Hercegovini nego i drugim zemljama dodatno upoznavanje s temama koje su osobitim predmetom sveprisutne stereotipizacije i politi\u010dke (zlo)upotrebe (odnosno, kako autor navodi, &#8220;politi\u010dki motiviranih interpretacija pro\u0161losti&#8221;) te koje izazivaju najvi\u0161e kontroverzi i polemika u bosanskohercegova\u010dkoj i susjednim javnostima. Knjiga nadalje pru\u017ea uvid u to s kojim se sve predod\u017ebama, tuma\u010denjima i argumentima te s kojih sve pozicija takva nastojanja i polemike vode i na koji na\u010din u njima sudjeluju histori\u010dari. Me\u0111u ostalim i Husnija Kamberovi\u0107 kao jedan od sveu\u010dili\u0161nih profesora povijesti u Bosni i Hercegovini koji se ponajvi\u0161e izja\u0161njava u javnosti. Pritom krug potencijalnih \u010ditatelja ne obuhva\u0107a samo one koji se sla\u017eu s njegovim javnim intervencijama ve\u0107 i one koji se dijelom ili posve ne sla\u017eu, upoznaju\u0107i se time sa gledi\u0161tima druge strane i vode\u0107i barem imaginarne dijaloge i stru\u010dne polemike izme\u0111u razli\u010ditih stajali\u0161ta koje su nam prijeko potrebne.\u201c<\/p>\n\n\n\n<p>(Doc. dr. Branimir Jankovi\u0107, Filozofski fakultet u Zagrebu)<\/p>\n\n\n\n<hr class=\"wp-block-separator\"\/>\n\n\n\n<p>Izvori:<\/p>\n\n\n\n<p><a href=\"https:\/\/historiografija.ba\/article.php?id=1292\">https:\/\/historiografija.ba\/article.php?id=1292<\/a><\/p>\n\n\n\n<figure class=\"wp-block-embed-wordpress wp-block-embed is-type-wp-embed is-provider-umhis\"><div class=\"wp-block-embed__wrapper\">\n<blockquote class=\"wp-embedded-content\" data-secret=\"pRJre0Lhc8\"><a href=\"https:\/\/umhis.ba\/historicar-u-javnosti\/\">Histori\u010dar u javnosti<\/a><\/blockquote><iframe loading=\"lazy\" class=\"wp-embedded-content\" sandbox=\"allow-scripts\" security=\"restricted\" style=\"position: absolute; clip: rect(1px, 1px, 1px, 1px);\" title=\"&#8220;Histori\u010dar u javnosti&#8221; &#8212; UMHIS\" src=\"https:\/\/umhis.ba\/historicar-u-javnosti\/embed\/#?secret=pRJre0Lhc8\" data-secret=\"pRJre0Lhc8\" width=\"600\" height=\"338\" frameborder=\"0\" marginwidth=\"0\" marginheight=\"0\" scrolling=\"no\"><\/iframe>\n<\/div><\/figure>\n\n\n\n<hr class=\"wp-block-separator\"\/>\n","protected":false},"excerpt":{"rendered":"","protected":false},"author":2,"featured_media":31653,"comment_status":"open","ping_status":"open","sticky":false,"template":"","format":"standard","meta":{"_acf_changed":false,"jetpack_post_was_ever_published":false,"_jetpack_newsletter_access":"","_jetpack_dont_email_post_to_subs":false,"_jetpack_newsletter_tier_id":0,"_jetpack_memberships_contains_paywalled_content":false,"_jetpack_memberships_contains_paid_content":false,"footnotes":"","jetpack_publicize_message":"","jetpack_publicize_feature_enabled":true,"jetpack_social_post_already_shared":true,"jetpack_social_options":{"image_generator_settings":{"template":"highway","default_image_id":0,"font":"","enabled":false},"version":2}},"categories":[8,3],"tags":[],"class_list":["post-31652","post","type-post","status-publish","format-standard","has-post-thumbnail","hentry","category-knjige","category-novosti"],"acf":{"facebook_opis":""},"jetpack_publicize_connections":[],"jetpack_featured_media_url":"https:\/\/i0.wp.com\/historiografija.hr\/wp-content\/uploads\/2022\/06\/Historicar-u-javnosti.jpg?fit=1280%2C640&ssl=1","jetpack_sharing_enabled":true,"jetpack-related-posts":[],"_links":{"self":[{"href":"https:\/\/historiografija.hr\/index.php?rest_route=\/wp\/v2\/posts\/31652","targetHints":{"allow":["GET"]}}],"collection":[{"href":"https:\/\/historiografija.hr\/index.php?rest_route=\/wp\/v2\/posts"}],"about":[{"href":"https:\/\/historiografija.hr\/index.php?rest_route=\/wp\/v2\/types\/post"}],"author":[{"embeddable":true,"href":"https:\/\/historiografija.hr\/index.php?rest_route=\/wp\/v2\/users\/2"}],"replies":[{"embeddable":true,"href":"https:\/\/historiografija.hr\/index.php?rest_route=%2Fwp%2Fv2%2Fcomments&post=31652"}],"version-history":[{"count":1,"href":"https:\/\/historiografija.hr\/index.php?rest_route=\/wp\/v2\/posts\/31652\/revisions"}],"predecessor-version":[{"id":31654,"href":"https:\/\/historiografija.hr\/index.php?rest_route=\/wp\/v2\/posts\/31652\/revisions\/31654"}],"wp:featuredmedia":[{"embeddable":true,"href":"https:\/\/historiografija.hr\/index.php?rest_route=\/wp\/v2\/media\/31653"}],"wp:attachment":[{"href":"https:\/\/historiografija.hr\/index.php?rest_route=%2Fwp%2Fv2%2Fmedia&parent=31652"}],"wp:term":[{"taxonomy":"category","embeddable":true,"href":"https:\/\/historiografija.hr\/index.php?rest_route=%2Fwp%2Fv2%2Fcategories&post=31652"},{"taxonomy":"post_tag","embeddable":true,"href":"https:\/\/historiografija.hr\/index.php?rest_route=%2Fwp%2Fv2%2Ftags&post=31652"}],"curies":[{"name":"wp","href":"https:\/\/api.w.org\/{rel}","templated":true}]}}