{"id":31649,"date":"2022-06-06T19:23:35","date_gmt":"2022-06-06T19:23:35","guid":{"rendered":"http:\/\/historiografija.hr\/?p=31649"},"modified":"2022-06-06T19:23:35","modified_gmt":"2022-06-06T19:23:35","slug":"raspad-jugoslavije-pocetkom-1990-ih-godina-kontekst-posljedice-iskustva-peti-history-fest-sarajevo","status":"publish","type":"post","link":"https:\/\/historiografija.hr\/?p=31649","title":{"rendered":"\u201cRaspad Jugoslavije po\u010detkom 1990-ih godina: kontekst, posljedice, iskustva \/ Peti History Fest, Sarajevo\u201d"},"content":{"rendered":"\n<p>U okviru petog History Festa, koji je odr\u017ean od 8. do 12. juna 2021. u Sarajevu, prire\u0111ene su brojne konferencije, panel diskusije, predavanja, radionice, promocije knjiga. Festival je otvoren panelom <em>Evropske vrijednosti i Bosna i Hercegovina<\/em>, te nastavljen konferencijom <em>Dru\u0161tvo i historiografija u jugoisto\u010dnoj Evropi \u2212 Od zajedni\u010dke pro\u0161losti do podijeljene historije<\/em>. U diskusijama na History Festu dominirala su pitanja na\u010dina interpretacije Drugog svjetskog rata i ratova 1990-ih godina, te se tragalo za odgovorima na pitanje kako historiografija mo\u017ee doprinijeti promociji mira. Diskutiralo se i o odnosima u Jugoslaviji i politi\u010dkim aferama u Bosni i Hercegovini tokom 1980-ih godina, raznim idejama o transformaciji Jugoslavije po\u010detkom 1990-ih, kao i o karakteru diskusija u Skup\u0161tini Bosne i Hercegovine 1991-1992, te o sadr\u017eaji i ciljevima <em>Izvje\u0161taja komisije o stradanju Srba u Sarajevu 1992-1995. godine<\/em>.<\/p>\n\n\n\n<p>Prelistaj knjigu <a rel=\"noreferrer noopener\" href=\"https:\/\/issuu.com\/umhis\/docs\/peti_history_fest_prelistaj\" target=\"_blank\">Ovdje<\/a>.<\/p>\n\n\n\n<hr class=\"wp-block-separator\"\/>\n\n\n\n<p>Izvor:<\/p>\n\n\n\n<p><a href=\"https:\/\/historiografija.ba\/article.php?id=710\">https:\/\/historiografija.ba\/article.php?id=710<\/a><\/p>\n\n\n\n<hr class=\"wp-block-separator\"\/>\n","protected":false},"excerpt":{"rendered":"","protected":false},"author":2,"featured_media":31650,"comment_status":"open","ping_status":"open","sticky":false,"template":"","format":"standard","meta":{"_acf_changed":false,"jetpack_post_was_ever_published":false,"_jetpack_newsletter_access":"","_jetpack_dont_email_post_to_subs":false,"_jetpack_newsletter_tier_id":0,"_jetpack_memberships_contains_paywalled_content":false,"_jetpack_memberships_contains_paid_content":false,"footnotes":"","jetpack_publicize_message":"","jetpack_publicize_feature_enabled":true,"jetpack_social_post_already_shared":true,"jetpack_social_options":{"image_generator_settings":{"template":"highway","default_image_id":0,"font":"","enabled":false},"version":2}},"categories":[8,3],"tags":[],"class_list":["post-31649","post","type-post","status-publish","format-standard","has-post-thumbnail","hentry","category-knjige","category-novosti"],"acf":{"facebook_opis":""},"jetpack_publicize_connections":[],"jetpack_featured_media_url":"https:\/\/i0.wp.com\/historiografija.hr\/wp-content\/uploads\/2022\/06\/Peti-History-Fest.jpg?fit=555%2C400&ssl=1","jetpack_sharing_enabled":true,"jetpack-related-posts":[],"_links":{"self":[{"href":"https:\/\/historiografija.hr\/index.php?rest_route=\/wp\/v2\/posts\/31649","targetHints":{"allow":["GET"]}}],"collection":[{"href":"https:\/\/historiografija.hr\/index.php?rest_route=\/wp\/v2\/posts"}],"about":[{"href":"https:\/\/historiografija.hr\/index.php?rest_route=\/wp\/v2\/types\/post"}],"author":[{"embeddable":true,"href":"https:\/\/historiografija.hr\/index.php?rest_route=\/wp\/v2\/users\/2"}],"replies":[{"embeddable":true,"href":"https:\/\/historiografija.hr\/index.php?rest_route=%2Fwp%2Fv2%2Fcomments&post=31649"}],"version-history":[{"count":1,"href":"https:\/\/historiografija.hr\/index.php?rest_route=\/wp\/v2\/posts\/31649\/revisions"}],"predecessor-version":[{"id":31651,"href":"https:\/\/historiografija.hr\/index.php?rest_route=\/wp\/v2\/posts\/31649\/revisions\/31651"}],"wp:featuredmedia":[{"embeddable":true,"href":"https:\/\/historiografija.hr\/index.php?rest_route=\/wp\/v2\/media\/31650"}],"wp:attachment":[{"href":"https:\/\/historiografija.hr\/index.php?rest_route=%2Fwp%2Fv2%2Fmedia&parent=31649"}],"wp:term":[{"taxonomy":"category","embeddable":true,"href":"https:\/\/historiografija.hr\/index.php?rest_route=%2Fwp%2Fv2%2Fcategories&post=31649"},{"taxonomy":"post_tag","embeddable":true,"href":"https:\/\/historiografija.hr\/index.php?rest_route=%2Fwp%2Fv2%2Ftags&post=31649"}],"curies":[{"name":"wp","href":"https:\/\/api.w.org\/{rel}","templated":true}]}}