{"id":31645,"date":"2022-06-06T19:19:35","date_gmt":"2022-06-06T19:19:35","guid":{"rendered":"http:\/\/historiografija.hr\/?p=31645"},"modified":"2022-06-06T19:20:35","modified_gmt":"2022-06-06T19:20:35","slug":"zbornik-radova-ideje-o-transformaciji-jugoslavije-1990-ih-godina","status":"publish","type":"post","link":"https:\/\/historiografija.hr\/?p=31645","title":{"rendered":"Zbornik radova \u201cIdeje o transformaciji Jugoslavije 1990-ih godina\u201d"},"content":{"rendered":"\n<p>Udru\u017eenje za modernu historiju je objavilo knjigu \u201eIdeje o transformaciji Jugoslavije 1990-ih godina\u201c. Rije\u010d je o zborniku radova u kojem pi\u0161u Bo\u017eo Repe, Dubravka Stojanovi\u0107, Milivoj Be\u0161lin, Husnija Kamberovi\u0107, Branimir Jankovi\u0107, Vera Katz, Adnan Preki\u0107 i Petar Todorov.<\/p>\n\n\n\n<p>Trideset godina od raspada Jugoslavije diskusije o pravim razlozima koji su doveli do njenog nestanka jo\u0161 uvijek su optere\u0107ene aktuelnim politi\u010dkim odnosima postjugoslavenskih zemalja. Historiografije su ponudile obilje interpretacija, koje \u0107e se vremenom jo\u0161 vi\u0161e umno\u017eavati. Ohrabruju neki poku\u0161aji da se kroz saradnju postjugoslavenskih histori\u010dara u zajedni\u010dkim projektima doprinese boljem razumijevanju procesa koji su doveli do nestanka Jugoslavije.<\/p>\n\n\n\n<p>Ova zbornik, nastao kao rezultat projekta podr\u017eanog od Fondacije Heinrich B\u00f6ll, nudi nove perspektive i otvara niz novih pitanja u vezi s idejama o transformaciji Jugoslavije krajem 1980-ih i po\u010detkom 1990-ih godina.<\/p>\n\n\n\n<p>Knjiga se mo\u017ee besplatno preuzeti na ovom <a rel=\"noreferrer noopener\" href=\"https:\/\/issuu.com\/umhis\/docs\/ideja_o_transformaciji_jugoslavije_za_web\" target=\"_blank\">linku<\/a><\/p>\n\n\n\n<hr class=\"wp-block-separator\"\/>\n\n\n\n<p>Izvori:<\/p>\n\n\n\n<p><a href=\"https:\/\/historiografija.ba\/article.php?id=934\">https:\/\/historiografija.ba\/article.php?id=934<\/a><\/p>\n\n\n\n<figure class=\"wp-block-embed-wordpress wp-block-embed is-type-wp-embed is-provider-umhis\"><div class=\"wp-block-embed__wrapper\">\n<blockquote class=\"wp-embedded-content\" data-secret=\"Qmg3vOqzIV\"><a href=\"https:\/\/umhis.ba\/ideje-o-transformaciji-jugoslavije-1990-ih-godina\/\">Ideje o transformaciji JugoslavIje 1990-ih godina<\/a><\/blockquote><iframe loading=\"lazy\" class=\"wp-embedded-content\" sandbox=\"allow-scripts\" security=\"restricted\" style=\"position: absolute; clip: rect(1px, 1px, 1px, 1px);\" title=\"&#8220;Ideje o transformaciji JugoslavIje 1990-ih godina&#8221; &#8212; UMHIS\" src=\"https:\/\/umhis.ba\/ideje-o-transformaciji-jugoslavije-1990-ih-godina\/embed\/#?secret=Qmg3vOqzIV\" data-secret=\"Qmg3vOqzIV\" width=\"600\" height=\"338\" frameborder=\"0\" marginwidth=\"0\" marginheight=\"0\" scrolling=\"no\"><\/iframe>\n<\/div><\/figure>\n\n\n\n<hr class=\"wp-block-separator\"\/>\n","protected":false},"excerpt":{"rendered":"","protected":false},"author":2,"featured_media":31646,"comment_status":"open","ping_status":"open","sticky":false,"template":"","format":"standard","meta":{"_acf_changed":false,"jetpack_post_was_ever_published":false,"_jetpack_newsletter_access":"","_jetpack_dont_email_post_to_subs":false,"_jetpack_newsletter_tier_id":0,"_jetpack_memberships_contains_paywalled_content":false,"_jetpack_memberships_contains_paid_content":false,"footnotes":"","jetpack_publicize_message":"","jetpack_publicize_feature_enabled":true,"jetpack_social_post_already_shared":true,"jetpack_social_options":{"image_generator_settings":{"template":"highway","default_image_id":0,"font":"","enabled":false},"version":2}},"categories":[8,3],"tags":[],"class_list":["post-31645","post","type-post","status-publish","format-standard","has-post-thumbnail","hentry","category-knjige","category-novosti"],"acf":{"facebook_opis":""},"jetpack_publicize_connections":[],"jetpack_featured_media_url":"https:\/\/i0.wp.com\/historiografija.hr\/wp-content\/uploads\/2022\/06\/Ideje-o-transformaciji.jpg?fit=1280%2C640&ssl=1","jetpack_sharing_enabled":true,"jetpack-related-posts":[],"_links":{"self":[{"href":"https:\/\/historiografija.hr\/index.php?rest_route=\/wp\/v2\/posts\/31645","targetHints":{"allow":["GET"]}}],"collection":[{"href":"https:\/\/historiografija.hr\/index.php?rest_route=\/wp\/v2\/posts"}],"about":[{"href":"https:\/\/historiografija.hr\/index.php?rest_route=\/wp\/v2\/types\/post"}],"author":[{"embeddable":true,"href":"https:\/\/historiografija.hr\/index.php?rest_route=\/wp\/v2\/users\/2"}],"replies":[{"embeddable":true,"href":"https:\/\/historiografija.hr\/index.php?rest_route=%2Fwp%2Fv2%2Fcomments&post=31645"}],"version-history":[{"count":2,"href":"https:\/\/historiografija.hr\/index.php?rest_route=\/wp\/v2\/posts\/31645\/revisions"}],"predecessor-version":[{"id":31648,"href":"https:\/\/historiografija.hr\/index.php?rest_route=\/wp\/v2\/posts\/31645\/revisions\/31648"}],"wp:featuredmedia":[{"embeddable":true,"href":"https:\/\/historiografija.hr\/index.php?rest_route=\/wp\/v2\/media\/31646"}],"wp:attachment":[{"href":"https:\/\/historiografija.hr\/index.php?rest_route=%2Fwp%2Fv2%2Fmedia&parent=31645"}],"wp:term":[{"taxonomy":"category","embeddable":true,"href":"https:\/\/historiografija.hr\/index.php?rest_route=%2Fwp%2Fv2%2Fcategories&post=31645"},{"taxonomy":"post_tag","embeddable":true,"href":"https:\/\/historiografija.hr\/index.php?rest_route=%2Fwp%2Fv2%2Ftags&post=31645"}],"curies":[{"name":"wp","href":"https:\/\/api.w.org\/{rel}","templated":true}]}}