{"id":31622,"date":"2022-06-03T12:34:31","date_gmt":"2022-06-03T12:34:31","guid":{"rendered":"http:\/\/historiografija.hr\/?p=31622"},"modified":"2022-06-03T12:34:31","modified_gmt":"2022-06-03T12:34:31","slug":"izlozba-statut-u-kamenu-pravo-i-pravda-na-skulpturi-knezeva-dvora","status":"publish","type":"post","link":"https:\/\/historiografija.hr\/?p=31622","title":{"rendered":"Izlo\u017eba \u201eStatut u kamenu: Pravo i pravda na skulpturi Kne\u017eeva dvora\u201c"},"content":{"rendered":"\n<p>U sklopu programa obilje\u017eavanja 750 godina Dubrova\u010dkog statuta, u organizaciji Dubrova\u010dkih muzeja i Zavoda za povijesne znanosti HAZU u Dubrovniku u \u010detvrtak, 2. lipnja 2022. u Kne\u017eevu dvoru otvorena je izlo\u017eba \u201eStatut u kamenu: Pravo i pravda na skulpturi Kne\u017eeva dvora\u201c. Autorica stru\u010dne koncepcije izlo\u017ebe je akademkinja Nella Lonza, dok je vi\u0161a kustosica Ivona Michl autorica likovnog postava i koordinatorica programa. &nbsp;<\/p>\n\n\n\n<p>Dobro o\u010duvani prikazi u kamenim kipovima i reljefima na temu \u201edobre vlade\u201c u Kne\u017eevu dvoru do danas svjedo\u010de o na\u010delima na koja su se pozivali dubrova\u010dki sustav vladanja i pravni poredak. Oni su pravi \u201eloci communes\u201c srednjovjekovne politi\u010dke ikonografije, u kojima se isprepli\u0107u motivi pravde s idealima gra\u0111anskih vrlina i du\u017enosti. Sve te teme povezuju ikonografski program Dvora s temama koje se provla\u010de kroz Statut, djeluju\u0107i kao dva medija za iste poruke.<\/p>\n\n\n\n<p>Stru\u010dno vodstvo kroz izlo\u017ebu u Kne\u017eevu dvoru odr\u017eala je autorica Nella Lonza, dok je na otvorenju govorila ravnateljica Dubrova\u010dkih muzeja Ivona Michl. Izlo\u017ebu je otvorila zamjenica dubrova\u010dkog gradona\u010delnika &nbsp;Jelka Tep\u0161i\u0107. &nbsp;U prigodnom programu nastupila je Katarina Mrvalj, maturantica Umjetni\u010dke \u0161kole Luke Sorko\u010devi\u0107a, a za svjetlosne efekte na otvaranju zaslu\u017ene su Dubrova\u010dke ljetne igre.<\/p>\n\n\n\n<p>Izlo\u017eba \u201eStatut u kamenu: Pravo i pravda na skulpturi Kne\u017eeva dvora\u201c koju prati deplijan, bit \u0107e za posjetitelje otvorena do prosinca 2022. godine.<\/p>\n\n\n\n<p>Organizatori programa proslave obilje\u017eavanja 750 godina Dubrova\u010dkog statuta su i Grad Dubrovnik, Dr\u017eavni arhiv u Dubrovniku, Hrvatska akademija znanosti i umjetnosti te Turisti\u010dka zajednica grada Dubrovnika. Dubrova\u010dki muzeji ovom izlo\u017ebom nastavljaju i s programom obilje\u017eavanja 150. obljetnice svog osnutka.<\/p>\n\n\n\n<hr class=\"wp-block-separator\"\/>\n\n\n\n<p>Izvor:<\/p>\n\n\n\n<p><a href=\"https:\/\/www.dumus.hr\/hr\/kulturno-povijesni-muzej\/novosti\/u-dvoru-otvorena-izlozba-%e2%80%9estatut-u-kamenu-pravo-i-pravda-na-skulpturi,595.html\">https:\/\/www.dumus.hr\/hr\/kulturno-povijesni-muzej\/novosti\/u-dvoru-otvorena-izlozba-%e2%80%9estatut-u-kamenu-pravo-i-pravda-na-skulpturi,595.html<\/a><\/p>\n\n\n\n<hr class=\"wp-block-separator\"\/>\n\n\n\n<p><strong>750. obljetnica dono\u0161enja Dubrova\u010dkog statuta<\/strong><\/p>\n\n\n\n<p>Hrvatska akademija znanosti i umjetnosti kao partner Grada Dubrovnika, Dr\u017eavnog arhiva u Dubrovniku, Turisti\u010dke zajednice Dubrovnik sudjeluje u bogatom programu sve\u010danog obilje\u017eavanja 750. obljetnice dono\u0161enja Dubrova\u010dkog statuta. U sklopu sredi\u0161nje proslave 29. svibnja 2022. u uvodnom obra\u0107anju u svojstvu izaslanika predsjednika HAZU, <strong>akademkinja Nella Lonza<\/strong> prikazala je i istaknula ulogu HAZU u dosada\u0161njoj znanstvenoj obradi Dubrova\u010dkog statuta. Nakon toga odr\u017eala je vrlo posje\u0107eno predavanje <em>Dubrova\u010dki statut iz 1272.: Temelj pravnog poretka i zrcalo svakodnevice<\/em>. Tako\u0111er je kao autorica pripremila izlo\u017ebu <em>Dubrova\u010dki statut iz 1272.: Pravna tradicija i kolektivno pam\u0107enje u rukopisima Dr\u017eavnog arhiva u Dubrovniku<\/em>, koja je otvorena istom zgodom. Predavanja i izlo\u017ebu prati prigodna publikacija.<\/p>\n\n\n\n<hr class=\"wp-block-separator\"\/>\n\n\n\n<p>Izvori i dodatne informacije:<\/p>\n\n\n\n<figure class=\"wp-block-embed-wordpress wp-block-embed is-type-wp-embed is-provider-hazu\"><div class=\"wp-block-embed__wrapper\">\n<blockquote class=\"wp-embedded-content\" data-secret=\"dE9jYcJb5Y\"><a href=\"https:\/\/www.info.hazu.hr\/2022\/06\/hazu-partner-proslave-750-obljetnice-donosenja-dubrovackog-statuta\/\">HAZU partner proslave 750. obljetnice dono\u0161enja Dubrova\u010dkog statuta<\/a><\/blockquote><iframe loading=\"lazy\" class=\"wp-embedded-content\" sandbox=\"allow-scripts\" security=\"restricted\" style=\"position: absolute; clip: rect(1px, 1px, 1px, 1px);\" title=\"&#8220;HAZU partner proslave 750. obljetnice dono\u0161enja Dubrova\u010dkog statuta&#8221; &#8212; HAZU\" src=\"https:\/\/www.info.hazu.hr\/2022\/06\/hazu-partner-proslave-750-obljetnice-donosenja-dubrovackog-statuta\/embed\/#?secret=dE9jYcJb5Y\" data-secret=\"dE9jYcJb5Y\" width=\"600\" height=\"338\" frameborder=\"0\" marginwidth=\"0\" marginheight=\"0\" scrolling=\"no\"><\/iframe>\n<\/div><\/figure>\n\n\n\n<figure class=\"wp-block-embed-wordpress wp-block-embed is-type-wp-embed is-provider-zavod-za-povijesne-znanosti-hazu-u-dubrovniku\"><div class=\"wp-block-embed__wrapper\">\n<blockquote class=\"wp-embedded-content\" data-secret=\"UmIsodtnGq\"><a href=\"https:\/\/www.zavoddbk.org\/projekti\/750-obljetnica-donosenja-dubrovackog-statuta\/\">750. obljetnica dono\u0161enja Dubrova\u010dkog statuta<\/a><\/blockquote><iframe loading=\"lazy\" class=\"wp-embedded-content\" sandbox=\"allow-scripts\" security=\"restricted\" style=\"position: absolute; clip: rect(1px, 1px, 1px, 1px);\" title=\"Ugradi WordPress objavu\" src=\"https:\/\/www.zavoddbk.org\/projekti\/750-obljetnica-donosenja-dubrovackog-statuta\/embed\/#?secret=UmIsodtnGq\" data-secret=\"UmIsodtnGq\" width=\"600\" height=\"338\" frameborder=\"0\" marginwidth=\"0\" marginheight=\"0\" scrolling=\"no\"><\/iframe>\n<\/div><\/figure>\n\n\n\n<p><a href=\"https:\/\/www.facebook.com\/zavoddbk\/\">https:\/\/www.facebook.com\/zavoddbk\/<\/a><\/p>\n\n\n\n<hr class=\"wp-block-separator\"\/>\n","protected":false},"excerpt":{"rendered":"","protected":false},"author":2,"featured_media":31623,"comment_status":"open","ping_status":"open","sticky":false,"template":"","format":"standard","meta":{"_acf_changed":false,"jetpack_post_was_ever_published":false,"_jetpack_newsletter_access":"","_jetpack_dont_email_post_to_subs":false,"_jetpack_newsletter_tier_id":0,"_jetpack_memberships_contains_paywalled_content":false,"_jetpack_memberships_contains_paid_content":false,"footnotes":"","jetpack_publicize_message":"","jetpack_publicize_feature_enabled":true,"jetpack_social_post_already_shared":true,"jetpack_social_options":{"image_generator_settings":{"template":"highway","default_image_id":0,"font":"","enabled":false},"version":2}},"categories":[10,3],"tags":[],"class_list":["post-31622","post","type-post","status-publish","format-standard","has-post-thumbnail","hentry","category-izlozbe","category-novosti"],"acf":{"facebook_opis":""},"jetpack_publicize_connections":[],"jetpack_featured_media_url":"https:\/\/i0.wp.com\/historiografija.hr\/wp-content\/uploads\/2022\/06\/750_izlozba.jpg?fit=800%2C534&ssl=1","jetpack_sharing_enabled":true,"jetpack-related-posts":[],"_links":{"self":[{"href":"https:\/\/historiografija.hr\/index.php?rest_route=\/wp\/v2\/posts\/31622","targetHints":{"allow":["GET"]}}],"collection":[{"href":"https:\/\/historiografija.hr\/index.php?rest_route=\/wp\/v2\/posts"}],"about":[{"href":"https:\/\/historiografija.hr\/index.php?rest_route=\/wp\/v2\/types\/post"}],"author":[{"embeddable":true,"href":"https:\/\/historiografija.hr\/index.php?rest_route=\/wp\/v2\/users\/2"}],"replies":[{"embeddable":true,"href":"https:\/\/historiografija.hr\/index.php?rest_route=%2Fwp%2Fv2%2Fcomments&post=31622"}],"version-history":[{"count":1,"href":"https:\/\/historiografija.hr\/index.php?rest_route=\/wp\/v2\/posts\/31622\/revisions"}],"predecessor-version":[{"id":31624,"href":"https:\/\/historiografija.hr\/index.php?rest_route=\/wp\/v2\/posts\/31622\/revisions\/31624"}],"wp:featuredmedia":[{"embeddable":true,"href":"https:\/\/historiografija.hr\/index.php?rest_route=\/wp\/v2\/media\/31623"}],"wp:attachment":[{"href":"https:\/\/historiografija.hr\/index.php?rest_route=%2Fwp%2Fv2%2Fmedia&parent=31622"}],"wp:term":[{"taxonomy":"category","embeddable":true,"href":"https:\/\/historiografija.hr\/index.php?rest_route=%2Fwp%2Fv2%2Fcategories&post=31622"},{"taxonomy":"post_tag","embeddable":true,"href":"https:\/\/historiografija.hr\/index.php?rest_route=%2Fwp%2Fv2%2Ftags&post=31622"}],"curies":[{"name":"wp","href":"https:\/\/api.w.org\/{rel}","templated":true}]}}