{"id":31616,"date":"2022-06-02T10:39:21","date_gmt":"2022-06-02T10:39:21","guid":{"rendered":"http:\/\/historiografija.hr\/?p=31616"},"modified":"2022-06-02T10:39:21","modified_gmt":"2022-06-02T10:39:21","slug":"cfp-deconstructing-yugoslavia-migrants-exiles-and-refugees","status":"publish","type":"post","link":"https:\/\/historiografija.hr\/?p=31616","title":{"rendered":"CFP: (De)constructing Yugoslavia: migrants, exiles, and refugees"},"content":{"rendered":"\n<p>Migrations played a major role in the history of Yugoslavia \u2013 its creation, evolution and final collapse. Yugoslavia came into being after the First World War, but \u00e9migr\u00e9s in Europe and communities of settlers of South Slav origins in the Americas played an important role in its creation. Considerable new diasporas came into being in the Americas and Western Europe, and affected the country\u2019s evolution in the interwar period, in economic, political and cultural terms. They once again played an important role in campaigning for different groups vying for political power during the Second World War and after. In the Cold War, policing diasporas became a major challenge for the Communist authorities, who had to combat new diasporas of fleeing political dissidents. To this was added the large worker emigration to Western Europe and Australia from the 1960s, a proportion of which returned to Yugoslavia following the recessions of the 1970s and 1980s. Moreover, other forms of movement came into play, like the transfer of Yugoslav experts and workers to the Eastern bloc and developing countries in the Global South, the so-called Third World, as Yugoslavia navigated the Cold War as a leader of the non-aligned world. Yugoslav developmental aid was a major showcase not just of Yugoslav socialism in the world. The commitment to an alternative world order to the Cold War divisions was, along with socialism and multi-cultural (federal) coexistence, one of the pillars of the Yugoslav national identity. Towards the end of the Cold War and during the wars of the 1990s, hundreds of thousands left, creating new diasporas alongside the old. \u2018Yugoslavs abroad\u2019 once again played a major role in the home country, this time in the dissolution of the common state, the wars of Yugoslav succession, and the creation of new nation states.&nbsp;&nbsp;<\/p>\n\n\n\n<p>This CFP invites contributions which critically discuss how&nbsp;Yugoslav nation- and state-formation were imagined, re-imagined and contested globally by \u2018Yugoslavs on the move\u2019. Contributions should offer a new understanding of the controversies\/debates which have surrounded the evolution of Yugoslavism as the idea of a political unity of the South Slavs\/Yugoslavs.&nbsp;<\/p>\n\n\n\n<p>Contributions can offer a long-term view or cover any period from the middle of the 19th century to the 2000s; and adopt a micro, meso or macro perspective. Proposals can focus on individual migrants, social groups or other subgroups. Proposals can offer comparisons between, or analysis of, economic migrants, political migrants, refugees, diasporas, exiles. Proposals can analyse or compare domestic and\/or international migrants.&nbsp;<\/p>\n\n\n\n<p>Please send an abstract of 300\/500 words, a title and short bio by 15th July to&nbsp;<a href=\"mailto:sara.bernard@glasgow.ac.uk\">sara.bernard@glasgow.ac.uk<\/a>&nbsp;&nbsp;&nbsp;&nbsp;<\/p>\n\n\n\n<p>You will receive a notification of acceptance by 31 August.&nbsp;<\/p>\n\n\n\n<p>Selected papers will be presented at a workshop in Glasgow in late February 2023 (date to be announced).&nbsp;<\/p>\n\n\n\n<p>The workshop will be the first of a series of workshops which will lead to the production of an edited volume in 2024. Therefore papers should be based on original research which has not been published. Early stage\/work in progress papers are welcome.&nbsp;<\/p>\n\n\n\n<p>For any queries, please contact Sara Bernard\u00a0\u00a0<a href=\"mailto:sara.bernard@glasgow.ac.uk\">sara.bernard@glasgow.ac.uk<\/a>\u00a0.\u00a0<\/p>\n\n\n\n<hr class=\"wp-block-separator\"\/>\n\n\n\n<p><a href=\"https:\/\/networks.h-net.org\/node\/73374\/announcements\/10298702\/cfp-deconstructing-yugoslavia-migrants-exiles-and-refugees\">https:\/\/networks.h-net.org\/node\/73374\/announcements\/10298702\/cfp-deconstructing-yugoslavia-migrants-exiles-and-refugees<\/a><\/p>\n\n\n\n<hr class=\"wp-block-separator\"\/>\n","protected":false},"excerpt":{"rendered":"","protected":false},"author":2,"featured_media":12932,"comment_status":"open","ping_status":"open","sticky":false,"template":"","format":"standard","meta":{"_acf_changed":false,"_jetpack_newsletter_access":"","_jetpack_dont_email_post_to_subs":false,"_jetpack_newsletter_tier_id":0,"_jetpack_memberships_contains_paywalled_content":false,"_jetpack_memberships_contains_paid_content":false,"footnotes":"","jetpack_publicize_message":"","jetpack_publicize_feature_enabled":true,"jetpack_social_post_already_shared":true,"jetpack_social_options":{"image_generator_settings":{"template":"highway","default_image_id":0,"font":"","enabled":false},"version":2},"jetpack_post_was_ever_published":false},"categories":[3,9],"tags":[],"class_list":["post-31616","post","type-post","status-publish","format-standard","has-post-thumbnail","hentry","category-novosti","category-skupovi"],"acf":{"facebook_opis":""},"jetpack_publicize_connections":[],"jetpack_featured_media_url":"https:\/\/i0.wp.com\/historiografija.hr\/wp-content\/uploads\/2018\/12\/header-hnet.png?fit=583%2C143&ssl=1","jetpack_sharing_enabled":true,"jetpack-related-posts":[{"id":54832,"url":"https:\/\/historiografija.hr\/?p=54832","url_meta":{"origin":31616,"position":0},"title":"Rob van der Laarse, Charles Jeurgens i Sabina Tanovic, &#8220;The Former \u201cYugoslavia Tribunal\u201d as Monument of Justice: History, Heritage and Memory of the ICTY and IRMCT in the City of Peace and Justice&#8221;","author":"Branimir Jankovi\u0107","date":"28. srpnja 2026.","format":false,"excerpt":"After Nuremberg, there is probably no other place where the future of Europe has been so definitively tested and safeguarded as in The Hague. The iconic building of the former International Criminal Tribunal for the former Yugoslavia (ICTY) has become a global symbol of international law and transitional justice since\u2026","rel":"","context":"U &quot;Knjige&quot;","block_context":{"text":"Knjige","link":"https:\/\/historiografija.hr\/?cat=8"},"img":{"alt_text":"","src":"https:\/\/i0.wp.com\/historiografija.hr\/wp-content\/uploads\/2026\/07\/Tribunal-scaled.webp?fit=794%2C1200&ssl=1&resize=350%2C200","width":350,"height":200,"srcset":"https:\/\/i0.wp.com\/historiografija.hr\/wp-content\/uploads\/2026\/07\/Tribunal-scaled.webp?fit=794%2C1200&ssl=1&resize=350%2C200 1x, https:\/\/i0.wp.com\/historiografija.hr\/wp-content\/uploads\/2026\/07\/Tribunal-scaled.webp?fit=794%2C1200&ssl=1&resize=525%2C300 1.5x, https:\/\/i0.wp.com\/historiografija.hr\/wp-content\/uploads\/2026\/07\/Tribunal-scaled.webp?fit=794%2C1200&ssl=1&resize=700%2C400 2x"},"classes":[]},{"id":54121,"url":"https:\/\/historiografija.hr\/?p=54121","url_meta":{"origin":31616,"position":1},"title":"ZGODOVINA NA \u0160PICI: YUGOSLAVIA AND CAMBODIA: ENTANGLED HISTORIES OF NON-ALIGNMENT","author":"Branimir Jankovi\u0107","date":"16. lipnja 2026.","format":false,"excerpt":"You are kindly invited to a new lecture in the History on the Edge series, which will take place on Wednesday, June 17, 2026, at the INZ premises or via the ZOOM link: https:\/\/us06web.zoom.us\/j\/85093074535?pwd=chFdSCgScVg8fw1djh3bVz8h9gqWtm.1 . In the new season, lectures will take place at 3 p.m. and if you will\u2026","rel":"","context":"U &quot;Novosti&quot;","block_context":{"text":"Novosti","link":"https:\/\/historiografija.hr\/?cat=3"},"img":{"alt_text":"","src":"https:\/\/i0.wp.com\/historiografija.hr\/wp-content\/uploads\/2026\/06\/ZNS_predavanje.jpg?fit=1086%2C567&ssl=1&resize=350%2C200","width":350,"height":200,"srcset":"https:\/\/i0.wp.com\/historiografija.hr\/wp-content\/uploads\/2026\/06\/ZNS_predavanje.jpg?fit=1086%2C567&ssl=1&resize=350%2C200 1x, https:\/\/i0.wp.com\/historiografija.hr\/wp-content\/uploads\/2026\/06\/ZNS_predavanje.jpg?fit=1086%2C567&ssl=1&resize=525%2C300 1.5x, https:\/\/i0.wp.com\/historiografija.hr\/wp-content\/uploads\/2026\/06\/ZNS_predavanje.jpg?fit=1086%2C567&ssl=1&resize=700%2C400 2x, https:\/\/i0.wp.com\/historiografija.hr\/wp-content\/uploads\/2026\/06\/ZNS_predavanje.jpg?fit=1086%2C567&ssl=1&resize=1050%2C600 3x"},"classes":[]},{"id":52516,"url":"https:\/\/historiografija.hr\/?p=52516","url_meta":{"origin":31616,"position":2},"title":"Marko Grde\u0161i\u0107, Mislav \u017ditko, \u201eSocialist Economics in Yugoslavia: A Critical History\u201c","author":"Branimir Jankovi\u0107","date":"17. travnja 2026.","format":false,"excerpt":"This book presents a critical history of Yugoslav socialist economics, from its inception in the late 1940s to its dissolution in the late 1980s. After the dramatic break with the Soviet Union in 1948, Yugoslavia found itself in urgent need of a third way: A socialist trajectory which would not\u2026","rel":"","context":"U &quot;Knjige&quot;","block_context":{"text":"Knjige","link":"https:\/\/historiografija.hr\/?cat=8"},"img":{"alt_text":"","src":"https:\/\/i0.wp.com\/historiografija.hr\/wp-content\/uploads\/2026\/04\/Zitko_Grdesic.jpg?fit=350%2C535&ssl=1&resize=350%2C200","width":350,"height":200},"classes":[]},{"id":52580,"url":"https:\/\/historiografija.hr\/?p=52580","url_meta":{"origin":31616,"position":3},"title":"Conference &#8220;Living in the aftermaths: Trauma, politics and survival in Yugoslavia and successor states, 1945 \u2013 present&#8221;","author":"Branimir Jankovi\u0107","date":"21. travnja 2026.","format":false,"excerpt":"The conference aims to explore how war-related psychological distress was experienced, narrated, debated and reframed in Yugoslavia in the second half of the twentieth century. It asks how the theme of wounded psyche and wartime suffering was addressed and acknowledged in political, psychiatric and broader cultural discourses of socialist Yugoslavia,\u2026","rel":"","context":"U &quot;Novosti&quot;","block_context":{"text":"Novosti","link":"https:\/\/historiografija.hr\/?cat=3"},"img":{"alt_text":"","src":"https:\/\/i0.wp.com\/historiografija.hr\/wp-content\/uploads\/2026\/04\/Battle_of_Neretva_Picasso_poster-Conference-Living-in-the-aftermaths.webp?fit=564%2C954&ssl=1&resize=350%2C200","width":350,"height":200,"srcset":"https:\/\/i0.wp.com\/historiografija.hr\/wp-content\/uploads\/2026\/04\/Battle_of_Neretva_Picasso_poster-Conference-Living-in-the-aftermaths.webp?fit=564%2C954&ssl=1&resize=350%2C200 1x, https:\/\/i0.wp.com\/historiografija.hr\/wp-content\/uploads\/2026\/04\/Battle_of_Neretva_Picasso_poster-Conference-Living-in-the-aftermaths.webp?fit=564%2C954&ssl=1&resize=525%2C300 1.5x"},"classes":[]},{"id":53749,"url":"https:\/\/historiografija.hr\/?p=53749","url_meta":{"origin":31616,"position":4},"title":"HISTORY ON THE EDGE: THE MAKING OF WORKERS\u2019 SELF-MANAGEMENT: HOUSING DISTRIBUTION IN LATE SOCIALIST YUGOSLAVIA (MID-1970S-1980S) \u00a0","author":"Branimir Jankovi\u0107","date":"26. svibnja 2026.","format":false,"excerpt":"You are kindly invited to a new lecture in the History on the Edge series, which will take place on Wednesday, May 27, 2026, at the INZ premises or via the ZOOM link: https:\/\/us06web.zoom.us\/j\/85093074535?pwd=chFdSCgScVg8fw1djh3bVz8h9gqWtm.1 . In the new season, lectures will take place at 3 p.m. and if you will\u2026","rel":"","context":"U &quot;Novosti&quot;","block_context":{"text":"Novosti","link":"https:\/\/historiografija.hr\/?cat=3"},"img":{"alt_text":"","src":"https:\/\/i0.wp.com\/historiografija.hr\/wp-content\/uploads\/2026\/05\/ZNS_predavanja_5_27.jpg?fit=1200%2C730&ssl=1&resize=350%2C200","width":350,"height":200,"srcset":"https:\/\/i0.wp.com\/historiografija.hr\/wp-content\/uploads\/2026\/05\/ZNS_predavanja_5_27.jpg?fit=1200%2C730&ssl=1&resize=350%2C200 1x, https:\/\/i0.wp.com\/historiografija.hr\/wp-content\/uploads\/2026\/05\/ZNS_predavanja_5_27.jpg?fit=1200%2C730&ssl=1&resize=525%2C300 1.5x, https:\/\/i0.wp.com\/historiografija.hr\/wp-content\/uploads\/2026\/05\/ZNS_predavanja_5_27.jpg?fit=1200%2C730&ssl=1&resize=700%2C400 2x, https:\/\/i0.wp.com\/historiografija.hr\/wp-content\/uploads\/2026\/05\/ZNS_predavanja_5_27.jpg?fit=1200%2C730&ssl=1&resize=1050%2C600 3x"},"classes":[]},{"id":54337,"url":"https:\/\/historiografija.hr\/?p=54337","url_meta":{"origin":31616,"position":5},"title":"Online-Lecture by Sophie Momzikoff: The Yugoslav Crisis and the Russian Place in the New European Architecture","author":"Branimir Jankovi\u0107","date":"26. lipnja 2026.","format":false,"excerpt":"01.07.2026 16:00 Uhr The aim of this presentation is to show how the Yugoslav crisis served as a test for Russia\u2019s place in the post-Cold War European order. Indeed, the wars in the former Yugoslavia began just as the Russian Federation was establishing strong ties with the West. When Yugoslavia\u2026","rel":"","context":"U &quot;Novosti&quot;","block_context":{"text":"Novosti","link":"https:\/\/historiografija.hr\/?cat=3"},"img":{"alt_text":"","src":"https:\/\/i0.wp.com\/historiografija.hr\/wp-content\/uploads\/2026\/06\/photo_sophie_momzikoff.jpeg?fit=300%2C300&ssl=1&resize=350%2C200","width":350,"height":200},"classes":[]}],"_links":{"self":[{"href":"https:\/\/historiografija.hr\/index.php?rest_route=\/wp\/v2\/posts\/31616","targetHints":{"allow":["GET"]}}],"collection":[{"href":"https:\/\/historiografija.hr\/index.php?rest_route=\/wp\/v2\/posts"}],"about":[{"href":"https:\/\/historiografija.hr\/index.php?rest_route=\/wp\/v2\/types\/post"}],"author":[{"embeddable":true,"href":"https:\/\/historiografija.hr\/index.php?rest_route=\/wp\/v2\/users\/2"}],"replies":[{"embeddable":true,"href":"https:\/\/historiografija.hr\/index.php?rest_route=%2Fwp%2Fv2%2Fcomments&post=31616"}],"version-history":[{"count":1,"href":"https:\/\/historiografija.hr\/index.php?rest_route=\/wp\/v2\/posts\/31616\/revisions"}],"predecessor-version":[{"id":31617,"href":"https:\/\/historiografija.hr\/index.php?rest_route=\/wp\/v2\/posts\/31616\/revisions\/31617"}],"wp:featuredmedia":[{"embeddable":true,"href":"https:\/\/historiografija.hr\/index.php?rest_route=\/wp\/v2\/media\/12932"}],"wp:attachment":[{"href":"https:\/\/historiografija.hr\/index.php?rest_route=%2Fwp%2Fv2%2Fmedia&parent=31616"}],"wp:term":[{"taxonomy":"category","embeddable":true,"href":"https:\/\/historiografija.hr\/index.php?rest_route=%2Fwp%2Fv2%2Fcategories&post=31616"},{"taxonomy":"post_tag","embeddable":true,"href":"https:\/\/historiografija.hr\/index.php?rest_route=%2Fwp%2Fv2%2Ftags&post=31616"}],"curies":[{"name":"wp","href":"https:\/\/api.w.org\/{rel}","templated":true}]}}