{"id":31608,"date":"2022-06-02T09:43:39","date_gmt":"2022-06-02T09:43:39","guid":{"rendered":"http:\/\/historiografija.hr\/?p=31608"},"modified":"2022-07-15T13:18:40","modified_gmt":"2022-07-15T13:18:40","slug":"casopis-poucavanje-povijesti-god-i-broj-1","status":"publish","type":"post","link":"https:\/\/historiografija.hr\/?p=31608","title":{"rendered":"\u010casopis &#8220;Pou\u010davanje povijesti&#8221; (God. I, broj 1)"},"content":{"rendered":"\n<p>Dana 1. lipnja 2022. promoviran je prvi broj \u010dasopisa \u201cPou\u010davanje povijesti\u201d, koji je dostupan na Platformi Klio.<\/p>\n\n\n\n<hr class=\"wp-block-separator\"\/>\n\n\n\n<p><strong>Promocija prvoga broja \u010dasopisa \u201cPou\u010davanje povijesti\u201d<\/strong><\/p>\n\n\n\n<p>Platforma Klio je 1. lipnja 2022. g. odr\u017eala promociju prvoga broja \u010dasopisa \u201cPou\u010davanje povijesti\u201d. U\u017eivo su govorili \u010dlanovi uredni\u0161tva dr. sc. Goran \u0110ur\u0111evi\u0107 i Denis Detling te Miljenko Hajdarovi\u0107, urednik. Porukama su sudjelovali Tatjana Bednjanec, Manuela Kujund\u017ei\u0107 i dr. sc. Tomislav Bogdanovi\u0107.<\/p>\n\n\n\n<figure class=\"wp-block-embed is-type-link is-provider-platforma-klio\"><div class=\"wp-block-embed__wrapper\">\n<a href=\"https:\/\/platforma-klio.com\/2022\/06\/02\/promocija-prvoga-broja-casopisa-poucavanje-povijesti\/\">Promocija prvoga broja \u010dasopisa &#8220;Pou\u010davanje povijesti&#8221;<\/a>\n<\/div><\/figure>\n\n\n\n<hr class=\"wp-block-separator\"\/>\n\n\n\n<p><strong>\u010casopis <em>Pou\u010davanje povijesti<\/em><\/strong><\/p>\n\n\n\n<p>\u010casopis <em>Pou\u010davanje povijesti <\/em>prvenstveno je zami\u0161ljen kao publikacija u kojoj \u0107e u\u010diteljice i u\u010ditelji pisati za svoje kolegice i kolege. Podjelom vlastitih primjera, iskustva i znanja zajedno \u0107emo izgraditi bolju i kvalitetniju zajednicu stru\u010dnjaka. \u010casopis prihva\u0107a <strong>stru\u010dne \u010dlanke<\/strong> u\u010ditelja povijesti te radove stru\u010dnjaka drugih disciplina, znanosti i \u0161kolskih predmeta koji doprinose boljemu pou\u010davanju povijesti. Sadr\u017eaji su namijenjeni pou\u010davanju povijesti u osnovnim i srednjim \u0161kolama.<\/p>\n\n\n\n<figure class=\"wp-block-embed is-type-link is-provider-platforma-klio\"><div class=\"wp-block-embed__wrapper\">\n<a href=\"https:\/\/platforma-klio.com\/casopis\/\">\u010casopis<\/a>\n<\/div><\/figure>\n\n\n\n<p><a href=\"https:\/\/www.facebook.com\/casopisPP\/\">https:\/\/www.facebook.com\/casopisPP\/<\/a><\/p>\n\n\n\n<hr class=\"wp-block-separator\"\/>\n","protected":false},"excerpt":{"rendered":"","protected":false},"author":2,"featured_media":31609,"comment_status":"open","ping_status":"open","sticky":false,"template":"","format":"standard","meta":{"_acf_changed":false,"jetpack_post_was_ever_published":false,"_jetpack_newsletter_access":"","_jetpack_dont_email_post_to_subs":false,"_jetpack_newsletter_tier_id":0,"_jetpack_memberships_contains_paywalled_content":false,"_jetpack_memberships_contains_paid_content":false,"footnotes":"","jetpack_publicize_message":"","jetpack_publicize_feature_enabled":true,"jetpack_social_post_already_shared":true,"jetpack_social_options":{"image_generator_settings":{"template":"highway","default_image_id":0,"font":"","enabled":false},"version":2}},"categories":[21,3],"tags":[],"class_list":["post-31608","post","type-post","status-publish","format-standard","has-post-thumbnail","hentry","category-casopisi","category-novosti"],"acf":{"facebook_opis":""},"jetpack_publicize_connections":[],"jetpack_featured_media_url":"https:\/\/i0.wp.com\/historiografija.hr\/wp-content\/uploads\/2022\/06\/Poucavanje-povijesti.jpg?fit=515%2C720&ssl=1","jetpack_sharing_enabled":true,"jetpack-related-posts":[],"_links":{"self":[{"href":"https:\/\/historiografija.hr\/index.php?rest_route=\/wp\/v2\/posts\/31608","targetHints":{"allow":["GET"]}}],"collection":[{"href":"https:\/\/historiografija.hr\/index.php?rest_route=\/wp\/v2\/posts"}],"about":[{"href":"https:\/\/historiografija.hr\/index.php?rest_route=\/wp\/v2\/types\/post"}],"author":[{"embeddable":true,"href":"https:\/\/historiografija.hr\/index.php?rest_route=\/wp\/v2\/users\/2"}],"replies":[{"embeddable":true,"href":"https:\/\/historiografija.hr\/index.php?rest_route=%2Fwp%2Fv2%2Fcomments&post=31608"}],"version-history":[{"count":3,"href":"https:\/\/historiografija.hr\/index.php?rest_route=\/wp\/v2\/posts\/31608\/revisions"}],"predecessor-version":[{"id":31612,"href":"https:\/\/historiografija.hr\/index.php?rest_route=\/wp\/v2\/posts\/31608\/revisions\/31612"}],"wp:featuredmedia":[{"embeddable":true,"href":"https:\/\/historiografija.hr\/index.php?rest_route=\/wp\/v2\/media\/31609"}],"wp:attachment":[{"href":"https:\/\/historiografija.hr\/index.php?rest_route=%2Fwp%2Fv2%2Fmedia&parent=31608"}],"wp:term":[{"taxonomy":"category","embeddable":true,"href":"https:\/\/historiografija.hr\/index.php?rest_route=%2Fwp%2Fv2%2Fcategories&post=31608"},{"taxonomy":"post_tag","embeddable":true,"href":"https:\/\/historiografija.hr\/index.php?rest_route=%2Fwp%2Fv2%2Ftags&post=31608"}],"curies":[{"name":"wp","href":"https:\/\/api.w.org\/{rel}","templated":true}]}}