{"id":31590,"date":"2022-06-01T19:48:13","date_gmt":"2022-06-01T19:48:13","guid":{"rendered":"http:\/\/historiografija.hr\/?p=31590"},"modified":"2022-06-01T19:51:17","modified_gmt":"2022-06-01T19:51:17","slug":"izlozba-vidi-grod-obiteljska-fotografija-stanovnika-picna-u-picnu","status":"publish","type":"post","link":"https:\/\/historiografija.hr\/?p=31590","title":{"rendered":"Izlo\u017eba \u201cVidi, Grod! Obiteljska fotografija stanovnika Pi\u0107na\u201d u Pi\u0107nu"},"content":{"rendered":"\n<p>U petak, 3. lipnja, s po\u010detkom u 18 sati u Centru za nematerijalnu kulturu Istre Etnografskog muzeja Istre u Pi\u0107nu bit \u0107e otvorena izlo\u017eba \u201cVidi, Grod! Obiteljska fotografija stanovnika Pi\u0107na\u201d. Organizator je Etnografski muzej Istre &#8211; Museo etnografico dell\u2019Istria, a autorica izlo\u017ebe Nu\u0161a Hauser.<\/p>\n\n\n\n<p>Izlo\u017eba je rezultat terenskog istra\u017eivanja s ciljem mapiranja sje\u0107anja kroz medij obiteljske fotografije stanovnika u\u017eeg centra grada ili groda Pi\u0107na. Izuzev stvaranja nove audiovizualne dokumentacije, a time i razvijanja muzejskih fondova, njome se postigla nova komunikacija s lokalnom zajednicom, pa i participativan moment u stvaranju sadr\u017eaja kojim pripovijedaju sebe i svoj \u017eivot. Svaku od fotografija selektirala su ku\u0107anstva koja su se odazvala pozivu. Podatci o fotografiji pru\u017eeni su prilikom terenskog rada i doslovno preneseni u legendama, a u izlo\u017ebi ih sudjeluje \u010detrnaest. Vrijeme nastanka, lokacija pa i sam predmet snimanja na fotografiji biran je proizvoljno jer je te\u017ei\u0161te bilo na osje\u0107aju posebne vrijednosti za vlasnika\/cu i\/ili obitelj. Na taj se na\u010din postiglo i jasnije sagledavanje i razumijevanje individualnih (o)sje\u0107anja i onih zajednice. Nadalje, time se doprinijelo vi\u0161eslojnom promatranju promjena u kulturi \u017eivljenja, fotografiji i fotografiranju.<\/p>\n\n\n\n<p><a href=\"https:\/\/ipd-ssi.hr\/wp-content\/uploads\/2022\/06\/VIDI-GROD-POZIVNICA_150x100.pdf\">Pozivnica<\/a><\/p>\n\n\n\n<hr class=\"wp-block-separator\"\/>\n\n\n\n<p>Izvor:<\/p>\n\n\n\n<figure class=\"wp-block-embed-wordpress wp-block-embed is-type-wp-embed is-provider-istarsko-povijesno-drustvo-societa-storica-istriana\"><div class=\"wp-block-embed__wrapper\">\n<blockquote class=\"wp-embedded-content\" data-secret=\"hYdcMopgux\"><a href=\"https:\/\/ipd-ssi.hr\/2022\/06\/01\/izlozba-vidi-grod-obiteljska-fotografija-stanovnika-picna-u-picnu\/\">Izlo\u017eba &#8220;Vidi, Grod! Obiteljska fotografija stanovnika Pi\u0107na&#8221; u Pi\u0107nu<\/a><\/blockquote><iframe loading=\"lazy\" class=\"wp-embedded-content\" sandbox=\"allow-scripts\" security=\"restricted\" style=\"position: absolute; clip: rect(1px, 1px, 1px, 1px);\" title=\"&#8220;Izlo\u017eba &#8220;Vidi, Grod! Obiteljska fotografija stanovnika Pi\u0107na&#8221; u Pi\u0107nu&#8221; &#8212; Istarsko povijesno dru\u0161tvo - Societ\u00e0 Storica Istriana\" src=\"https:\/\/ipd-ssi.hr\/2022\/06\/01\/izlozba-vidi-grod-obiteljska-fotografija-stanovnika-picna-u-picnu\/embed\/#?secret=0jf8ep1cVY#?secret=hYdcMopgux\" data-secret=\"hYdcMopgux\" width=\"600\" height=\"338\" frameborder=\"0\" marginwidth=\"0\" marginheight=\"0\" scrolling=\"no\"><\/iframe>\n<\/div><\/figure>\n\n\n\n<hr class=\"wp-block-separator\"\/>\n","protected":false},"excerpt":{"rendered":"","protected":false},"author":2,"featured_media":31591,"comment_status":"open","ping_status":"open","sticky":false,"template":"","format":"standard","meta":{"_acf_changed":false,"jetpack_post_was_ever_published":false,"_jetpack_newsletter_access":"","_jetpack_dont_email_post_to_subs":false,"_jetpack_newsletter_tier_id":0,"_jetpack_memberships_contains_paywalled_content":false,"_jetpack_memberships_contains_paid_content":false,"footnotes":"","jetpack_publicize_message":"","jetpack_publicize_feature_enabled":true,"jetpack_social_post_already_shared":true,"jetpack_social_options":{"image_generator_settings":{"template":"highway","default_image_id":0,"font":"","enabled":false},"version":2}},"categories":[10,3],"tags":[],"class_list":["post-31590","post","type-post","status-publish","format-standard","has-post-thumbnail","hentry","category-izlozbe","category-novosti"],"acf":{"facebook_opis":""},"jetpack_publicize_connections":[],"jetpack_featured_media_url":"https:\/\/i0.wp.com\/historiografija.hr\/wp-content\/uploads\/2022\/06\/Pican.jpg?fit=960%2C640&ssl=1","jetpack_sharing_enabled":true,"jetpack-related-posts":[],"_links":{"self":[{"href":"https:\/\/historiografija.hr\/index.php?rest_route=\/wp\/v2\/posts\/31590","targetHints":{"allow":["GET"]}}],"collection":[{"href":"https:\/\/historiografija.hr\/index.php?rest_route=\/wp\/v2\/posts"}],"about":[{"href":"https:\/\/historiografija.hr\/index.php?rest_route=\/wp\/v2\/types\/post"}],"author":[{"embeddable":true,"href":"https:\/\/historiografija.hr\/index.php?rest_route=\/wp\/v2\/users\/2"}],"replies":[{"embeddable":true,"href":"https:\/\/historiografija.hr\/index.php?rest_route=%2Fwp%2Fv2%2Fcomments&post=31590"}],"version-history":[{"count":2,"href":"https:\/\/historiografija.hr\/index.php?rest_route=\/wp\/v2\/posts\/31590\/revisions"}],"predecessor-version":[{"id":31593,"href":"https:\/\/historiografija.hr\/index.php?rest_route=\/wp\/v2\/posts\/31590\/revisions\/31593"}],"wp:featuredmedia":[{"embeddable":true,"href":"https:\/\/historiografija.hr\/index.php?rest_route=\/wp\/v2\/media\/31591"}],"wp:attachment":[{"href":"https:\/\/historiografija.hr\/index.php?rest_route=%2Fwp%2Fv2%2Fmedia&parent=31590"}],"wp:term":[{"taxonomy":"category","embeddable":true,"href":"https:\/\/historiografija.hr\/index.php?rest_route=%2Fwp%2Fv2%2Fcategories&post=31590"},{"taxonomy":"post_tag","embeddable":true,"href":"https:\/\/historiografija.hr\/index.php?rest_route=%2Fwp%2Fv2%2Ftags&post=31590"}],"curies":[{"name":"wp","href":"https:\/\/api.w.org\/{rel}","templated":true}]}}