{"id":31583,"date":"2022-06-01T19:33:49","date_gmt":"2022-06-01T19:33:49","guid":{"rendered":"http:\/\/historiografija.hr\/?p=31583"},"modified":"2022-06-01T19:33:49","modified_gmt":"2022-06-01T19:33:49","slug":"izlozba-igora-bosnjaka-buducnost-se-ponavlja-vise-nego-istorija","status":"publish","type":"post","link":"https:\/\/historiografija.hr\/?p=31583","title":{"rendered":"Izlo\u017eba Igora Bo\u0161njaka \u201eBudu\u0107nost se ponavlja vi\u0161e nego istorija\u201c"},"content":{"rendered":"\n<p>Muzej savremene umjetnosti Republike Srpske, Banja Luka, 14. maj \u2013 20. juni 2022. godine<\/p>\n\n\n\n<hr class=\"wp-block-separator\"\/>\n\n\n\n<p>Izlo\u017eba trebinjskog umjetnika Igora Bo\u0161njaka pod nazivom \u201eBudu\u0107nost se ponavlja vi\u0161e nego istorija\u201c rezultat je vi\u0161egodi\u0161njeg umjetnikovog istra\u017eivanja zapo\u010detog 2015. godine radom \u201eTransformersi\u201c.<\/p>\n\n\n\n<p>Izlo\u017eba u MSURS prezentuje seriju video radova, printova i arhivskih instalacija inspirisanih prije svega spomeni\u010dkim naslje\u0111em iz doba SFR Jugoslavije (naro\u010dito spomenicima na Kozari i Sutjesci), teorijom ruskog kosmizma, teorijom dronova i sopstvenom interpretacijom ovih fenomena.<\/p>\n\n\n\n<p>Ovom izlo\u017ebom umjetnik postavlja nekoliko pitanja: Kako danas vidimo spomenike NOB-a, \u0161ta nam oni predstavljaju u novom politi\u010dkom kontekstu i promjeni paradigme i ideologije na prostoru biv\u0161e Jugoslavije. Da li je posmatranje i interpretacija socijalisti\u010dkog spomeni\u010dkog naslje\u0111a mogu\u0107a samo kroz ideolo\u0161ku matricu je pitanje koje umjetnik postavlja ili se oni mogu sagledavati kroz prizmu duhovnosti ruskog kosmizma. Kakav je odnos izme\u0111u spomenika i \u010dovjeka, kao i odnos izme\u0111u spomenika i savremene tehnologije u umjetnosti danas.<\/p>\n\n\n\n<p>Kustos izlo\u017ebe je Mladen Banjac, vi\u0161i kustos MSURS.<\/p>\n\n\n\n<p>Biografija:<br>Igor Bo\u0161njak (ro\u0111en 1981. u Sarajevu) \u017eivi i radi u Trebinju. Stvara prvenstveno u oblasti videa, instalacije i fotografije. Zaposlen je na Akademiji likovnih umjetnosti u Trebinju, trenutno u zvanju docenta. Zavr\u0161io je Akademiju likovnih umjetnosti u Trebinju 2005. na Odsjeku za slikarstvo. Od 2007. do 2008. zavr\u0161io je interdisciplinarne master studije na Odseku teorija umetnosti i medija na Univerzitetu umetnosti u Beogradu.<\/p>\n\n\n\n<p>Njegovi radovi su izlagani u: Whitechapel Gallery, London; Kunsthalle, Be\u010d; New Cinema &amp; Contemporary Art, Rencontres Internationales, Ga\u00eet\u00e9 Lyrique &amp; Palais de Tokyo, Pariz; Kunsthal Charlottenborg, Kopenhagen; Atopia Film &amp; Video Kunst Gallery, Oslo; National Center for Contemporary Art &amp; Moscow Museum of Modern Art, Moskva; Hong Kong Art Hall; CAM Kasorija, Contemporary Art Museum, Napulj; Kunst Museum, Bon; Agnes B. Foundation, Galerie du Jour, Pariz; Muzej savremene umetnosti Vojvodine, Novi Sad; Galleria d\u2019 Arte Moderna Palazzo Forti, Verona; Muzej savremene umjetnosti Republike Srpske, Banja Luka; Point Ephemere, Pariz; Muzej moderne umjetnosti, Dubrovnik; Contemporary Music Centre, Dablin; MMC Kibla, Maribor; Espacio Center Canarias, Tenerifi; Fabbrica del Vapore, Milano; Center of Contemporary Art, Plovdiv; Budapest Art Fair Mucsarnok, Budimpe\u0161ta; Tapetenwerk Halle C, Lajpcig; Musseo di Palazzo Poggi, Bolonja; Umjetni\u010dka galerija BiH, Sarajevo; Kulturni centar, Beograd, itd.\u00a0<\/p>\n\n\n\n<hr class=\"wp-block-separator\"\/>\n\n\n\n<p>Izvor:<\/p>\n\n\n\n<p><a href=\"http:\/\/msurs.net\/index.php\/sr\/izlozbe\/aktuelnoizlozbe\/893-14-20-2025\">http:\/\/msurs.net\/index.php\/sr\/izlozbe\/aktuelnoizlozbe\/893-14-20-2025<\/a><\/p>\n\n\n\n<hr class=\"wp-block-separator\"\/>\n","protected":false},"excerpt":{"rendered":"","protected":false},"author":2,"featured_media":31584,"comment_status":"open","ping_status":"open","sticky":false,"template":"","format":"standard","meta":{"_acf_changed":false,"jetpack_post_was_ever_published":false,"_jetpack_newsletter_access":"","_jetpack_dont_email_post_to_subs":false,"_jetpack_newsletter_tier_id":0,"_jetpack_memberships_contains_paywalled_content":false,"_jetpack_memberships_contains_paid_content":false,"footnotes":"","jetpack_publicize_message":"","jetpack_publicize_feature_enabled":true,"jetpack_social_post_already_shared":true,"jetpack_social_options":{"image_generator_settings":{"template":"highway","default_image_id":0,"font":"","enabled":false},"version":2}},"categories":[10,3],"tags":[],"class_list":["post-31583","post","type-post","status-publish","format-standard","has-post-thumbnail","hentry","category-izlozbe","category-novosti"],"acf":{"facebook_opis":""},"jetpack_publicize_connections":[],"jetpack_featured_media_url":"https:\/\/i0.wp.com\/historiografija.hr\/wp-content\/uploads\/2022\/06\/Igor-Bosnjak.jpg?fit=900%2C600&ssl=1","jetpack_sharing_enabled":true,"jetpack-related-posts":[],"_links":{"self":[{"href":"https:\/\/historiografija.hr\/index.php?rest_route=\/wp\/v2\/posts\/31583","targetHints":{"allow":["GET"]}}],"collection":[{"href":"https:\/\/historiografija.hr\/index.php?rest_route=\/wp\/v2\/posts"}],"about":[{"href":"https:\/\/historiografija.hr\/index.php?rest_route=\/wp\/v2\/types\/post"}],"author":[{"embeddable":true,"href":"https:\/\/historiografija.hr\/index.php?rest_route=\/wp\/v2\/users\/2"}],"replies":[{"embeddable":true,"href":"https:\/\/historiografija.hr\/index.php?rest_route=%2Fwp%2Fv2%2Fcomments&post=31583"}],"version-history":[{"count":1,"href":"https:\/\/historiografija.hr\/index.php?rest_route=\/wp\/v2\/posts\/31583\/revisions"}],"predecessor-version":[{"id":31585,"href":"https:\/\/historiografija.hr\/index.php?rest_route=\/wp\/v2\/posts\/31583\/revisions\/31585"}],"wp:featuredmedia":[{"embeddable":true,"href":"https:\/\/historiografija.hr\/index.php?rest_route=\/wp\/v2\/media\/31584"}],"wp:attachment":[{"href":"https:\/\/historiografija.hr\/index.php?rest_route=%2Fwp%2Fv2%2Fmedia&parent=31583"}],"wp:term":[{"taxonomy":"category","embeddable":true,"href":"https:\/\/historiografija.hr\/index.php?rest_route=%2Fwp%2Fv2%2Fcategories&post=31583"},{"taxonomy":"post_tag","embeddable":true,"href":"https:\/\/historiografija.hr\/index.php?rest_route=%2Fwp%2Fv2%2Ftags&post=31583"}],"curies":[{"name":"wp","href":"https:\/\/api.w.org\/{rel}","templated":true}]}}