{"id":31572,"date":"2022-06-01T18:26:02","date_gmt":"2022-06-01T18:26:02","guid":{"rendered":"http:\/\/historiografija.hr\/?p=31572"},"modified":"2022-06-01T18:32:52","modified_gmt":"2022-06-01T18:32:52","slug":"poziv-na-predstavljanje-foto-prirucnika-krajobrazi-sjecanja-na-domovinski-rat","status":"publish","type":"post","link":"https:\/\/historiografija.hr\/?p=31572","title":{"rendered":"Poziv na predstavljanje foto-priru\u010dnika Krajobrazi sje\u0107anja na Domovinski rat"},"content":{"rendered":"\n<p>Inicijativa mladih za ljudska prava organizira predstavljanje<strong> foto-priru\u010dnika <em>Krajobrazi sje\u0107anja na Domovinski rat<\/em>\u00a0<\/strong>koje \u0107e se odr\u017eati u <strong>petak, 3. lipnja od 19 do 20 h<\/strong> u prostoru <strong>HUB385<\/strong> na adresi Ul. Franje Petra\u010di\u0107a 6, u Zagrebu. Prijenos doga\u0111aja \u0107e biti dostupan preko platforme Zoom, a bit \u0107e osigurano i simultano prevo\u0111enje na engleski jezik.<\/p>\n\n\n\n<p>Foto-priru\u010dnik <em>Krajobrazi sje\u0107anja na Domovinski rat<\/em> autora Vjerana Pavlakovi\u0107a nastao je kao rezultat \u017eelje Inicijative mladih za ljudska prava da produbi znanja o politici sje\u0107anja na ratove devedesetih u Hrvatskoj, pri \u010demu nam je pa\u017enja bila usmjerena ponajvi\u0161e na izgradnju spomenika, te u nastojanju da ste\u010dena znanja podijelimo sa zainteresiranom javno\u0161\u0107u.&nbsp;<\/p>\n\n\n\n<p>Neka od pitanja na koje ovaj foto-priru\u010dnik poku\u0161ava odgovoriti su: kako mjesta sje\u0107anja utje\u010du na formiranje (nacionalnog) identiteta, kakva je me\u0111usobna veza spomenika i dru\u0161tvenog sje\u0107anja, koji akteri sudjeluju u stvaranju kolektivnog sje\u0107anja, stvaramo li ga zajedni\u010dki te radi li se o ekskluzivnom ili inkluzivnom procesu, doprinose li spomenici tome da se ratovi ne ponavljaju, kakvi se simboli koriste pri memorijalizaciji navedenog perioda te koje poruke \u0161alju, koji spomenici ispunjavanju kriterije u\u010dinkovite memorijalizacije.<\/p>\n\n\n\n<p>O ovim temama \u0107e s autorom Vjeranom Pavlakovi\u0107em razgovarati programska direktorica Inicijative mladih za ljudska prava, Branka Vierda.<\/p>\n\n\n\n<p>Molimo sve zainteresirane da se registriraju za sudjelovanje u\u017eivo ili online do petka, 3. lipnja u podne putem formulara na <a href=\"https:\/\/docs.google.com\/forms\/d\/e\/1FAIpQLSfky02P6zKpP3wShriN8MFvZ-JtAVBxi0NoA_h3BdLu-XsC3A\/viewform?usp=sf_link\">poveznici<\/a>.\u00a0<\/p>\n\n\n\n<hr class=\"wp-block-separator\"\/>\n\n\n\n<p>Izvor:<\/p>\n\n\n\n<p><a href=\"http:\/\/yihr.hr\/hr\/poziv-na-predstavljanje-foto-prirucnika-krajobrazi-sjecanja-na-domovinski-rat\/\">http:\/\/yihr.hr\/hr\/poziv-na-predstavljanje-foto-prirucnika-krajobrazi-sjecanja-na-domovinski-rat\/<\/a><\/p>\n\n\n\n<hr class=\"wp-block-separator\"\/>\n","protected":false},"excerpt":{"rendered":"","protected":false},"author":2,"featured_media":31573,"comment_status":"open","ping_status":"open","sticky":false,"template":"","format":"standard","meta":{"_acf_changed":false,"jetpack_post_was_ever_published":false,"_jetpack_newsletter_access":"","_jetpack_dont_email_post_to_subs":false,"_jetpack_newsletter_tier_id":0,"_jetpack_memberships_contains_paywalled_content":false,"_jetpack_memberships_contains_paid_content":false,"footnotes":"","jetpack_publicize_message":"","jetpack_publicize_feature_enabled":true,"jetpack_social_post_already_shared":true,"jetpack_social_options":{"image_generator_settings":{"template":"highway","default_image_id":0,"font":"","enabled":false},"version":2}},"categories":[3],"tags":[],"class_list":["post-31572","post","type-post","status-publish","format-standard","has-post-thumbnail","hentry","category-novosti"],"acf":{"facebook_opis":""},"jetpack_publicize_connections":[],"jetpack_featured_media_url":"https:\/\/i0.wp.com\/historiografija.hr\/wp-content\/uploads\/2022\/06\/Memoryscapes.png?fit=760%2C400&ssl=1","jetpack_sharing_enabled":true,"jetpack-related-posts":[],"_links":{"self":[{"href":"https:\/\/historiografija.hr\/index.php?rest_route=\/wp\/v2\/posts\/31572","targetHints":{"allow":["GET"]}}],"collection":[{"href":"https:\/\/historiografija.hr\/index.php?rest_route=\/wp\/v2\/posts"}],"about":[{"href":"https:\/\/historiografija.hr\/index.php?rest_route=\/wp\/v2\/types\/post"}],"author":[{"embeddable":true,"href":"https:\/\/historiografija.hr\/index.php?rest_route=\/wp\/v2\/users\/2"}],"replies":[{"embeddable":true,"href":"https:\/\/historiografija.hr\/index.php?rest_route=%2Fwp%2Fv2%2Fcomments&post=31572"}],"version-history":[{"count":2,"href":"https:\/\/historiografija.hr\/index.php?rest_route=\/wp\/v2\/posts\/31572\/revisions"}],"predecessor-version":[{"id":31575,"href":"https:\/\/historiografija.hr\/index.php?rest_route=\/wp\/v2\/posts\/31572\/revisions\/31575"}],"wp:featuredmedia":[{"embeddable":true,"href":"https:\/\/historiografija.hr\/index.php?rest_route=\/wp\/v2\/media\/31573"}],"wp:attachment":[{"href":"https:\/\/historiografija.hr\/index.php?rest_route=%2Fwp%2Fv2%2Fmedia&parent=31572"}],"wp:term":[{"taxonomy":"category","embeddable":true,"href":"https:\/\/historiografija.hr\/index.php?rest_route=%2Fwp%2Fv2%2Fcategories&post=31572"},{"taxonomy":"post_tag","embeddable":true,"href":"https:\/\/historiografija.hr\/index.php?rest_route=%2Fwp%2Fv2%2Ftags&post=31572"}],"curies":[{"name":"wp","href":"https:\/\/api.w.org\/{rel}","templated":true}]}}