{"id":3157,"date":"2017-03-06T13:42:19","date_gmt":"2017-03-06T13:42:19","guid":{"rendered":"http:\/\/historiografija.hr\/?p=3157"},"modified":"2017-03-06T13:44:03","modified_gmt":"2017-03-06T13:44:03","slug":"projekcija-povijesne-serije-cesko-stoljece","status":"publish","type":"post","link":"https:\/\/historiografija.hr\/?p=3157","title":{"rendered":"Projekcija povijesne serije \u201c\u010ce\u0161ko stolje\u0107e\u201d"},"content":{"rendered":"<p>Projekcija prvog nastavka povijesne serije \u201e\u010ce\u0161ko stolje\u0107e\u201c: \u201eVeliko ru\u0161enje (1918)\u201c\u00a08. o\u017eujka 2017.\u00a0u Konferencijskoj dvorani Filozofskog fakulteta Sveu\u010dili\u0161ta u Zagrebu.<\/p>\n<p>&nbsp;<\/p>\n<p><strong>Filozofski fakultet Sveu\u010dili\u0161ta u Zagrebu<\/strong><\/p>\n<p>&nbsp;<\/p>\n<p>Pozivaju se svi na projekciju prvoga nastavka povijesne serije \u201e\u010ce\u0161ko stolje\u0107e\u201c: \u201eVeliko ru\u0161enje (1918)\u201c u Konferencijskoj dvorani na drugom katu Knji\u017enice Filozofskoga fakulteta u srijedu 8. o\u017eujka u 17 sati. Serija \u0107e biti prikazana s hrvatskim podnaslovima u prijevodu studenata diplomskoga studija bohemistike.<br \/>\n\u201e\u010ce\u0161ko stolje\u0107e\u201c televizijska je serija koja u devet nastavaka hrabro propituje najva\u017enije doga\u0111aje \u010de\u0161ke povijesti 20. st. Snimljena je u produkciji \u010ce\u0161ke televizije 2013. i 2014. prema scenariju povjesni\u010dara Pavela Kosat\u00edka i u re\u017eiji Roberta Sedl\u00e1\u010deka. Usredoto\u010dena je na psihologiju glavnih povijesnih aktera u trenucima kad su bili svjesni da \u0107e svojim odlukama bitno utjecati na budu\u0107nost cijeloga naroda.<\/p>\n<p>&nbsp;<\/p>\n<p>\u201eLegendarni su likovi samo ljudi koji se znoje, spekuliraju, \u017eive paradokse, odlaze na zahod i naklapaju o banalnostima, i sami zbunjeni time kamo ih je povijest donijela.\u201c (Pavel Kosat\u00edk i Robert Sedl\u00e1\u010dek)<\/p>\n<p>&nbsp;<\/p>\n<p>1. nastavak: \u201eVeliko ru\u0161enje (1918)\u201c<\/p>\n<p>&nbsp;<\/p>\n<p>God. 1914. Tom\u00e1\u0161 Garrigue Masaryk odlazi iz Praga, napu\u0161ta Austro-Ugarsku i kre\u0107e na put s kojega nema povratka. Na put u oslobo\u0111enje \u010ceha i Slovaka iz naru\u010dja austrijskoga imperija, na put u uni\u0161tenje austro-ugarske velesile. To nije bio jednostavan san, a Masaryk nije bio jednostavan \u010dovjek. Kako je taj put izgledao s politi\u010dkoga, a kako s ljudskoga motri\u0161ta? Kakvim je pitanjima i prigovorima bio pra\u0107en? S \u010dime se Masaryk morao izboriti politi\u010dki i ljudski, \u0161to ga je mu\u010dilo, \u010demu se nadao? U \u0161to je do krajnosti vjerovao? Prvi dio televizijskoga ciklusa \u201e\u010ce\u0161ko stolje\u0107e\u201c pripovijeda o temeljnom pitanju moderne \u010de\u0161ke dr\u017eavnosti \u2013 kako je, za\u0161to i unato\u010d \u010demu nastala \u010cehoslova\u010dka Republika \u2013 i o najva\u017enijoj osobi iz toga razdoblja \u2013 o prvom \u010dehoslova\u010dkom predsjedniku.<\/p>\n<p>&nbsp;<\/p>\n<p>\u201eNa pragu smo svjetske revolucije. Europa i svijet ulaze u nov razvojni stadij, u kojem \u0107e biti odlu\u010deno tko \u0107e imati mo\u0107. Stare feudalne teokracije ili moderni sustavi, koji po\u0161tuju ljudsku slobodu.\u201c<br \/>\nT. G. Masaryk (iz scenarija)<\/p>\n<p>&nbsp;<\/p>\n<p>Prvi nastavak serija prevela je Silvija Kos.<\/p>\n<p>&nbsp;<\/p>\n<p>Izvor: <a href=\"http:\/\/www.ffzg.unizg.hr\/zslav\/\">http:\/\/www.ffzg.unizg.hr\/zslav\/<\/a><\/p>\n<p>&nbsp;<\/p>\n<p>&nbsp;<\/p>\n","protected":false},"excerpt":{"rendered":"","protected":false},"author":2,"featured_media":0,"comment_status":"open","ping_status":"open","sticky":false,"template":"","format":"standard","meta":{"_acf_changed":false,"jetpack_post_was_ever_published":false,"_jetpack_newsletter_access":"","_jetpack_dont_email_post_to_subs":true,"_jetpack_newsletter_tier_id":0,"_jetpack_memberships_contains_paywalled_content":false,"_jetpack_memberships_contains_paid_content":false,"footnotes":"","jetpack_publicize_message":"","jetpack_publicize_feature_enabled":true,"jetpack_social_post_already_shared":true,"jetpack_social_options":{"image_generator_settings":{"template":"highway","default_image_id":0,"font":"","enabled":false},"version":2}},"categories":[3],"tags":[],"class_list":["post-3157","post","type-post","status-publish","format-standard","hentry","category-novosti"],"acf":{"facebook_opis":""},"jetpack_publicize_connections":[],"jetpack_featured_media_url":"","jetpack_sharing_enabled":true,"jetpack-related-posts":[{"id":52654,"url":"https:\/\/historiografija.hr\/?p=52654","url_meta":{"origin":3157,"position":0},"title":"Gostuju\u0107e predavanje &#8211; Danijel D\u017eino \u201eKasnoanti\u010dke i ranosrednjovjekovne gra\u0111evine u Brezi: Spomenici nepotpune biografije\u201c","author":"Branimir Jankovi\u0107","date":"24. travnja 2026.","format":false,"excerpt":"Doktorski studij predmoderne povijesti poziva na predavanje \"Kasnoanti\u010dke i ranosrednjovjekovne gra\u0111evine u Brezi: Spomenici nepotpune biografije\u201d koje \u0107e odr\u017eati profesor Danijel D\u017eino sa Sveu\u010dili\u0161ta Macquarie u Sydneyu u\u00a0utorak 28. travnja 2026. u 17h u Konferencijskoj dvorani Knji\u017enice Filozofskog fakulteta u Zagrebu. Predavanje \u0107e predo\u010diti nova saznanja dobivena kroz arhivsko-dokumentarna istra\u017eivanja\u2026","rel":"","context":"U &quot;Novosti&quot;","block_context":{"text":"Novosti","link":"https:\/\/historiografija.hr\/?cat=3"},"img":{"alt_text":"","src":"https:\/\/i0.wp.com\/historiografija.hr\/wp-content\/uploads\/2026\/04\/Dzino.jpg?fit=980%2C819&ssl=1&resize=350%2C200","width":350,"height":200,"srcset":"https:\/\/i0.wp.com\/historiografija.hr\/wp-content\/uploads\/2026\/04\/Dzino.jpg?fit=980%2C819&ssl=1&resize=350%2C200 1x, https:\/\/i0.wp.com\/historiografija.hr\/wp-content\/uploads\/2026\/04\/Dzino.jpg?fit=980%2C819&ssl=1&resize=525%2C300 1.5x, https:\/\/i0.wp.com\/historiografija.hr\/wp-content\/uploads\/2026\/04\/Dzino.jpg?fit=980%2C819&ssl=1&resize=700%2C400 2x"},"classes":[]},{"id":52520,"url":"https:\/\/historiografija.hr\/?p=52520","url_meta":{"origin":3157,"position":1},"title":"Predstavljanje knjige &#8220;Socialist Economics in Yugoslavia: A Critical History&#8221; u Zagrebu","author":"Branimir Jankovi\u0107","date":"17. travnja 2026.","format":false,"excerpt":"Pozivamo vas na predstavljanje knjige \"Socialist Economics in Yugoslavia: A Critical History\", autora Mislava \u00a0\u017ditka i Marka Grde\u0161i\u0107a (Routledge, 2026). Na predstavljanju \u0107e govoriti Branko Milanovi\u0107 (CUNY), Milica Uvali\u0107 (EUI), Zdravko Petak (FPZG) te autori.\u00a0 Predstavljanje \u0107e se odr\u017eati u srijedu 22. travnja u 16:00 sati na Fakultetu politi\u010dkih znanosti\u2026","rel":"","context":"U &quot;Novosti&quot;","block_context":{"text":"Novosti","link":"https:\/\/historiografija.hr\/?cat=3"},"img":{"alt_text":"","src":"https:\/\/i0.wp.com\/historiografija.hr\/wp-content\/uploads\/2026\/04\/Poziv-na-predstavljanje.png?fit=800%2C652&ssl=1&resize=350%2C200","width":350,"height":200,"srcset":"https:\/\/i0.wp.com\/historiografija.hr\/wp-content\/uploads\/2026\/04\/Poziv-na-predstavljanje.png?fit=800%2C652&ssl=1&resize=350%2C200 1x, https:\/\/i0.wp.com\/historiografija.hr\/wp-content\/uploads\/2026\/04\/Poziv-na-predstavljanje.png?fit=800%2C652&ssl=1&resize=525%2C300 1.5x, https:\/\/i0.wp.com\/historiografija.hr\/wp-content\/uploads\/2026\/04\/Poziv-na-predstavljanje.png?fit=800%2C652&ssl=1&resize=700%2C400 2x"},"classes":[]},{"id":52547,"url":"https:\/\/historiografija.hr\/?p=52547","url_meta":{"origin":3157,"position":2},"title":"ISHA Zagreb \u2013 Filmska ve\u010der: Povratak Martina Guerrea","author":"Branimir Jankovi\u0107","date":"20. travnja 2026.","format":false,"excerpt":"Klub studenata povijesti \u2013 ISHA Zagreb poziva Vas na filmsku ve\u010der na kojoj \u0107e se prikazivati \u201ePovratak Martina Guerrea\u201c, povijesna drama iz 1982. godine s radnjom smje\u0161tenom u 16. stolje\u0107u. Radnja je utemeljena na stvarnoj povijesnoj li\u010dnosti Martina Guerrea koji se nakon mnogo godina izbivanja vra\u0107a u svoje rodno mjesto\u2026","rel":"","context":"U &quot;Filmovi i serije&quot;","block_context":{"text":"Filmovi i serije","link":"https:\/\/historiografija.hr\/?cat=13"},"img":{"alt_text":"","src":"https:\/\/i0.wp.com\/historiografija.hr\/wp-content\/uploads\/2026\/04\/M-Guerre.png?fit=702%2C1006&ssl=1&resize=350%2C200","width":350,"height":200,"srcset":"https:\/\/i0.wp.com\/historiografija.hr\/wp-content\/uploads\/2026\/04\/M-Guerre.png?fit=702%2C1006&ssl=1&resize=350%2C200 1x, https:\/\/i0.wp.com\/historiografija.hr\/wp-content\/uploads\/2026\/04\/M-Guerre.png?fit=702%2C1006&ssl=1&resize=525%2C300 1.5x, https:\/\/i0.wp.com\/historiografija.hr\/wp-content\/uploads\/2026\/04\/M-Guerre.png?fit=702%2C1006&ssl=1&resize=700%2C400 2x"},"classes":[]},{"id":52573,"url":"https:\/\/historiografija.hr\/?p=52573","url_meta":{"origin":3157,"position":3},"title":"Znanstvena konferencija &#8220;Filozofija odgoja: povijest, praksa, perspektive&#8221;","author":"Branimir Jankovi\u0107","date":"21. travnja 2026.","format":false,"excerpt":"Znanstvena konferencija \"Filozofija odgoja: povijest, praksa, perspektive\" odr\u017eat \u0107e se 23. i 24. travnja 2026. u Konferencijskoj dvorani Knji\u017enice Filozofskog fakulteta u Zagrebu (2. kat).\u00a0Konferencija je organizirana u okviru projekta\u00a0SUMKOS (voditeljica prof. dr. sc. Ivana Zagorac, financiran\u00a0sredstvima NextGenerationEU), uz potporu Odsjeka za filozofiju.\u00a0 Uz izlaga\u010dki dio, konferencija obuhva\u0107a i izlo\u017ebu\u2026","rel":"","context":"U &quot;Novosti&quot;","block_context":{"text":"Novosti","link":"https:\/\/historiografija.hr\/?cat=3"},"img":{"alt_text":"","src":"","width":0,"height":0},"classes":[]},{"id":52666,"url":"https:\/\/historiografija.hr\/?p=52666","url_meta":{"origin":3157,"position":4},"title":"Najava programa Festivala povijesti Kliofest (5-8. V. 2026)","author":"Branimir Jankovi\u0107","date":"24. travnja 2026.","format":false,"excerpt":"Po trinaesti put odr\u017eava se Festival povijesti Kliofest! Do petka \u0107emo odr\u017eati osam okruglih stolova i dva kolokvija te niz predstavljanja knjiga i projekata razli\u010dite tematike, od antike do suvremenosti. Bit \u0107e predstavljeno i nekoliko izlo\u017ebi te odr\u017ean jedan povijesni kviz. Prikazat \u0107emo i jedan film \u2013 o generalu Boroevi\u0107u.\u2026","rel":"","context":"U &quot;Novosti&quot;","block_context":{"text":"Novosti","link":"https:\/\/historiografija.hr\/?cat=3"},"img":{"alt_text":"","src":"https:\/\/i0.wp.com\/historiografija.hr\/wp-content\/uploads\/2026\/04\/Kliofest-2026.jpg?fit=526%2C526&ssl=1&resize=350%2C200","width":350,"height":200,"srcset":"https:\/\/i0.wp.com\/historiografija.hr\/wp-content\/uploads\/2026\/04\/Kliofest-2026.jpg?fit=526%2C526&ssl=1&resize=350%2C200 1x, https:\/\/i0.wp.com\/historiografija.hr\/wp-content\/uploads\/2026\/04\/Kliofest-2026.jpg?fit=526%2C526&ssl=1&resize=525%2C300 1.5x"},"classes":[]},{"id":52539,"url":"https:\/\/historiografija.hr\/?p=52539","url_meta":{"origin":3157,"position":5},"title":"Drugi po redu studentski simpozij &#8220;In fonte veritas&#8221;","author":"Branimir Jankovi\u0107","date":"20. travnja 2026.","format":false,"excerpt":"U srijedu, 22. travnja 2026. godine, u dvorani C 0.4 na Hrvatskom katoli\u010dkom sveu\u010dili\u0161tu odr\u017eat \u0107e se drugi studentski simpozij \u201eIn fonte veritas\". Ovogodi\u0161nja sredi\u0161nja tema simpozija je Papinstvo. Kroz istra\u017eiva\u010dko suo\u010davanje s povijesnim izvorima deset \u0107e studenata predstaviti rezultate svojih istra\u017eivanja o instituciji koja je stolje\u0107ima oblikovala europsku i\u2026","rel":"","context":"U &quot;Novosti&quot;","block_context":{"text":"Novosti","link":"https:\/\/historiografija.hr\/?cat=3"},"img":{"alt_text":"","src":"https:\/\/i0.wp.com\/historiografija.hr\/wp-content\/uploads\/2026\/04\/Papinstvo.png?fit=1024%2C500&ssl=1&resize=350%2C200","width":350,"height":200,"srcset":"https:\/\/i0.wp.com\/historiografija.hr\/wp-content\/uploads\/2026\/04\/Papinstvo.png?fit=1024%2C500&ssl=1&resize=350%2C200 1x, https:\/\/i0.wp.com\/historiografija.hr\/wp-content\/uploads\/2026\/04\/Papinstvo.png?fit=1024%2C500&ssl=1&resize=525%2C300 1.5x, https:\/\/i0.wp.com\/historiografija.hr\/wp-content\/uploads\/2026\/04\/Papinstvo.png?fit=1024%2C500&ssl=1&resize=700%2C400 2x"},"classes":[]}],"_links":{"self":[{"href":"https:\/\/historiografija.hr\/index.php?rest_route=\/wp\/v2\/posts\/3157","targetHints":{"allow":["GET"]}}],"collection":[{"href":"https:\/\/historiografija.hr\/index.php?rest_route=\/wp\/v2\/posts"}],"about":[{"href":"https:\/\/historiografija.hr\/index.php?rest_route=\/wp\/v2\/types\/post"}],"author":[{"embeddable":true,"href":"https:\/\/historiografija.hr\/index.php?rest_route=\/wp\/v2\/users\/2"}],"replies":[{"embeddable":true,"href":"https:\/\/historiografija.hr\/index.php?rest_route=%2Fwp%2Fv2%2Fcomments&post=3157"}],"version-history":[{"count":3,"href":"https:\/\/historiografija.hr\/index.php?rest_route=\/wp\/v2\/posts\/3157\/revisions"}],"predecessor-version":[{"id":3160,"href":"https:\/\/historiografija.hr\/index.php?rest_route=\/wp\/v2\/posts\/3157\/revisions\/3160"}],"wp:attachment":[{"href":"https:\/\/historiografija.hr\/index.php?rest_route=%2Fwp%2Fv2%2Fmedia&parent=3157"}],"wp:term":[{"taxonomy":"category","embeddable":true,"href":"https:\/\/historiografija.hr\/index.php?rest_route=%2Fwp%2Fv2%2Fcategories&post=3157"},{"taxonomy":"post_tag","embeddable":true,"href":"https:\/\/historiografija.hr\/index.php?rest_route=%2Fwp%2Fv2%2Ftags&post=3157"}],"curies":[{"name":"wp","href":"https:\/\/api.w.org\/{rel}","templated":true}]}}