{"id":31548,"date":"2022-05-28T15:19:58","date_gmt":"2022-05-28T15:19:58","guid":{"rendered":"http:\/\/historiografija.hr\/?p=31548"},"modified":"2022-05-28T15:19:58","modified_gmt":"2022-05-28T15:19:58","slug":"medunarodna-konferencija-past-present-future-2022","status":"publish","type":"post","link":"https:\/\/historiografija.hr\/?p=31548","title":{"rendered":"Me\u0111unarodna konferencija Past, Present, Future 2022."},"content":{"rendered":"\n<p>U petak, 27. svibnja 2022. s po\u010detkom u 9.30 sati zapo\u010dinje peta dvodnevna bijenalna me\u0111unarodna znanstvena konferencija&nbsp;<em>Past, Present, Future<\/em>&nbsp;u organizaciji Odsjeka za povijest Filozofskog fakulteta Sveu\u010dili\u0161ta Jurja Dobrile u Puli, na kojoj \u0107e \u0161ezdesetak izlaga\u010da iz Hrvatske i inozemstva izlo\u017eiti svoje radove. Ovogodi\u0161nja je tema konferencije&nbsp;<em>The Other: Stereotype and Prejudice in History<\/em>, a vi\u0161e o konferenciji, kao i plan konferencije mo\u017ee se vidjeti putem ovih poveznica:<\/p>\n\n\n\n<p><a href=\"https:\/\/ffpu.unipu.hr\/past-present-future-2022\/call_for_papers\">https:\/\/ffpu.unipu.hr\/past-present-future-2022\/call_for_papers<\/a><\/p>\n\n\n\n<p><a href=\"https:\/\/ffpu.unipu.hr\/past-present-future-2022\/conference_program\">https:\/\/ffpu.unipu.hr\/past-present-future-2022\/conference_program<\/a><\/p>\n\n\n\n<hr class=\"wp-block-separator\"\/>\n\n\n\n<p>Izvori:<\/p>\n\n\n\n<p><a href=\"https:\/\/ffpu.unipu.hr\/ffpu\/povijest\/obavijesti?@=2fapr\">https:\/\/ffpu.unipu.hr\/ffpu\/povijest\/obavijesti?@=2fapr<\/a><\/p>\n\n\n\n<figure class=\"wp-block-embed-wordpress wp-block-embed is-type-wp-embed is-provider-istarsko-povijesno-drustvo-societa-storica-istriana\"><div class=\"wp-block-embed__wrapper\">\n<blockquote class=\"wp-embedded-content\" data-secret=\"7WJp4HpgAH\"><a href=\"https:\/\/ipd-ssi.hr\/2022\/05\/27\/medunarodna-znanstvena-konferencija-past-present-future-u-puli\/\">Me\u0111unarodna znanstvena konferencija &#8220;Past, Present, Future&#8221; u Puli<\/a><\/blockquote><iframe loading=\"lazy\" class=\"wp-embedded-content\" sandbox=\"allow-scripts\" security=\"restricted\" style=\"position: absolute; clip: rect(1px, 1px, 1px, 1px);\" title=\"&#8220;Me\u0111unarodna znanstvena konferencija &#8220;Past, Present, Future&#8221; u Puli&#8221; &#8212; Istarsko povijesno dru\u0161tvo - Societ\u00e0 Storica Istriana\" src=\"https:\/\/ipd-ssi.hr\/2022\/05\/27\/medunarodna-znanstvena-konferencija-past-present-future-u-puli\/embed\/#?secret=rgSQot9hUL#?secret=7WJp4HpgAH\" data-secret=\"7WJp4HpgAH\" width=\"600\" height=\"338\" frameborder=\"0\" marginwidth=\"0\" marginheight=\"0\" scrolling=\"no\"><\/iframe>\n<\/div><\/figure>\n\n\n\n<hr class=\"wp-block-separator\"\/>\n","protected":false},"excerpt":{"rendered":"","protected":false},"author":2,"featured_media":12901,"comment_status":"open","ping_status":"open","sticky":false,"template":"","format":"standard","meta":{"_acf_changed":false,"jetpack_post_was_ever_published":false,"_jetpack_newsletter_access":"","_jetpack_dont_email_post_to_subs":false,"_jetpack_newsletter_tier_id":0,"_jetpack_memberships_contains_paywalled_content":false,"_jetpack_memberships_contains_paid_content":false,"footnotes":"","jetpack_publicize_message":"","jetpack_publicize_feature_enabled":true,"jetpack_social_post_already_shared":true,"jetpack_social_options":{"image_generator_settings":{"template":"highway","default_image_id":0,"font":"","enabled":false},"version":2}},"categories":[3,9],"tags":[],"class_list":["post-31548","post","type-post","status-publish","format-standard","has-post-thumbnail","hentry","category-novosti","category-skupovi"],"acf":{"facebook_opis":""},"jetpack_publicize_connections":[],"jetpack_featured_media_url":"https:\/\/i0.wp.com\/historiografija.hr\/wp-content\/uploads\/2018\/12\/F-P-P.png?fit=272%2C185&ssl=1","jetpack_sharing_enabled":true,"jetpack-related-posts":[],"_links":{"self":[{"href":"https:\/\/historiografija.hr\/index.php?rest_route=\/wp\/v2\/posts\/31548","targetHints":{"allow":["GET"]}}],"collection":[{"href":"https:\/\/historiografija.hr\/index.php?rest_route=\/wp\/v2\/posts"}],"about":[{"href":"https:\/\/historiografija.hr\/index.php?rest_route=\/wp\/v2\/types\/post"}],"author":[{"embeddable":true,"href":"https:\/\/historiografija.hr\/index.php?rest_route=\/wp\/v2\/users\/2"}],"replies":[{"embeddable":true,"href":"https:\/\/historiografija.hr\/index.php?rest_route=%2Fwp%2Fv2%2Fcomments&post=31548"}],"version-history":[{"count":1,"href":"https:\/\/historiografija.hr\/index.php?rest_route=\/wp\/v2\/posts\/31548\/revisions"}],"predecessor-version":[{"id":31549,"href":"https:\/\/historiografija.hr\/index.php?rest_route=\/wp\/v2\/posts\/31548\/revisions\/31549"}],"wp:featuredmedia":[{"embeddable":true,"href":"https:\/\/historiografija.hr\/index.php?rest_route=\/wp\/v2\/media\/12901"}],"wp:attachment":[{"href":"https:\/\/historiografija.hr\/index.php?rest_route=%2Fwp%2Fv2%2Fmedia&parent=31548"}],"wp:term":[{"taxonomy":"category","embeddable":true,"href":"https:\/\/historiografija.hr\/index.php?rest_route=%2Fwp%2Fv2%2Fcategories&post=31548"},{"taxonomy":"post_tag","embeddable":true,"href":"https:\/\/historiografija.hr\/index.php?rest_route=%2Fwp%2Fv2%2Ftags&post=31548"}],"curies":[{"name":"wp","href":"https:\/\/api.w.org\/{rel}","templated":true}]}}