{"id":31523,"date":"2022-05-28T14:24:57","date_gmt":"2022-05-28T14:24:57","guid":{"rendered":"http:\/\/historiografija.hr\/?p=31523"},"modified":"2022-05-28T14:28:09","modified_gmt":"2022-05-28T14:28:09","slug":"otvorenje-izlozbe-i-predavanje-bruno-raskaj-reliquiae-reliquiarum-skriveni-potencijal-zagrebacke-industrijske-bastine","status":"publish","type":"post","link":"https:\/\/historiografija.hr\/?p=31523","title":{"rendered":"Otvorenje izlo\u017ebe i predavanje: Bruno Ra\u0161kaj RELIQUIAE RELIQUIARUM &#8211; skriveni potencijal zagreba\u010dke industrijske ba\u0161tine"},"content":{"rendered":"\n<p>U utorak <strong>31. svibnja u 19 sati<\/strong> u <strong>Oris Ku\u0107i arhitekture <\/strong>(Ulica kralja Dr\u017eislava 3 u Zagrebu), <strong>otvara se izlo\u017eba arhitekta Brune Ra\u0161kaja: <\/strong><em><strong>RELIQUIAE RELIQUIARUM \u2013 skriveni potencijal zagreba\u010dke industrijske ba\u0161tine.&nbsp;<\/strong><\/em><strong>U sklopu otvorenja izlo\u017ebe predavanje \u0107e odr\u017eati arhitekt Bruno Ra\u0161kaj<\/strong><\/p>\n\n\n\n<p>Zagreb danas, na mo\u017eda najatraktivnijim lokacijama u gradu raspola\u017ee sa fragmentiranim podru\u010djima biv\u0161ih tvornica. Bogato kulturno naslje\u0111e grada se postepeno bri\u0161e i zamjenjuje stihijskom gradnjom bez zelenih povr\u0161ina, a bitne orijentacijske to\u010dke kao kulturolo\u0161ki identitet gra\u0111ana gube svoje upori\u0161te u matrici centra grada.<\/p>\n\n\n\n<p>Ovom se izlo\u017ebom \u017eeli do\u010darati arhitektura jedne od industrijski najstarije, ali i najzanemarenije gra\u0111evine u Zagrebu, \u010dija parcela i prostorni karakter posjeduje jednaku vrijednost kao i sama gra\u0111evina. Biv\u0161a tvornica svile \u201eBubara\u201c, jedna je od prvih podignutih zgrada ju\u017eno od pruge zagreba\u010dkog arhitektonskog para H\u00f6nigsberg und Deutsch, koja do dan danas nije uvr\u0161tena pod ikakvu za\u0161titu.<\/p>\n\n\n\n<p>O Autoru:<\/p>\n\n\n\n<p>Bruno Ra\u0161kaj ro\u0111en je 1994. godine u Zagrebu. Studij arhitekture zapo\u010dinje i zavr\u0161ava na TU Grazu i UPC ETSAV u Barceloni, gdje usavr\u0161ava znanje njema\u010dkog, \u0161panjolskog i engleskog jezika. Tijekom svog obrazovanja radi u raznim uredima i organizacijama u Austriji, \u0160vicarskoj, \u0160panjolskoj i Hrvatskoj. Pored rada na nekoliko publikacija, instalacija te sudjelovanju na raznim natje\u010dajima, po\u010detkom 2020. osvaja 1. nagradu na natje\u010daju &#8220;GastGARTEN&#8221; u sklopu Kunsthausa u Grazu. Za izradu idejnog rje\u0161enja ure\u0111enja prostora biv\u0161e vojarne u Zadru, 2021. osvaja 5. nagradu. Krajem iste godine diplomski rad \u201e<em>Reliquiae Reliquiarum<\/em>\u201c nagra\u0111en je 1. nagradom na Grazer Architektur Diplompreis Award kao najbolji na TU Grazu. Trenutno \u017eivi i radi u Zagrebu, sa skorim po\u010detkom rada u Z\u00fcrichu.<\/p>\n\n\n\n<p><strong>Izlo\u017ebu mo\u017eete pogledati do 4. lipnja 2022<\/strong>.<\/p>\n\n\n\n<hr class=\"wp-block-separator\"\/>\n\n\n\n<p>Izvor:<\/p>\n\n\n\n<p><a href=\"http:\/\/www.oris.hr\/hr\/oris-plus\/-otvorenje-izlozbe-i-predavanje-bruno-raskaj-reliquiae-reliquiarum---skriveni,3167.html\">http:\/\/www.oris.hr\/hr\/oris-plus\/-otvorenje-izlozbe-i-predavanje-bruno-raskaj-reliquiae-reliquiarum&#8212;skriveni,3167.html<\/a><\/p>\n\n\n\n<hr class=\"wp-block-separator\"\/>\n","protected":false},"excerpt":{"rendered":"","protected":false},"author":2,"featured_media":31526,"comment_status":"open","ping_status":"open","sticky":false,"template":"","format":"standard","meta":{"_acf_changed":false,"jetpack_post_was_ever_published":false,"_jetpack_newsletter_access":"","_jetpack_dont_email_post_to_subs":false,"_jetpack_newsletter_tier_id":0,"_jetpack_memberships_contains_paywalled_content":false,"_jetpack_memberships_contains_paid_content":false,"footnotes":"","jetpack_publicize_message":"","jetpack_publicize_feature_enabled":true,"jetpack_social_post_already_shared":true,"jetpack_social_options":{"image_generator_settings":{"template":"highway","default_image_id":0,"font":"","enabled":false},"version":2}},"categories":[10,3],"tags":[],"class_list":["post-31523","post","type-post","status-publish","format-standard","has-post-thumbnail","hentry","category-izlozbe","category-novosti"],"acf":{"facebook_opis":""},"jetpack_publicize_connections":[],"jetpack_featured_media_url":"https:\/\/i0.wp.com\/historiografija.hr\/wp-content\/uploads\/2022\/05\/Slika-Raskaj.jpg?fit=540%2C360&ssl=1","jetpack_sharing_enabled":true,"jetpack-related-posts":[],"_links":{"self":[{"href":"https:\/\/historiografija.hr\/index.php?rest_route=\/wp\/v2\/posts\/31523","targetHints":{"allow":["GET"]}}],"collection":[{"href":"https:\/\/historiografija.hr\/index.php?rest_route=\/wp\/v2\/posts"}],"about":[{"href":"https:\/\/historiografija.hr\/index.php?rest_route=\/wp\/v2\/types\/post"}],"author":[{"embeddable":true,"href":"https:\/\/historiografija.hr\/index.php?rest_route=\/wp\/v2\/users\/2"}],"replies":[{"embeddable":true,"href":"https:\/\/historiografija.hr\/index.php?rest_route=%2Fwp%2Fv2%2Fcomments&post=31523"}],"version-history":[{"count":1,"href":"https:\/\/historiografija.hr\/index.php?rest_route=\/wp\/v2\/posts\/31523\/revisions"}],"predecessor-version":[{"id":31525,"href":"https:\/\/historiografija.hr\/index.php?rest_route=\/wp\/v2\/posts\/31523\/revisions\/31525"}],"wp:featuredmedia":[{"embeddable":true,"href":"https:\/\/historiografija.hr\/index.php?rest_route=\/wp\/v2\/media\/31526"}],"wp:attachment":[{"href":"https:\/\/historiografija.hr\/index.php?rest_route=%2Fwp%2Fv2%2Fmedia&parent=31523"}],"wp:term":[{"taxonomy":"category","embeddable":true,"href":"https:\/\/historiografija.hr\/index.php?rest_route=%2Fwp%2Fv2%2Fcategories&post=31523"},{"taxonomy":"post_tag","embeddable":true,"href":"https:\/\/historiografija.hr\/index.php?rest_route=%2Fwp%2Fv2%2Ftags&post=31523"}],"curies":[{"name":"wp","href":"https:\/\/api.w.org\/{rel}","templated":true}]}}