{"id":31520,"date":"2022-05-28T14:14:55","date_gmt":"2022-05-28T14:14:55","guid":{"rendered":"http:\/\/historiografija.hr\/?p=31520"},"modified":"2022-05-28T14:14:55","modified_gmt":"2022-05-28T14:14:55","slug":"poziv-druga-ljetna-skola-suocavanja-s-prosloscu","status":"publish","type":"post","link":"https:\/\/historiografija.hr\/?p=31520","title":{"rendered":"Poziv &#8211; Druga Ljetna \u0161kola suo\u010davanja s pro\u0161lo\u0161\u0107u"},"content":{"rendered":"\n<p>Savez Roma u Republici Hrvatskoj \u201eKALI SARA\u201c organizira drugu po redu Ljetnu \u0161kolu suo\u010davanja s pro\u0161lo\u0161\u0107u, od 13. do 15. srpnja 2022. godine.<\/p>\n\n\n\n<p><br>Ljetna \u0161kola suo\u010davanja s pro\u0161lo\u0161\u0107u organizira se u sklopu ovogodi\u0161njeg obilje\u017eavanja Me\u0111unarodnog dana sje\u0107anja na romske \u017ertve genocida \/ Samudaripen.<\/p>\n\n\n\n<p><br>U trodnevni program Ljetne \u0161kole uklju\u010den je posjet JU Spomen podru\u010dje Jasenovac, Romskom memorijalnom centru U\u0161tica, Mariji Gorici te posjet \u0160kabrnji, gdje je 18. studenog 1991. na po\u010detku Domovinskog rata izvr\u0161en pokolj civila i hrvatskih branitelja.<br><br><\/p>\n\n\n\n<p>Pozivamo sve zainteresirane studentice i studente, te u\u010denice i u\u010denike zavr\u0161nih razreda srednjih \u0161kola da nam se jave s prijavama za sudjelovanje.<br><br><\/p>\n\n\n\n<p>Prijavi je potrebno prilo\u017eiti kratak \u017eivotopis te motivacijsko pismo.<br><br><\/p>\n\n\n\n<p>Prijave se \u0161alju na rmcu.kalisara@gmail.com ili kalisara@kalisara.hr<br><br><\/p>\n\n\n\n<p>Rok za slanje prijave je 15. lipanj 2022. godine<br><br><\/p>\n\n\n\n<p>Svaki sudionik Ljetne \u0161kole obavezan je po zavr\u0161etku programa dostaviti esej pisan prema uputama organizatora, a najbolji radovi \u0107e biti nagra\u0111eni.<br><br><\/p>\n\n\n\n<p>Tro\u0161kove sudjelovanja i kotizaciju svim izabranim sudionicima pokriva Savez.<br><br><\/p>\n\n\n\n<p>Za sve ostale informacije obratite nam se na kalisara@kalisara.hr ili na 01\/888-7673.<br><br><\/p>\n\n\n\n<p>Radujemo se susretu!<\/p>\n\n\n\n<hr class=\"wp-block-separator\"\/>\n\n\n\n<p>Izvor:<\/p>\n\n\n\n<p><a href=\"https:\/\/www.facebook.com\/events\/547451780429620\/\">https:\/\/www.facebook.com\/events\/547451780429620\/<\/a><\/p>\n\n\n\n<p><a href=\"https:\/\/www.facebook.com\/RMCUJ\">https:\/\/www.facebook.com\/RMCUJ<\/a><\/p>\n\n\n\n<hr class=\"wp-block-separator\"\/>\n","protected":false},"excerpt":{"rendered":"","protected":false},"author":2,"featured_media":31521,"comment_status":"open","ping_status":"open","sticky":false,"template":"","format":"standard","meta":{"_acf_changed":false,"jetpack_post_was_ever_published":false,"_jetpack_newsletter_access":"","_jetpack_dont_email_post_to_subs":false,"_jetpack_newsletter_tier_id":0,"_jetpack_memberships_contains_paywalled_content":false,"_jetpack_memberships_contains_paid_content":false,"footnotes":"","jetpack_publicize_message":"","jetpack_publicize_feature_enabled":true,"jetpack_social_post_already_shared":true,"jetpack_social_options":{"image_generator_settings":{"template":"highway","default_image_id":0,"font":"","enabled":false},"version":2}},"categories":[3,9],"tags":[],"class_list":["post-31520","post","type-post","status-publish","format-standard","has-post-thumbnail","hentry","category-novosti","category-skupovi"],"acf":{"facebook_opis":""},"jetpack_publicize_connections":[],"jetpack_featured_media_url":"https:\/\/i0.wp.com\/historiografija.hr\/wp-content\/uploads\/2022\/05\/Savez-Roma.jpg?fit=960%2C540&ssl=1","jetpack_sharing_enabled":true,"jetpack-related-posts":[],"_links":{"self":[{"href":"https:\/\/historiografija.hr\/index.php?rest_route=\/wp\/v2\/posts\/31520","targetHints":{"allow":["GET"]}}],"collection":[{"href":"https:\/\/historiografija.hr\/index.php?rest_route=\/wp\/v2\/posts"}],"about":[{"href":"https:\/\/historiografija.hr\/index.php?rest_route=\/wp\/v2\/types\/post"}],"author":[{"embeddable":true,"href":"https:\/\/historiografija.hr\/index.php?rest_route=\/wp\/v2\/users\/2"}],"replies":[{"embeddable":true,"href":"https:\/\/historiografija.hr\/index.php?rest_route=%2Fwp%2Fv2%2Fcomments&post=31520"}],"version-history":[{"count":1,"href":"https:\/\/historiografija.hr\/index.php?rest_route=\/wp\/v2\/posts\/31520\/revisions"}],"predecessor-version":[{"id":31522,"href":"https:\/\/historiografija.hr\/index.php?rest_route=\/wp\/v2\/posts\/31520\/revisions\/31522"}],"wp:featuredmedia":[{"embeddable":true,"href":"https:\/\/historiografija.hr\/index.php?rest_route=\/wp\/v2\/media\/31521"}],"wp:attachment":[{"href":"https:\/\/historiografija.hr\/index.php?rest_route=%2Fwp%2Fv2%2Fmedia&parent=31520"}],"wp:term":[{"taxonomy":"category","embeddable":true,"href":"https:\/\/historiografija.hr\/index.php?rest_route=%2Fwp%2Fv2%2Fcategories&post=31520"},{"taxonomy":"post_tag","embeddable":true,"href":"https:\/\/historiografija.hr\/index.php?rest_route=%2Fwp%2Fv2%2Ftags&post=31520"}],"curies":[{"name":"wp","href":"https:\/\/api.w.org\/{rel}","templated":true}]}}