{"id":31517,"date":"2022-05-28T14:04:58","date_gmt":"2022-05-28T14:04:58","guid":{"rendered":"http:\/\/historiografija.hr\/?p=31517"},"modified":"2022-05-28T14:04:58","modified_gmt":"2022-05-28T14:04:58","slug":"tomislav-kardum-komunisti-u-banovini-hrvatskoj-1939-1941-izmedu-revolucije-i-obrane-drzave","status":"publish","type":"post","link":"https:\/\/historiografija.hr\/?p=31517","title":{"rendered":"Tomislav Kardum, \u201cKomunisti u Banovini Hrvatskoj (1939. &#8211; 1941.) \u2013 Izme\u0111u revolucije i obrane dr\u017eave\u201d"},"content":{"rendered":"\n<p>U knjizi je obra\u0111ena djelatnost Komunisti\u010dke partije Hrvatske (KPH) u Banovini Hrvatskoj te je pokazano da je utjecaj KPH u Banovini Hrvatskoj bio uvelike ograni\u010den i zna\u010dajan samo na odre\u0111enim, manjim, teritorijalnim podru\u010djima (Zagreb, Split i okolica, dalmatinski otoci i dio Dalmatinske zagore) i sektorima dru\u0161tva (radni\u0161tvo, intelektualci i studenti). Pokazano je tako\u0111er da je Kominterna imala klju\u010dnu ulogu u osnivanju KPH, u sklopu politike narodne fronte. Paktom Ribbentrop-Molotov, koji gotovo koincidira s osnutkom Banovine Hrvatske, propala je Kominternina politika narodne fronte koju su osobito provodili hrvatski komunisti, odnosno KPH, pa je Tito izbijanjem, kako je Kominterna ocijenila, \u201edrugog imperijalisti\u010dkog rata\u201c morao smijeniti rukovodstvo KPH i nametnuti ispravnu partijsku liniju. KPH je u svojim tiskovinama, za vrijeme Banovine Hrvatske, promatrala Drugi svjetski rat kao \u201edrugi imperijalisti\u010dki rat\u201c, pri \u010demu je nakon pada Francuske, koji je poremetio sovjetske vanjskopoliti\u010dke planove, naglasak stavljen na prijetnju osovinskih sila, dok je do tada u prvom planu bio anglo-francuski imperijalisti\u010dki tabor. Sukladno navedenom je, u cijelom razdoblju, KPH koristio revolucionarni diskurs i te\u017eio ru\u0161enju postoje\u0107eg poretka, odnosno uspostavi komunizma, bez suradnje s drugim \u201eantifa\u0161isti\u010dkim opcijama\u201c.<\/p>\n\n\n\n<hr class=\"wp-block-separator\"\/>\n\n\n\n<p>Izvor:<\/p>\n\n\n\n<figure class=\"wp-block-embed-wordpress wp-block-embed is-type-wp-embed is-provider-despot-infinitus-web-knjizara\"><div class=\"wp-block-embed__wrapper\">\n<blockquote class=\"wp-embedded-content\" data-secret=\"59lC6huExP\"><a href=\"https:\/\/despot-infinitus.com\/proizvod\/komunisti-u-banovini-hrvatskoj-1939-1941-izmedu-revolucije-i-obrane-drzave\/\">KOMUNISTI U BANOVINI HRVATSKOJ (1939. &#8211; 1941.) &#8211; Izme\u0111u revolucije i obrane dr\u017eave<\/a><\/blockquote><iframe loading=\"lazy\" class=\"wp-embedded-content\" sandbox=\"allow-scripts\" security=\"restricted\" style=\"position: absolute; clip: rect(1px, 1px, 1px, 1px);\" title=\"&#8220;KOMUNISTI U BANOVINI HRVATSKOJ (1939. &#8211; 1941.) &#8211; Izme\u0111u revolucije i obrane dr\u017eave&#8221; &#8212; Despot Infinitus - Web Knji\u017eara\" src=\"https:\/\/despot-infinitus.com\/proizvod\/komunisti-u-banovini-hrvatskoj-1939-1941-izmedu-revolucije-i-obrane-drzave\/embed\/#?secret=YBSkgmGday#?secret=59lC6huExP\" data-secret=\"59lC6huExP\" width=\"600\" height=\"338\" frameborder=\"0\" marginwidth=\"0\" marginheight=\"0\" scrolling=\"no\"><\/iframe>\n<\/div><\/figure>\n\n\n\n<hr class=\"wp-block-separator\"\/>\n","protected":false},"excerpt":{"rendered":"","protected":false},"author":2,"featured_media":31518,"comment_status":"open","ping_status":"open","sticky":false,"template":"","format":"standard","meta":{"_acf_changed":false,"jetpack_post_was_ever_published":false,"_jetpack_newsletter_access":"","_jetpack_dont_email_post_to_subs":false,"_jetpack_newsletter_tier_id":0,"_jetpack_memberships_contains_paywalled_content":false,"_jetpack_memberships_contains_paid_content":false,"footnotes":"","jetpack_publicize_message":"","jetpack_publicize_feature_enabled":true,"jetpack_social_post_already_shared":true,"jetpack_social_options":{"image_generator_settings":{"template":"highway","default_image_id":0,"font":"","enabled":false},"version":2}},"categories":[8,3],"tags":[],"class_list":["post-31517","post","type-post","status-publish","format-standard","has-post-thumbnail","hentry","category-knjige","category-novosti"],"acf":{"facebook_opis":""},"jetpack_publicize_connections":[],"jetpack_featured_media_url":"https:\/\/i0.wp.com\/historiografija.hr\/wp-content\/uploads\/2022\/05\/komunisti.png?fit=768%2C768&ssl=1","jetpack_sharing_enabled":true,"jetpack-related-posts":[],"_links":{"self":[{"href":"https:\/\/historiografija.hr\/index.php?rest_route=\/wp\/v2\/posts\/31517","targetHints":{"allow":["GET"]}}],"collection":[{"href":"https:\/\/historiografija.hr\/index.php?rest_route=\/wp\/v2\/posts"}],"about":[{"href":"https:\/\/historiografija.hr\/index.php?rest_route=\/wp\/v2\/types\/post"}],"author":[{"embeddable":true,"href":"https:\/\/historiografija.hr\/index.php?rest_route=\/wp\/v2\/users\/2"}],"replies":[{"embeddable":true,"href":"https:\/\/historiografija.hr\/index.php?rest_route=%2Fwp%2Fv2%2Fcomments&post=31517"}],"version-history":[{"count":1,"href":"https:\/\/historiografija.hr\/index.php?rest_route=\/wp\/v2\/posts\/31517\/revisions"}],"predecessor-version":[{"id":31519,"href":"https:\/\/historiografija.hr\/index.php?rest_route=\/wp\/v2\/posts\/31517\/revisions\/31519"}],"wp:featuredmedia":[{"embeddable":true,"href":"https:\/\/historiografija.hr\/index.php?rest_route=\/wp\/v2\/media\/31518"}],"wp:attachment":[{"href":"https:\/\/historiografija.hr\/index.php?rest_route=%2Fwp%2Fv2%2Fmedia&parent=31517"}],"wp:term":[{"taxonomy":"category","embeddable":true,"href":"https:\/\/historiografija.hr\/index.php?rest_route=%2Fwp%2Fv2%2Fcategories&post=31517"},{"taxonomy":"post_tag","embeddable":true,"href":"https:\/\/historiografija.hr\/index.php?rest_route=%2Fwp%2Fv2%2Ftags&post=31517"}],"curies":[{"name":"wp","href":"https:\/\/api.w.org\/{rel}","templated":true}]}}