{"id":31511,"date":"2022-05-25T20:02:54","date_gmt":"2022-05-25T20:02:54","guid":{"rendered":"http:\/\/historiografija.hr\/?p=31511"},"modified":"2022-05-25T20:02:54","modified_gmt":"2022-05-25T20:02:54","slug":"zagrebacki-plenum-quo-vadis-balkan-revizija-istorije-u-dnevnopoliticke-svrhe","status":"publish","type":"post","link":"https:\/\/historiografija.hr\/?p=31511","title":{"rendered":"Zagreba\u010dki plenum \u2013 Quo Vadis Balkan? \u201cRevizija istorije u dnevnopoliti\u010dke svrhe\u201c"},"content":{"rendered":"\n<p>Regionalna akademija za razvoj demokratije (ADD) sa sjedi\u0161tem u Novom Sadu i Documenta &#8211; Centar za suo\u010davanje s pro\u0161lo\u0161\u0107u iz Zagreba, uz podr\u0161ku European Fund for the Balkans (EFB) i u suradnji s Centrom za gra\u0111ansko obrazovanje (CGO) iz Podgorice, organiziraju ZAGREBA\u010cKI PLENUM \u2013 QUO VADIS, BALKANS? 27. i 28. svibnja 2022. godine (petak i subota) u Zagrebu, u hotelu Sheraton (Ulica kneza Borne 2).<\/p>\n\n\n\n<hr class=\"wp-block-separator\"\/>\n\n\n\n<p>Nastavak je ovo Podgori\u010dkog plenuma organiziranog u velja\u010di 2022.<\/p>\n\n\n\n<p>Zagreba\u010dki plenum se sastoji od \u0161est panela, me\u0111u kojima je III panel naslovljen \u201cRevizija istorije u dnevnopoliti\u010dke svrhe\u201c (petak, 27. svibnja). U ovom panelu sudjeluju:<\/p>\n\n\n\n<p>Ivo Goldstein, istori\u010dar, Hrvatska<\/p>\n\n\n\n<p>Milivoj Be\u0161lin, istori\u010dar, Srbija<\/p>\n\n\n\n<p>Husnija Kamberovi\u0107, istori\u010dar, Bosna i Hercegovina<\/p>\n\n\n\n<p>Boban Batri\u0107evi\u0107, istori\u010dar, Crna Gora<\/p>\n\n\n\n<p>Dubravka Stojanovi\u0107, istori\u010darka, Srbija<\/p>\n\n\n\n<p>Dragan Markovina, istori\u010dar, Bosna i Hercegovina &#8211; Hrvatska, moderator<\/p>\n\n\n\n<hr class=\"wp-block-separator\"\/>\n\n\n\n<p>Izvori i dodatne informacije:<\/p>\n\n\n\n<p><a href=\"https:\/\/www.facebook.com\/AcademyforDemocraticDevelopment\">https:\/\/www.facebook.com\/AcademyforDemocraticDevelopment<\/a><\/p>\n\n\n\n<p><a href=\"https:\/\/www.facebook.com\/cgo.cce\/\">https:\/\/www.facebook.com\/cgo.cce\/<\/a><\/p>\n\n\n\n<p><a href=\"https:\/\/historiografija.ba\/article.php?id=1284\">https:\/\/historiografija.ba\/article.php?id=1284<\/a><\/p>\n\n\n\n<hr class=\"wp-block-separator\"\/>\n","protected":false},"excerpt":{"rendered":"","protected":false},"author":2,"featured_media":31512,"comment_status":"open","ping_status":"open","sticky":false,"template":"","format":"standard","meta":{"_acf_changed":false,"_jetpack_newsletter_access":"","_jetpack_dont_email_post_to_subs":false,"_jetpack_newsletter_tier_id":0,"_jetpack_memberships_contains_paywalled_content":false,"_jetpack_memberships_contains_paid_content":false,"footnotes":"","jetpack_publicize_message":"","jetpack_publicize_feature_enabled":true,"jetpack_social_post_already_shared":true,"jetpack_social_options":{"image_generator_settings":{"template":"highway","default_image_id":0,"font":"","enabled":false},"version":2},"jetpack_post_was_ever_published":false},"categories":[3],"tags":[],"class_list":["post-31511","post","type-post","status-publish","format-standard","has-post-thumbnail","hentry","category-novosti"],"acf":{"facebook_opis":""},"jetpack_publicize_connections":[],"jetpack_featured_media_url":"https:\/\/i0.wp.com\/historiografija.hr\/wp-content\/uploads\/2022\/05\/Zagrebacki-plenum_panel-revizionizam.jpg?fit=555%2C312&ssl=1","jetpack_sharing_enabled":true,"jetpack-related-posts":[{"id":42895,"url":"https:\/\/historiografija.hr\/?p=42895","url_meta":{"origin":31511,"position":0},"title":"Dragan Popovi\u0107, \u201eRat se\u0107anja u Srbiji 1980-1990.\u201c","author":"Branimir Jankovi\u0107","date":"23. listopada 2024.","format":false,"excerpt":"U izdanju Biblioteke XX vek upravo je objavljena knjiga Dragana Popovi\u0107a \u201eRat se\u0107anja u Srbiji 1980-1990.\u201c Dragan Popovi\u0107 (Kraljevo, 1980) je istori\u010dar i dugogodi\u0161nji aktivista za za\u0161titu ljudskih prava iz Beograda. Osnovne i master studije zavr\u0161io je na Pravnom fakultetu u Beogradu, a doktorsku disertaciju pod naslovom \u201ePromene u politici\u2026","rel":"","context":"U &quot;Knjige&quot;","block_context":{"text":"Knjige","link":"https:\/\/historiografija.hr\/?cat=8"},"img":{"alt_text":"","src":"https:\/\/i0.wp.com\/historiografija.hr\/wp-content\/uploads\/2024\/10\/Rat_secanja.jpg?fit=450%2C652&ssl=1&resize=350%2C200","width":350,"height":200},"classes":[]},{"id":54052,"url":"https:\/\/historiografija.hr\/?p=54052","url_meta":{"origin":31511,"position":1},"title":"Tribina: Mark Blok, istori\u010dar u Panteonu","author":"Branimir Jankovi\u0107","date":"12. lipnja 2026.","format":false,"excerpt":"16 Jun 2026 - 18h \/ Francuski institut u Srbiji, Beograd Povodom sve\u010danog polaganja posmrtnih ostataka Marka Bloka u kriptu Panteona, francuskog nacionalnog mauzoleja u kojem po\u010divaju najistaknutije li\u010dnosti francuske istorije, Francuski institut u Srbiji, u saradnji sa uglednim francuskim \u010dasopisom L\u2019Histoire, organizuje tribinu posve\u0107enu \u017eivotu, delu i nasle\u0111u jedne\u2026","rel":"","context":"U &quot;Novosti&quot;","block_context":{"text":"Novosti","link":"https:\/\/historiografija.hr\/?cat=3"},"img":{"alt_text":"","src":"https:\/\/i0.wp.com\/historiografija.hr\/wp-content\/uploads\/2026\/06\/Bloch-site.jpg?fit=720%2C400&ssl=1&resize=350%2C200","width":350,"height":200,"srcset":"https:\/\/i0.wp.com\/historiografija.hr\/wp-content\/uploads\/2026\/06\/Bloch-site.jpg?fit=720%2C400&ssl=1&resize=350%2C200 1x, https:\/\/i0.wp.com\/historiografija.hr\/wp-content\/uploads\/2026\/06\/Bloch-site.jpg?fit=720%2C400&ssl=1&resize=525%2C300 1.5x, https:\/\/i0.wp.com\/historiografija.hr\/wp-content\/uploads\/2026\/06\/Bloch-site.jpg?fit=720%2C400&ssl=1&resize=700%2C400 2x"},"classes":[]},{"id":26186,"url":"https:\/\/historiografija.hr\/?p=26186","url_meta":{"origin":31511,"position":2},"title":"Kliofest 2021: Konferencija \u201cPROTIV historijskog revizionizma, ZA reviziju povijesnih spoznaja\u201d","author":"Branimir Jankovi\u0107","date":"10. svibnja 2021.","format":false,"excerpt":"PROTIV historijskog revizionizma, ZA reviziju povijesnih spoznaja naslov je konferencije planirane ove godine u okviru festivala Kliofest (odr\u017eat \u0107e se 12. svibnja izme\u0111u 11 i 14 sati), u sklopu projekta Histoire pour la libert\u00e9, koji financira Europska komisija iz programa \u201eEuropa za gra\u0111ane\u201c. Njezina je temeljna ideja upravo poticanje rasprave\u2026","rel":"","context":"U &quot;Novosti&quot;","block_context":{"text":"Novosti","link":"https:\/\/historiografija.hr\/?cat=3"},"img":{"alt_text":"","src":"https:\/\/i0.wp.com\/historiografija.hr\/wp-content\/uploads\/2021\/05\/ZG-histoire.jpg?fit=1024%2C1024&ssl=1&resize=350%2C200","width":350,"height":200,"srcset":"https:\/\/i0.wp.com\/historiografija.hr\/wp-content\/uploads\/2021\/05\/ZG-histoire.jpg?fit=1024%2C1024&ssl=1&resize=350%2C200 1x, https:\/\/i0.wp.com\/historiografija.hr\/wp-content\/uploads\/2021\/05\/ZG-histoire.jpg?fit=1024%2C1024&ssl=1&resize=525%2C300 1.5x, https:\/\/i0.wp.com\/historiografija.hr\/wp-content\/uploads\/2021\/05\/ZG-histoire.jpg?fit=1024%2C1024&ssl=1&resize=700%2C400 2x"},"classes":[]},{"id":54967,"url":"https:\/\/historiografija.hr\/?p=54967","url_meta":{"origin":31511,"position":3},"title":"Milan Ristovi\u0107, \u201eUti\u0161ani glasovi. Iz istorije obi\u010dnih ljudi\u201c","author":"Branimir Jankovi\u0107","date":"14. kolovoza 2026.","format":false,"excerpt":"Devedesetih godina pro\u0161log veka pojavili su se mla\u0111i i hrabriji istori\u010dari pi\u0161u\u0107i eseje o malim sudbinama pojedinaca u vihorima tih ogromnih prevrata sveta. \u017deleli su da makar naknadno ostave trag dostojanstvu nepravedno nazvanom Mali \u010dovek. Pokazali su da istorijska faktografija nudi beskona\u010dno mnogo izuzetnih pri\u010da koje ravnopravno i jednako zanimljivim\u2026","rel":"","context":"U &quot;Knjige&quot;","block_context":{"text":"Knjige","link":"https:\/\/historiografija.hr\/?cat=8"},"img":{"alt_text":"","src":"https:\/\/i0.wp.com\/historiografija.hr\/wp-content\/uploads\/2026\/08\/Utisani-glasovi.jpg?fit=373%2C551&ssl=1&resize=350%2C200","width":350,"height":200},"classes":[]},{"id":53651,"url":"https:\/\/historiografija.hr\/?p=53651","url_meta":{"origin":31511,"position":4},"title":"Tribina &#8220;Tko bolje govori o pro\u0161losti: pisani izvori ili arheolo\u0161ki nalazi?&#8221;","author":"Branimir Jankovi\u0107","date":"22. svibnja 2026.","format":false,"excerpt":"U petak 22. svibnja 2026. s po\u010detkom u 18 sati, u velikoj dvorani zgrade \u00a0Doma Hrvatske mlade\u017ei (R. Bo\u0161kovi\u0107a 5, 23000 Zadar) odr\u017eati \u0107e se zadnja u okviru ovogodi\u0161njih tribina u organizaciji udruge studenata povijesti ISHA Zadar. Tribina je vezana uz \u010desto postavljeno pitanje \u201eTko bolje govori o pro\u0161losti?\u201c Svoja\u2026","rel":"","context":"U &quot;Novosti&quot;","block_context":{"text":"Novosti","link":"https:\/\/historiografija.hr\/?cat=3"},"img":{"alt_text":"","src":"https:\/\/i0.wp.com\/historiografija.hr\/wp-content\/uploads\/2026\/05\/PHOTO-2026-Tribina-2.jpg?fit=1131%2C656&ssl=1&resize=350%2C200","width":350,"height":200,"srcset":"https:\/\/i0.wp.com\/historiografija.hr\/wp-content\/uploads\/2026\/05\/PHOTO-2026-Tribina-2.jpg?fit=1131%2C656&ssl=1&resize=350%2C200 1x, https:\/\/i0.wp.com\/historiografija.hr\/wp-content\/uploads\/2026\/05\/PHOTO-2026-Tribina-2.jpg?fit=1131%2C656&ssl=1&resize=525%2C300 1.5x, https:\/\/i0.wp.com\/historiografija.hr\/wp-content\/uploads\/2026\/05\/PHOTO-2026-Tribina-2.jpg?fit=1131%2C656&ssl=1&resize=700%2C400 2x, https:\/\/i0.wp.com\/historiografija.hr\/wp-content\/uploads\/2026\/05\/PHOTO-2026-Tribina-2.jpg?fit=1131%2C656&ssl=1&resize=1050%2C600 3x"},"classes":[]},{"id":54595,"url":"https:\/\/historiografija.hr\/?p=54595","url_meta":{"origin":31511,"position":5},"title":"Alessandro Vanoli, \u201eIstorija mora\u201c","author":"Branimir Jankovi\u0107","date":"14. srpnja 2026.","format":false,"excerpt":"U izdanju Akademske knjige iz Novog Sada objavljen je 2025. godine prijevod knjige Alesandra Vanolija Istorija mora, koju je na srpski jezik prevela Julijana Vu\u010do. O knjizi: Pred nama je istorija mora. Knjiga pripoveda o geologiji, ljudima sa obala, otkri\u0107ima, brodovima, ratovima, mitovima i snovima. Ali pre svega govori o\u2026","rel":"","context":"U &quot;Knjige&quot;","block_context":{"text":"Knjige","link":"https:\/\/historiografija.hr\/?cat=8"},"img":{"alt_text":"","src":"https:\/\/i0.wp.com\/historiografija.hr\/wp-content\/uploads\/2026\/07\/Istorija-mora.png?fit=600%2C394&ssl=1&resize=350%2C200","width":350,"height":200,"srcset":"https:\/\/i0.wp.com\/historiografija.hr\/wp-content\/uploads\/2026\/07\/Istorija-mora.png?fit=600%2C394&ssl=1&resize=350%2C200 1x, https:\/\/i0.wp.com\/historiografija.hr\/wp-content\/uploads\/2026\/07\/Istorija-mora.png?fit=600%2C394&ssl=1&resize=525%2C300 1.5x"},"classes":[]}],"_links":{"self":[{"href":"https:\/\/historiografija.hr\/index.php?rest_route=\/wp\/v2\/posts\/31511","targetHints":{"allow":["GET"]}}],"collection":[{"href":"https:\/\/historiografija.hr\/index.php?rest_route=\/wp\/v2\/posts"}],"about":[{"href":"https:\/\/historiografija.hr\/index.php?rest_route=\/wp\/v2\/types\/post"}],"author":[{"embeddable":true,"href":"https:\/\/historiografija.hr\/index.php?rest_route=\/wp\/v2\/users\/2"}],"replies":[{"embeddable":true,"href":"https:\/\/historiografija.hr\/index.php?rest_route=%2Fwp%2Fv2%2Fcomments&post=31511"}],"version-history":[{"count":1,"href":"https:\/\/historiografija.hr\/index.php?rest_route=\/wp\/v2\/posts\/31511\/revisions"}],"predecessor-version":[{"id":31513,"href":"https:\/\/historiografija.hr\/index.php?rest_route=\/wp\/v2\/posts\/31511\/revisions\/31513"}],"wp:featuredmedia":[{"embeddable":true,"href":"https:\/\/historiografija.hr\/index.php?rest_route=\/wp\/v2\/media\/31512"}],"wp:attachment":[{"href":"https:\/\/historiografija.hr\/index.php?rest_route=%2Fwp%2Fv2%2Fmedia&parent=31511"}],"wp:term":[{"taxonomy":"category","embeddable":true,"href":"https:\/\/historiografija.hr\/index.php?rest_route=%2Fwp%2Fv2%2Fcategories&post=31511"},{"taxonomy":"post_tag","embeddable":true,"href":"https:\/\/historiografija.hr\/index.php?rest_route=%2Fwp%2Fv2%2Ftags&post=31511"}],"curies":[{"name":"wp","href":"https:\/\/api.w.org\/{rel}","templated":true}]}}