{"id":31507,"date":"2022-05-25T19:31:26","date_gmt":"2022-05-25T19:31:26","guid":{"rendered":"http:\/\/historiografija.hr\/?p=31507"},"modified":"2022-05-25T19:31:26","modified_gmt":"2022-05-25T19:31:26","slug":"emisija-povijesne-kontroverze-100-obljetnica-rodenja-franje-tudmana","status":"publish","type":"post","link":"https:\/\/historiografija.hr\/?p=31507","title":{"rendered":"Emisija \u201cPovijesne kontroverze\u201d: 100. obljetnica ro\u0111enja Franje Tu\u0111mana"},"content":{"rendered":"\n<p>U \u201cPovijesnim kontroverzama\u201d u \u010detvrtak, 26. svibnja 2022. u 14.30 sati na Tre\u0107em programu Hrvatskog radija tema je 100. obljetnica ro\u0111enja Franje Tu\u0111mana.<\/p>\n\n\n\n<hr class=\"wp-block-separator\"\/>\n\n\n\n<p>HRT &#8211; HR3&nbsp;26.05.2022.&nbsp;14:30 &#8211; 15:15<\/p>\n\n\n\n<p><strong>Povijesne kontroverze<\/strong><\/p>\n\n\n\n<p>Dana 14. svibnja 2022. godine navr\u0161ilo se stotinu godina od ro\u0111enja prvog hrvatskog predsjednika, dr. Franje Tu\u0111mana. Tko je bio Franjo Tu\u0111man, kako je izgledao njegov \u017eivotni put i kakvo je njegovo naslije\u0111e, samo su neka od pitanja na koja su se odgovorili tra\u017eili na znanstvenom skupu &#8220;Dr. Franjo Tu\u0111man &#8211; \u017eivot i naslije\u0111e&#8221; koji je organiziran u Matici hrvatskoj 5. i 6. svibnja 2022. u povodu 100. obljetnice Tu\u0111manova ro\u0111enja.<\/p>\n\n\n\n<p><a href=\"http:\/\/raspored.hrt.hr\/\">http:\/\/raspored.hrt.hr\/<\/a><\/p>\n\n\n\n<p><a href=\"https:\/\/radio.hrt.hr\/slusaonica\/povijesne-kontroverze\">https:\/\/radio.hrt.hr\/slusaonica\/povijesne-kontroverze<\/a><\/p>\n\n\n\n<hr class=\"wp-block-separator\"\/>\n","protected":false},"excerpt":{"rendered":"","protected":false},"author":2,"featured_media":28920,"comment_status":"open","ping_status":"open","sticky":false,"template":"","format":"standard","meta":{"_acf_changed":false,"_jetpack_newsletter_access":"","_jetpack_dont_email_post_to_subs":false,"_jetpack_newsletter_tier_id":0,"_jetpack_memberships_contains_paywalled_content":false,"_jetpack_memberships_contains_paid_content":false,"footnotes":"","jetpack_publicize_message":"","jetpack_publicize_feature_enabled":true,"jetpack_social_post_already_shared":true,"jetpack_social_options":{"image_generator_settings":{"template":"highway","default_image_id":0,"font":"","enabled":false},"version":2},"jetpack_post_was_ever_published":false},"categories":[3],"tags":[],"class_list":["post-31507","post","type-post","status-publish","format-standard","has-post-thumbnail","hentry","category-novosti"],"acf":{"facebook_opis":""},"jetpack_publicize_connections":[],"jetpack_featured_media_url":"https:\/\/i0.wp.com\/historiografija.hr\/wp-content\/uploads\/2021\/12\/povijesne-kontroverze.jpg?fit=1920%2C1080&ssl=1","jetpack_sharing_enabled":true,"jetpack-related-posts":[{"id":52499,"url":"https:\/\/historiografija.hr\/?p=52499","url_meta":{"origin":31507,"position":0},"title":"POTPISAN UGOVOR O ZNANSTVENO-ISTRA\u017dIVA\u010cKOJ SURADNJI: PROJEKT \u201eTEMELJI HRVATSKE SAMOSTALNOSTI\u201d","author":"Branimir Jankovi\u0107","date":"17. travnja 2026.","format":false,"excerpt":"Hrvatski institut za povijest, Sveu\u010dili\u0161te obrane i sigurnosti \u201eDr. Franjo Tu\u0111man\u201d, Institut dru\u0161tvenih znanosti Ivo Pilar i Hrvatski dr\u017eavni arhiv\u00a0potpisali su 23. o\u017eujka 2026.\u00a0Ugovor o znanstveno-istra\u017eiva\u010dkoj suradnji s ciljem provedbe projekta \u201eTemelji hrvatske samostalnosti\u201d. Tim projektom obuhva\u0107a se istra\u017eivanje arhivskoga gradiva, priprema znanstvenih publikacija, digitalizacija i javna prezentacija rezultata istra\u017eivanja\u2026","rel":"","context":"U &quot;Novosti&quot;","block_context":{"text":"Novosti","link":"https:\/\/historiografija.hr\/?cat=3"},"img":{"alt_text":"","src":"https:\/\/i0.wp.com\/historiografija.hr\/wp-content\/uploads\/2026\/04\/THS_sporazum.jpg?fit=1200%2C583&ssl=1&resize=350%2C200","width":350,"height":200,"srcset":"https:\/\/i0.wp.com\/historiografija.hr\/wp-content\/uploads\/2026\/04\/THS_sporazum.jpg?fit=1200%2C583&ssl=1&resize=350%2C200 1x, https:\/\/i0.wp.com\/historiografija.hr\/wp-content\/uploads\/2026\/04\/THS_sporazum.jpg?fit=1200%2C583&ssl=1&resize=525%2C300 1.5x, https:\/\/i0.wp.com\/historiografija.hr\/wp-content\/uploads\/2026\/04\/THS_sporazum.jpg?fit=1200%2C583&ssl=1&resize=700%2C400 2x, https:\/\/i0.wp.com\/historiografija.hr\/wp-content\/uploads\/2026\/04\/THS_sporazum.jpg?fit=1200%2C583&ssl=1&resize=1050%2C600 3x"},"classes":[]},{"id":53836,"url":"https:\/\/historiografija.hr\/?p=53836","url_meta":{"origin":31507,"position":1},"title":"Stanka Mujo i Filip Triska, &#8220;Trideset pet godina hrvatske dr\u017eavnosti: od 30. svibnja do 25. lipnja i natrag. Proslave Dana dr\u017eavnosti u Republici Hrvatskoj od 1990. do 2025. godine&#8221;","author":"Branimir Jankovi\u0107","date":"29. svibnja 2026.","format":false,"excerpt":"Trideset pet godina hrvatske dr\u017eavnosti: od 30. svibnja do 25. lipnja i natrag. Proslave Dana dr\u017eavnosti u Republici Hrvatskoj od 1990. do 2025. godine Uvod Dugo se vjerovalo da su rituali stvar jednostavnih dru\u0161tava, no oni postoje i u modernima te bitno utje\u010du na oblikovanje identiteta.[1] Iako su \u010desto uronjeni\u2026","rel":"","context":"U &quot;Prikazi i osvrti&quot;","block_context":{"text":"Prikazi i osvrti","link":"https:\/\/historiografija.hr\/?cat=4"},"img":{"alt_text":"","src":"","width":0,"height":0},"classes":[]},{"id":53890,"url":"https:\/\/historiografija.hr\/?p=53890","url_meta":{"origin":31507,"position":2},"title":"Izlo\u017eba &#8220;Srednjovjekovna stolje\u0107a Zrina&#8221;","author":"Branimir Jankovi\u0107","date":"1. lipnja 2026.","format":false,"excerpt":"Na Dan dr\u017eavnosti (30. svibnja 2026. godine) u Zrinu je odr\u017eana manifestacija Dani Zrinskih u organizaciji LAGUNA. Cilj joj je bio o\u017eivjeti taj kraj te\u0161ko stradao tijekom Drugoga svjetskoga rata i Domovinskog rata, temelje\u0107i turisti\u010dku ponudu na izrazito bogatoj kulturnoj ba\u0161tini. Manifestacija je zapo\u010dela euharistijskim slavljem pored ru\u0161evina srednjovjekovne goti\u010dke\u2026","rel":"","context":"U &quot;Izlo\u017ebe&quot;","block_context":{"text":"Izlo\u017ebe","link":"https:\/\/historiografija.hr\/?cat=10"},"img":{"alt_text":"","src":"https:\/\/i0.wp.com\/historiografija.hr\/wp-content\/uploads\/2026\/06\/Zrin.jpg?fit=1024%2C500&ssl=1&resize=350%2C200","width":350,"height":200,"srcset":"https:\/\/i0.wp.com\/historiografija.hr\/wp-content\/uploads\/2026\/06\/Zrin.jpg?fit=1024%2C500&ssl=1&resize=350%2C200 1x, https:\/\/i0.wp.com\/historiografija.hr\/wp-content\/uploads\/2026\/06\/Zrin.jpg?fit=1024%2C500&ssl=1&resize=525%2C300 1.5x, https:\/\/i0.wp.com\/historiografija.hr\/wp-content\/uploads\/2026\/06\/Zrin.jpg?fit=1024%2C500&ssl=1&resize=700%2C400 2x"},"classes":[]},{"id":53573,"url":"https:\/\/historiografija.hr\/?p=53573","url_meta":{"origin":31507,"position":3},"title":"Izlo\u017eba \u201eKlovi\u0107: Hrvatski renesansni san u Egiptu\u201c u Aleksandrijskoj knji\u017enici","author":"Branimir Jankovi\u0107","date":"21. svibnja 2026.","format":false,"excerpt":"U\u00a0Aleksandrijskoj knji\u017enici u Egiptu 4. svibnja 2026.\u00a0sve\u010dano je otvorena\u00a0izlo\u017eba \u201eKlovi\u0107: Hrvatski renesansni san u Egiptu\u201c (\u201eKlovi\u0107: Croatian Renaissance Dream in Egypt\u201d ). Izlo\u017ebu je organiziralo Veleposlanstvo Republike Hrvatske u Egiptu, autor izlo\u017ebe je diplomatski savjetnik dr. Daniel Rafaeli\u0107, a izlo\u017eba je realizirana uz pomo\u0107 Hrvatske akademije znanosti i umjetnosti u\u2026","rel":"","context":"U &quot;Izlo\u017ebe&quot;","block_context":{"text":"Izlo\u017ebe","link":"https:\/\/historiografija.hr\/?cat=10"},"img":{"alt_text":"","src":"https:\/\/i0.wp.com\/historiografija.hr\/wp-content\/uploads\/2026\/05\/aleksandrijska-knjiznica-klovic-1.jpg?fit=1024%2C632&ssl=1&resize=350%2C200","width":350,"height":200,"srcset":"https:\/\/i0.wp.com\/historiografija.hr\/wp-content\/uploads\/2026\/05\/aleksandrijska-knjiznica-klovic-1.jpg?fit=1024%2C632&ssl=1&resize=350%2C200 1x, https:\/\/i0.wp.com\/historiografija.hr\/wp-content\/uploads\/2026\/05\/aleksandrijska-knjiznica-klovic-1.jpg?fit=1024%2C632&ssl=1&resize=525%2C300 1.5x, https:\/\/i0.wp.com\/historiografija.hr\/wp-content\/uploads\/2026\/05\/aleksandrijska-knjiznica-klovic-1.jpg?fit=1024%2C632&ssl=1&resize=700%2C400 2x"},"classes":[]},{"id":53463,"url":"https:\/\/historiografija.hr\/?p=53463","url_meta":{"origin":31507,"position":4},"title":"Predstavljen je prvi svezak zbornika \u201cNovi prilozi za povijest hrvatske socijaldemokracije\u201d","author":"Branimir Jankovi\u0107","date":"19. svibnja 2026.","format":false,"excerpt":"U srijedu 6. svibnja 2026. u Knji\u017enici i \u010ditaonici Bogdana Ogrizovi\u0107a u Zagrebu u sklopu ovogodi\u0161njeg Kliofesta odr\u017eano je predstavljanje prvoga sveska zbornika Novi prilozi za povijest hrvatske socijaldemokracije urednika dr. sc. Matka Globa\u010dnika. Zbornik su predstavili recenzenti s Filozofskog fakulteta Sveu\u010dili\u0161ta u Zagrebu, dr. sc. Martin Previ\u0161i\u0107, red. prof.,\u2026","rel":"","context":"U &quot;Novosti&quot;","block_context":{"text":"Novosti","link":"https:\/\/historiografija.hr\/?cat=3"},"img":{"alt_text":"","src":"https:\/\/i0.wp.com\/historiografija.hr\/wp-content\/uploads\/2026\/05\/Kliofest-6_5_2026.jpg?fit=1030%2C633&ssl=1&resize=350%2C200","width":350,"height":200,"srcset":"https:\/\/i0.wp.com\/historiografija.hr\/wp-content\/uploads\/2026\/05\/Kliofest-6_5_2026.jpg?fit=1030%2C633&ssl=1&resize=350%2C200 1x, https:\/\/i0.wp.com\/historiografija.hr\/wp-content\/uploads\/2026\/05\/Kliofest-6_5_2026.jpg?fit=1030%2C633&ssl=1&resize=525%2C300 1.5x, https:\/\/i0.wp.com\/historiografija.hr\/wp-content\/uploads\/2026\/05\/Kliofest-6_5_2026.jpg?fit=1030%2C633&ssl=1&resize=700%2C400 2x"},"classes":[]},{"id":54813,"url":"https:\/\/historiografija.hr\/?p=54813","url_meta":{"origin":31507,"position":5},"title":"Objavljen 9. broj \u010dasopisa \u201ePodplje\u0161ivi\u010dki grani\u010dari\u201c za 2025. godinu","author":"Branimir Jankovi\u0107","date":"27. srpnja 2026.","format":false,"excerpt":"Objavljen je 9. broj \u010dasopisa \u201ePodplje\u0161ivi\u010dki grani\u010dari\u201c u kojemu se objavljuju znanstveni i stru\u010dni prilozi iz podru\u010dja povijesne znanosti. Ve\u0107ina radova su radovi autora koji su sudjelovali na znanstveno-stru\u010dnom skupu \u201cOp\u0107ina Saborsko i okolica u pro\u0161losti i sada\u0161njosti\u201d koji je odr\u017ean u Saborskom 17. svibnja 2025. Kad bi se gledalo\u2026","rel":"","context":"U &quot;\u010casopisi&quot;","block_context":{"text":"\u010casopisi","link":"https:\/\/historiografija.hr\/?cat=21"},"img":{"alt_text":"","src":"https:\/\/i0.wp.com\/historiografija.hr\/wp-content\/uploads\/2026\/07\/Podpljesivicki-granicari-scaled.jpg?fit=844%2C1200&ssl=1&resize=350%2C200","width":350,"height":200,"srcset":"https:\/\/i0.wp.com\/historiografija.hr\/wp-content\/uploads\/2026\/07\/Podpljesivicki-granicari-scaled.jpg?fit=844%2C1200&ssl=1&resize=350%2C200 1x, https:\/\/i0.wp.com\/historiografija.hr\/wp-content\/uploads\/2026\/07\/Podpljesivicki-granicari-scaled.jpg?fit=844%2C1200&ssl=1&resize=525%2C300 1.5x, https:\/\/i0.wp.com\/historiografija.hr\/wp-content\/uploads\/2026\/07\/Podpljesivicki-granicari-scaled.jpg?fit=844%2C1200&ssl=1&resize=700%2C400 2x"},"classes":[]}],"_links":{"self":[{"href":"https:\/\/historiografija.hr\/index.php?rest_route=\/wp\/v2\/posts\/31507","targetHints":{"allow":["GET"]}}],"collection":[{"href":"https:\/\/historiografija.hr\/index.php?rest_route=\/wp\/v2\/posts"}],"about":[{"href":"https:\/\/historiografija.hr\/index.php?rest_route=\/wp\/v2\/types\/post"}],"author":[{"embeddable":true,"href":"https:\/\/historiografija.hr\/index.php?rest_route=\/wp\/v2\/users\/2"}],"replies":[{"embeddable":true,"href":"https:\/\/historiografija.hr\/index.php?rest_route=%2Fwp%2Fv2%2Fcomments&post=31507"}],"version-history":[{"count":1,"href":"https:\/\/historiografija.hr\/index.php?rest_route=\/wp\/v2\/posts\/31507\/revisions"}],"predecessor-version":[{"id":31508,"href":"https:\/\/historiografija.hr\/index.php?rest_route=\/wp\/v2\/posts\/31507\/revisions\/31508"}],"wp:featuredmedia":[{"embeddable":true,"href":"https:\/\/historiografija.hr\/index.php?rest_route=\/wp\/v2\/media\/28920"}],"wp:attachment":[{"href":"https:\/\/historiografija.hr\/index.php?rest_route=%2Fwp%2Fv2%2Fmedia&parent=31507"}],"wp:term":[{"taxonomy":"category","embeddable":true,"href":"https:\/\/historiografija.hr\/index.php?rest_route=%2Fwp%2Fv2%2Fcategories&post=31507"},{"taxonomy":"post_tag","embeddable":true,"href":"https:\/\/historiografija.hr\/index.php?rest_route=%2Fwp%2Fv2%2Ftags&post=31507"}],"curies":[{"name":"wp","href":"https:\/\/api.w.org\/{rel}","templated":true}]}}