{"id":31465,"date":"2022-05-23T17:32:44","date_gmt":"2022-05-23T17:32:44","guid":{"rendered":"http:\/\/historiografija.hr\/?p=31465"},"modified":"2022-05-23T17:32:44","modified_gmt":"2022-05-23T17:32:44","slug":"antifasisticke-topografije-zagreba-revizionisticke-prakse-radionica-i-akcija","status":"publish","type":"post","link":"https:\/\/historiografija.hr\/?p=31465","title":{"rendered":"Antifa\u0161isti\u010dke topografije Zagreba \u2013 revizionisti\u010dke prakse \/ Radionica i akcija"},"content":{"rendered":"\n<p>Radionica u sklopu projekta \u201eAntifa\u0161isti\u010dke topografije Zagreba \u2013 revizionisti\u010dke prakse\u201c odr\u017eat \u0107e se <strong>u srijedu, 25. svibnja 2022.<\/strong> s po\u010detkom u 18 sati u Ku\u0107i ljudskih prava u Zagrebu.<\/p>\n\n\n\n<p>Radionica \u0107e po <em>case study<\/em> pristupu tematizirati odabrane incijative za povratak \u2013 na valu institucionalnog revizionizma 1990-ih godina \u2013&nbsp; uklonjenih antifa\u0161isti\u010dkih spomen-obilje\u017eja.<\/p>\n\n\n\n<p>Sudjeluju: dr.sc. Liljana Radoni\u0107, dr.sc. Nata\u0161a Matau\u0161i\u0107, prof. dr. sc. Nevena \u0160krbi\u0107 Alempijevi\u0107, Tia Glavo\u010di\u0107, Davorka Peri\u0107 i Sa\u0161a \u0160impraga.<\/p>\n\n\n\n<p>Radionici \u0107e prethoditi umjetni\u010dka\/aktivisti\u010dka intervencija na jednoj od lokacija u Zagrebu gdje je nekad postojala spomen-plo\u010da.<\/p>\n\n\n\n<p>Autor projekta i programa je Sa\u0161a \u0160impraga, a voditeljica Tia Glavo\u010di\u0107.<\/p>\n\n\n\n<p>Temeljem natje\u010daja za javne potrebe u kulturi, projekt \u201eAntifa\u0161isti\u010dke topografije Zagreba \u2013 revizionisti\u010dke prakse\u201c podr\u017ean je od Grada Zagreba.\u00a0 Nositelj projekta je <em>Documenta<\/em> \u2013 Centar za suo\u010davanje s pro\u0161lo\u0161\u0107u.<\/p>\n\n\n\n<hr class=\"wp-block-separator\"\/>\n\n\n\n<p>Izvor:<\/p>\n\n\n\n<figure class=\"wp-block-embed-wordpress wp-block-embed is-type-wp-embed is-provider-documenta\"><div class=\"wp-block-embed__wrapper\">\n<blockquote class=\"wp-embedded-content\" data-secret=\"Wb2WgfdHEl\"><a href=\"https:\/\/documenta.hr\/novosti\/antifasisticke-topografije-zagreba-revizionisticke-prakse-radionica-i-akcija\/\">Antifa\u0161isti\u010dke topografije Zagreba \u2013 revizionisti\u010dke prakse\/ Radionica i akcija<\/a><\/blockquote><iframe loading=\"lazy\" class=\"wp-embedded-content\" sandbox=\"allow-scripts\" security=\"restricted\" style=\"position: absolute; clip: rect(1px, 1px, 1px, 1px);\" title=\"&#8220;Antifa\u0161isti\u010dke topografije Zagreba \u2013 revizionisti\u010dke prakse\/ Radionica i akcija&#8221; &#8212; Documenta\" src=\"https:\/\/documenta.hr\/novosti\/antifasisticke-topografije-zagreba-revizionisticke-prakse-radionica-i-akcija\/embed\/#?secret=Wb2WgfdHEl\" data-secret=\"Wb2WgfdHEl\" width=\"600\" height=\"338\" frameborder=\"0\" marginwidth=\"0\" marginheight=\"0\" scrolling=\"no\"><\/iframe>\n<\/div><\/figure>\n\n\n\n<hr class=\"wp-block-separator\"\/>\n","protected":false},"excerpt":{"rendered":"","protected":false},"author":2,"featured_media":31466,"comment_status":"open","ping_status":"open","sticky":false,"template":"","format":"standard","meta":{"_acf_changed":false,"jetpack_post_was_ever_published":false,"_jetpack_newsletter_access":"","_jetpack_dont_email_post_to_subs":false,"_jetpack_newsletter_tier_id":0,"_jetpack_memberships_contains_paywalled_content":false,"_jetpack_memberships_contains_paid_content":false,"footnotes":"","jetpack_publicize_message":"","jetpack_publicize_feature_enabled":true,"jetpack_social_post_already_shared":true,"jetpack_social_options":{"image_generator_settings":{"template":"highway","default_image_id":0,"font":"","enabled":false},"version":2}},"categories":[3,9],"tags":[],"class_list":["post-31465","post","type-post","status-publish","format-standard","has-post-thumbnail","hentry","category-novosti","category-skupovi"],"acf":{"facebook_opis":""},"jetpack_publicize_connections":[],"jetpack_featured_media_url":"https:\/\/i0.wp.com\/historiografija.hr\/wp-content\/uploads\/2022\/05\/ploca_final.jpg?fit=937%2C675&ssl=1","jetpack_sharing_enabled":true,"jetpack-related-posts":[],"_links":{"self":[{"href":"https:\/\/historiografija.hr\/index.php?rest_route=\/wp\/v2\/posts\/31465","targetHints":{"allow":["GET"]}}],"collection":[{"href":"https:\/\/historiografija.hr\/index.php?rest_route=\/wp\/v2\/posts"}],"about":[{"href":"https:\/\/historiografija.hr\/index.php?rest_route=\/wp\/v2\/types\/post"}],"author":[{"embeddable":true,"href":"https:\/\/historiografija.hr\/index.php?rest_route=\/wp\/v2\/users\/2"}],"replies":[{"embeddable":true,"href":"https:\/\/historiografija.hr\/index.php?rest_route=%2Fwp%2Fv2%2Fcomments&post=31465"}],"version-history":[{"count":1,"href":"https:\/\/historiografija.hr\/index.php?rest_route=\/wp\/v2\/posts\/31465\/revisions"}],"predecessor-version":[{"id":31467,"href":"https:\/\/historiografija.hr\/index.php?rest_route=\/wp\/v2\/posts\/31465\/revisions\/31467"}],"wp:featuredmedia":[{"embeddable":true,"href":"https:\/\/historiografija.hr\/index.php?rest_route=\/wp\/v2\/media\/31466"}],"wp:attachment":[{"href":"https:\/\/historiografija.hr\/index.php?rest_route=%2Fwp%2Fv2%2Fmedia&parent=31465"}],"wp:term":[{"taxonomy":"category","embeddable":true,"href":"https:\/\/historiografija.hr\/index.php?rest_route=%2Fwp%2Fv2%2Fcategories&post=31465"},{"taxonomy":"post_tag","embeddable":true,"href":"https:\/\/historiografija.hr\/index.php?rest_route=%2Fwp%2Fv2%2Ftags&post=31465"}],"curies":[{"name":"wp","href":"https:\/\/api.w.org\/{rel}","templated":true}]}}