{"id":31452,"date":"2022-05-20T21:50:34","date_gmt":"2022-05-20T21:50:34","guid":{"rendered":"http:\/\/historiografija.hr\/?p=31452"},"modified":"2022-05-20T21:51:22","modified_gmt":"2022-05-20T21:51:22","slug":"erich-ka%cc%88stner-plava-knjiga","status":"publish","type":"post","link":"https:\/\/historiografija.hr\/?p=31452","title":{"rendered":"Erich Ka\u0308stner, \u201cPlava knjiga\u201d"},"content":{"rendered":"\n<p>Plava knjiga Ericha K\u00e4stnera sakuplja gotovo sve tekstove\u00a0koje je autor napisao tijekom Drugog svjetskog rata. Budu\u0107i\u00a0da se K\u00e4stner ve\u0107 1941. godine na\u0161ao na popisu njema\u010dkih\u00a0pisaca kojima je rad zabranjen, literarnu je djelatnost tijekom rata morao prikrivati. Rje\u0161enje je bilo ingeniozno\u00a0jednostavno: pisao je u bilje\u017enice sakrivene u knjigu plavih\u00a0korica koju je dr\u017eao skrivenu na o\u010ditom mjestu: me\u0111u tisu\u0107ama svezaka ku\u0107ne biblioteke. Najistaknutije mjesto\u00a0me\u0111u ovim tajnim ratnim zapisima zauzimaju dnevni\u010dke\u00a0bilje\u0161ke. Premda je u nekoliko prilika nakon dolaska nacionalsocijalista na vlast K\u00e4stner boravio u inostranstvu te, kao\u00a0ve\u0107 tada renomiran pisac, imao priliku ostati u emigraciji,\u00a0on se opetovano vra\u0107ao u Berlin u kojem je proveo ve\u0107i dio\u00a0rata. K\u00e4stner je naime, unato\u010d osobnom riziku, htio neposredno svjedo\u010diti povijesnim doga\u0111anjima kao svojevrstan\u00a0kroni\u010dar; tako\u0111er, te je materijale htio iskoristiti kao predlo\u017eak za velik roman koji nikad nije uspio napisati. Plava\u00a0knjiga, me\u0111utim, donosi i fragmente tog literarnog projekta,\u00a0svjedo\u010de\u0107i o njegovom razvoju i dezintegraciji. Plava knjiga\u00a0tako sadr\u017ei ne samo nelagodno blizak pogled na Njema\u010dku\u00a0pod nacionalsocijalisti\u010dkom diktaturom nego i za hrvatsku\u00a0publiku posve svje\u017e pogled na literarni rad autora Emila i\u00a0detektiva, Ton\u010deka i To\u010dkice te Lete\u0107eg razreda.<\/p>\n\n\n\n<hr class=\"wp-block-separator\"\/>\n\n\n\n<p>Prijevod: Patricija Horvat<\/p>\n\n\n\n<p>Uredni\u0161tvo: Adrian Pelc<\/p>\n\n\n\n<p>Grafi\u010dko oblikovanje: Zrinka Horvat<\/p>\n\n\n\n<p>Broj stranica: 328<\/p>\n\n\n\n<p>Godina izdanja: 2021.<\/p>\n\n\n\n<hr class=\"wp-block-separator\"\/>\n\n\n\n<p>Izvor:<\/p>\n\n\n\n<figure class=\"wp-block-embed-wordpress wp-block-embed is-type-wp-embed is-provider-mala-zvona\"><div class=\"wp-block-embed__wrapper\">\n<blockquote class=\"wp-embedded-content\" data-secret=\"e08yNwlbYM\"><a href=\"https:\/\/www.mala-zvona.hr\/product\/plava-knjiga\/\">Plava knjiga<\/a><\/blockquote><iframe loading=\"lazy\" class=\"wp-embedded-content\" sandbox=\"allow-scripts\" security=\"restricted\" style=\"position: absolute; clip: rect(1px, 1px, 1px, 1px);\" title=\"&#8220;Plava knjiga&#8221; &#8212; Mala Zvona\" src=\"https:\/\/www.mala-zvona.hr\/product\/plava-knjiga\/embed\/#?secret=R3VxG1GsPb#?secret=e08yNwlbYM\" data-secret=\"e08yNwlbYM\" width=\"600\" height=\"338\" frameborder=\"0\" marginwidth=\"0\" marginheight=\"0\" scrolling=\"no\"><\/iframe>\n<\/div><\/figure>\n\n\n\n<hr class=\"wp-block-separator\"\/>\n","protected":false},"excerpt":{"rendered":"","protected":false},"author":2,"featured_media":31453,"comment_status":"open","ping_status":"open","sticky":false,"template":"","format":"standard","meta":{"_acf_changed":false,"jetpack_post_was_ever_published":false,"_jetpack_newsletter_access":"","_jetpack_dont_email_post_to_subs":false,"_jetpack_newsletter_tier_id":0,"_jetpack_memberships_contains_paywalled_content":false,"_jetpack_memberships_contains_paid_content":false,"footnotes":"","jetpack_publicize_message":"","jetpack_publicize_feature_enabled":true,"jetpack_social_post_already_shared":true,"jetpack_social_options":{"image_generator_settings":{"template":"highway","default_image_id":0,"font":"","enabled":false},"version":2}},"categories":[8,3,12],"tags":[],"class_list":["post-31452","post","type-post","status-publish","format-standard","has-post-thumbnail","hentry","category-knjige","category-novosti","category-knjizevnost"],"acf":{"facebook_opis":""},"jetpack_publicize_connections":[],"jetpack_featured_media_url":"https:\/\/i0.wp.com\/historiografija.hr\/wp-content\/uploads\/2022\/05\/Plava-knjiga.png?fit=568%2C850&ssl=1","jetpack_sharing_enabled":true,"jetpack-related-posts":[],"_links":{"self":[{"href":"https:\/\/historiografija.hr\/index.php?rest_route=\/wp\/v2\/posts\/31452","targetHints":{"allow":["GET"]}}],"collection":[{"href":"https:\/\/historiografija.hr\/index.php?rest_route=\/wp\/v2\/posts"}],"about":[{"href":"https:\/\/historiografija.hr\/index.php?rest_route=\/wp\/v2\/types\/post"}],"author":[{"embeddable":true,"href":"https:\/\/historiografija.hr\/index.php?rest_route=\/wp\/v2\/users\/2"}],"replies":[{"embeddable":true,"href":"https:\/\/historiografija.hr\/index.php?rest_route=%2Fwp%2Fv2%2Fcomments&post=31452"}],"version-history":[{"count":2,"href":"https:\/\/historiografija.hr\/index.php?rest_route=\/wp\/v2\/posts\/31452\/revisions"}],"predecessor-version":[{"id":31455,"href":"https:\/\/historiografija.hr\/index.php?rest_route=\/wp\/v2\/posts\/31452\/revisions\/31455"}],"wp:featuredmedia":[{"embeddable":true,"href":"https:\/\/historiografija.hr\/index.php?rest_route=\/wp\/v2\/media\/31453"}],"wp:attachment":[{"href":"https:\/\/historiografija.hr\/index.php?rest_route=%2Fwp%2Fv2%2Fmedia&parent=31452"}],"wp:term":[{"taxonomy":"category","embeddable":true,"href":"https:\/\/historiografija.hr\/index.php?rest_route=%2Fwp%2Fv2%2Fcategories&post=31452"},{"taxonomy":"post_tag","embeddable":true,"href":"https:\/\/historiografija.hr\/index.php?rest_route=%2Fwp%2Fv2%2Ftags&post=31452"}],"curies":[{"name":"wp","href":"https:\/\/api.w.org\/{rel}","templated":true}]}}